{"id":10854,"date":"2021-06-30T23:07:01","date_gmt":"2021-07-01T02:07:01","guid":{"rendered":"https:\/\/diariotribuna.com.br\/?p=10854"},"modified":"2021-06-30T23:07:02","modified_gmt":"2021-07-01T02:07:02","slug":"anvisa-libera-2-milhoes-de-doses-da-janssen-que-estavam-com-pendencias","status":"publish","type":"post","link":"https:\/\/diariotribuna.com.br\/?p=10854","title":{"rendered":"Anvisa libera 2 milh\u00f5es de doses da Janssen que estavam com pend\u00eancias"},"content":{"rendered":"\n<p><strong>Vacinas foram doadas pelos Estados Unidos<\/strong><\/p>\n\n\n\n<figure class=\"wp-block-image size-large is-resized is-style-default\"><img loading=\"lazy\" decoding=\"async\" src=\"https:\/\/diariotribuna.com.br\/wp-content\/uploads\/2021\/06\/de2c40ee-ba79-4e9a-a6bf-29bc44a1d823.jpg\" alt=\"\" class=\"wp-image-10855\" width=\"559\" height=\"334\" srcset=\"https:\/\/diariotribuna.com.br\/wp-content\/uploads\/2021\/06\/de2c40ee-ba79-4e9a-a6bf-29bc44a1d823.jpg 700w, https:\/\/diariotribuna.com.br\/wp-content\/uploads\/2021\/06\/de2c40ee-ba79-4e9a-a6bf-29bc44a1d823-300x179.jpg 300w, https:\/\/diariotribuna.com.br\/wp-content\/uploads\/2021\/06\/de2c40ee-ba79-4e9a-a6bf-29bc44a1d823-696x416.jpg 696w\" sizes=\"(max-width: 559px) 100vw, 559px\" \/><\/figure>\n\n\n\n<p>A Ag\u00eancia Nacional de Vigil\u00e2ncia Sanit\u00e1ria (Anvisa) informou, nesta quarta-feira (30), que foi liberada uma carga de 2 milh\u00f5es de doses de vacinas da Janssen que estavam com pend\u00eancia de documenta\u00e7\u00e3o oriunda do Minist\u00e9rio da Sa\u00fade.<\/p>\n\n\n\n<p>Em nota, a ag\u00eancia afirmou que as vacinas foram doadas pelos Estados Unidos e chegaram na semana passada ao Aeroporto Internacional de Viracopos, em Campinas, e foram desembarcadas no mesmo dia pelo \u00f3rg\u00e3o. No entanto, ficou pendente a apresenta\u00e7\u00e3o de informa\u00e7\u00f5es complementares sobre a distribui\u00e7\u00e3o dos imunizantes.<\/p>\n\n\n\n<p>\u201cA Anvisa esclarece que tem atuado com agilidade e contribu\u00eddo para a r\u00e1pida disponibiliza\u00e7\u00e3o de vacinas \u00e0 sociedade brasileira. No \u00e2mbito do enfrentamento da pandemia de covid-19, todos os pedidos de licen\u00e7a de importa\u00e7\u00e3o de medicamentos e de vacinas s\u00e3o analisados com a m\u00e1xima urg\u00eancia e absoluta prioridade pela ag\u00eancia\u201d, declarou a ag\u00eancia. (Ag\u00eancia Brasil)<\/p>\n","protected":false},"excerpt":{"rendered":"<p>Vacinas foram doadas pelos Estados Unidos A Ag\u00eancia Nacional de Vigil\u00e2ncia Sanit\u00e1ria (Anvisa) informou, nesta quarta-feira (30), que foi liberada uma carga de 2 milh\u00f5es de doses de vacinas da Janssen que estavam com pend\u00eancia de documenta\u00e7\u00e3o oriunda do Minist\u00e9rio da Sa\u00fade. Em nota, a ag\u00eancia afirmou que as vacinas foram doadas pelos Estados Unidos [&hellip;]<\/p>\n","protected":false},"author":1,"featured_media":10855,"comment_status":"open","ping_status":"open","sticky":false,"template":"","format":"standard","meta":{"rop_custom_images_group":[],"rop_custom_messages_group":[],"rop_publish_now":"initial","rop_publish_now_accounts":[],"rop_publish_now_history":[],"rop_publish_now_status":"pending","footnotes":""},"categories":[192],"tags":[858,84,3339],"class_list":["post-10854","post","type-post","status-publish","format-standard","has-post-thumbnail","hentry","category-covid19","tag-anvisa","tag-covid-19","tag-vacina-janssen"],"_links":{"self":[{"href":"https:\/\/diariotribuna.com.br\/index.php?rest_route=\/wp\/v2\/posts\/10854"}],"collection":[{"href":"https:\/\/diariotribuna.com.br\/index.php?rest_route=\/wp\/v2\/posts"}],"about":[{"href":"https:\/\/diariotribuna.com.br\/index.php?rest_route=\/wp\/v2\/types\/post"}],"author":[{"embeddable":true,"href":"https:\/\/diariotribuna.com.br\/index.php?rest_route=\/wp\/v2\/users\/1"}],"replies":[{"embeddable":true,"href":"https:\/\/diariotribuna.com.br\/index.php?rest_route=%2Fwp%2Fv2%2Fcomments&post=10854"}],"version-history":[{"count":1,"href":"https:\/\/diariotribuna.com.br\/index.php?rest_route=\/wp\/v2\/posts\/10854\/revisions"}],"predecessor-version":[{"id":10856,"href":"https:\/\/diariotribuna.com.br\/index.php?rest_route=\/wp\/v2\/posts\/10854\/revisions\/10856"}],"wp:featuredmedia":[{"embeddable":true,"href":"https:\/\/diariotribuna.com.br\/index.php?rest_route=\/wp\/v2\/media\/10855"}],"wp:attachment":[{"href":"https:\/\/diariotribuna.com.br\/index.php?rest_route=%2Fwp%2Fv2%2Fmedia&parent=10854"}],"wp:term":[{"taxonomy":"category","embeddable":true,"href":"https:\/\/diariotribuna.com.br\/index.php?rest_route=%2Fwp%2Fv2%2Fcategories&post=10854"},{"taxonomy":"post_tag","embeddable":true,"href":"https:\/\/diariotribuna.com.br\/index.php?rest_route=%2Fwp%2Fv2%2Ftags&post=10854"}],"curies":[{"name":"wp","href":"https:\/\/api.w.org\/{rel}","templated":true}]}}