{"id":10861,"date":"2021-07-01T10:59:51","date_gmt":"2021-07-01T13:59:51","guid":{"rendered":"https:\/\/diariotribuna.com.br\/?p=10861"},"modified":"2021-07-01T15:58:05","modified_gmt":"2021-07-01T18:58:05","slug":"secretaria-de-justica-e-seguranca-publica-recebe-membro-do-conselho-nacional-de-politica-criminal-e-penitenciaria","status":"publish","type":"post","link":"https:\/\/diariotribuna.com.br\/?p=10861","title":{"rendered":"Secretaria de Justi\u00e7a e Seguran\u00e7a P\u00fablica recebe membro do Conselho Nacional de Pol\u00edtica Criminal e Penitenci\u00e1ria"},"content":{"rendered":"\n<figure class=\"wp-block-image size-large is-resized is-style-default\"><img loading=\"lazy\" decoding=\"async\" src=\"https:\/\/diariotribuna.com.br\/wp-content\/uploads\/2021\/07\/6ef0f5ba-d558-40bb-879d-f81a350515e6.jpg\" alt=\"\" class=\"wp-image-10862\" width=\"581\" height=\"355\" srcset=\"https:\/\/diariotribuna.com.br\/wp-content\/uploads\/2021\/07\/6ef0f5ba-d558-40bb-879d-f81a350515e6.jpg 700w, https:\/\/diariotribuna.com.br\/wp-content\/uploads\/2021\/07\/6ef0f5ba-d558-40bb-879d-f81a350515e6-300x183.jpg 300w, https:\/\/diariotribuna.com.br\/wp-content\/uploads\/2021\/07\/6ef0f5ba-d558-40bb-879d-f81a350515e6-696x426.jpg 696w, https:\/\/diariotribuna.com.br\/wp-content\/uploads\/2021\/07\/6ef0f5ba-d558-40bb-879d-f81a350515e6-687x420.jpg 687w\" sizes=\"(max-width: 581px) 100vw, 581px\" \/><\/figure>\n\n\n\n<p>O Secret\u00e1rio adjunto de Justi\u00e7a e Seguran\u00e7a P\u00fablica de Minas Gerais (SEJUSP), dr. Jeferson Botelho, se reuniu na tarde desta ter\u00e7a-feira (29\/06), de forma semipresencial, com o conselheiro do Conselho Nacional de Pol\u00edtica Criminal e Penitenci\u00e1ria, dr. Pery Francisco Assis Shikida, com participa\u00e7\u00e3o tamb\u00e9m de servidores da SEJUSP, como o Diretor-Geral do Departamento Penitenci\u00e1rio, Rodrigo Machado, da assessora chefe, Rhayssa Cristina \u00c1vila Couto, do assessor de Gest\u00e3o de Parceria P\u00fablico Privada, Dilmo Andrade e dos assessores Afonso Rodrigues, Camila Chagas e Sabrina Machado. Foi um momento importante para avalia\u00e7\u00e3o do sistema prisional e troca de experi\u00eancias.<\/p>\n\n\n\n<p>Dr. Jeferson destaca que o Conselho &#8211; \u00f3rg\u00e3o de execu\u00e7\u00e3o penal, conforme artigo 61, I, da LEP, constitui o primeiro dos \u00f3rg\u00e3os da execu\u00e7\u00e3o penal. Ao longo de sua hist\u00f3ria, tem oferecido relevantes subs\u00eddios \u00e0 implementa\u00e7\u00e3o de pol\u00edticas de Estado no \u00e2mbito criminal e penitenci\u00e1rio, mediante informa\u00e7\u00f5es, an\u00e1lises e delibera\u00e7\u00f5es para aperfei\u00e7oamento das pol\u00edticas p\u00fablicas.<\/p>\n\n\n\n<p>\u201cPreconiza-se para esse \u00d3rg\u00e3o a implementa\u00e7\u00e3o, em todo o territ\u00f3rio nacional, de uma nova pol\u00edtica criminal e principalmente penitenci\u00e1ria a partir de peri\u00f3dicas avalia\u00e7\u00f5es do sistema criminal, criminol\u00f3gico e penitenci\u00e1rio, bem como a execu\u00e7\u00e3o de planos nacionais de desenvolvimento quanto \u00e0s metas e prioridades da pol\u00edtica a ser executada\u201d, disse Botelho.<\/p>\n\n\n\n<p>O Conselho Nacional de Pol\u00edtica Criminal e Penitenci\u00e1ria ser\u00e1 integrado por 13 membros designados atrav\u00e9s de ato do Minist\u00e9rio da Justi\u00e7a, dentre professores e profissionais da \u00e1rea do Direito Penal, Processual Penal, Penitenci\u00e1rio e ci\u00eancias correlatas, bem como por representantes da comunidade e dos Minist\u00e9rios da \u00e1rea social.<\/p>\n\n\n\n<figure class=\"wp-block-image size-large is-resized is-style-default\"><img loading=\"lazy\" decoding=\"async\" src=\"https:\/\/diariotribuna.com.br\/wp-content\/uploads\/2021\/07\/3c906a23-03f7-41e5-b0cc-3219255c4a16.jpg\" alt=\"\" class=\"wp-image-10864\" width=\"598\" height=\"318\" srcset=\"https:\/\/diariotribuna.com.br\/wp-content\/uploads\/2021\/07\/3c906a23-03f7-41e5-b0cc-3219255c4a16.jpg 700w, https:\/\/diariotribuna.com.br\/wp-content\/uploads\/2021\/07\/3c906a23-03f7-41e5-b0cc-3219255c4a16-300x159.jpg 300w, https:\/\/diariotribuna.com.br\/wp-content\/uploads\/2021\/07\/3c906a23-03f7-41e5-b0cc-3219255c4a16-696x370.jpg 696w\" sizes=\"(max-width: 598px) 100vw, 598px\" \/><\/figure>\n\n\n\n<p><strong>Ao Conselho Nacional de Pol\u00edtica Criminal e Penitenci\u00e1ria, no exerc\u00edcio de suas atividades, em \u00e2mbito federal ou estadual, incumbe:<\/strong><\/p>\n\n\n\n<p>I &#8211; propor diretrizes da pol\u00edtica criminal quanto \u00e0 preven\u00e7\u00e3o do delito, administra\u00e7\u00e3o da Justi\u00e7a Criminal e execu\u00e7\u00e3o das penas e das medidas de seguran\u00e7a;<\/p>\n\n\n\n<p>II &#8211; contribuir na elabora\u00e7\u00e3o de planos nacionais de desenvolvimento, sugerindo as metas e prioridades da pol\u00edtica criminal e penitenci\u00e1ria;<\/p>\n\n\n\n<p>III &#8211; promover a avalia\u00e7\u00e3o peri\u00f3dica do sistema criminal para a sua adequa\u00e7\u00e3o \u00e0s necessidades do Pa\u00eds;<\/p>\n\n\n\n<p>IV &#8211; estimular e promover a pesquisa criminol\u00f3gica;<\/p>\n\n\n\n<p>V &#8211; elaborar programa nacional penitenci\u00e1rio de forma\u00e7\u00e3o e aperfei\u00e7oamento do servidor;<\/p>\n\n\n\n<p>VI &#8211; estabelecer regras sobre a arquitetura e constru\u00e7\u00e3o de estabelecimentos penais e casas de albergados;<\/p>\n\n\n\n<p>VII &#8211; estabelecer os crit\u00e9rios para a elabora\u00e7\u00e3o da estat\u00edstica criminal;<\/p>\n\n\n\n<p>VIII &#8211; inspecionar e fiscalizar os estabelecimentos penais, bem assim informar-se, mediante relat\u00f3rios do Conselho Penitenci\u00e1rio, requisi\u00e7\u00f5es, visitas ou outros meios, acerca do desenvolvimento da execu\u00e7\u00e3o penal nos Estados, Territ\u00f3rios e Distrito Federal, propondo \u00e0s autoridades dela incumbida as medidas necess\u00e1rias ao seu aprimoramento;<\/p>\n\n\n\n<p>IX &#8211; representar ao Juiz da execu\u00e7\u00e3o ou \u00e0 autoridade administrativa para instaura\u00e7\u00e3o de sindic\u00e2ncia ou procedimento administrativo, em caso de viola\u00e7\u00e3o das normas referentes \u00e0 execu\u00e7\u00e3o penal, al\u00e9m de outras atribui\u00e7\u00f5es. (Dr. Jeferson Botelho \u2013 SEJUSP\/MG).<\/p>\n","protected":false},"excerpt":{"rendered":"<p>O Secret\u00e1rio adjunto de Justi\u00e7a e Seguran\u00e7a P\u00fablica de Minas Gerais (SEJUSP), dr. Jeferson Botelho, se reuniu na tarde desta ter\u00e7a-feira (29\/06), de forma semipresencial, com o conselheiro do Conselho Nacional de Pol\u00edtica Criminal e Penitenci\u00e1ria, dr. Pery Francisco Assis Shikida, com participa\u00e7\u00e3o tamb\u00e9m de servidores da SEJUSP, como o Diretor-Geral do Departamento Penitenci\u00e1rio, Rodrigo [&hellip;]<\/p>\n","protected":false},"author":1,"featured_media":10862,"comment_status":"open","ping_status":"open","sticky":false,"template":"","format":"standard","meta":{"rop_custom_images_group":[],"rop_custom_messages_group":[],"rop_publish_now":"initial","rop_publish_now_accounts":[],"rop_publish_now_history":[],"rop_publish_now_status":"pending","footnotes":""},"categories":[19],"tags":[3341,1749,2628],"class_list":["post-10861","post","type-post","status-publish","format-standard","has-post-thumbnail","hentry","category-gerais","tag-conselho-nacional-de-politica-criminal-e-penitenciaria","tag-jeferson-botelho-pereira","tag-sejusp-mg"],"_links":{"self":[{"href":"https:\/\/diariotribuna.com.br\/index.php?rest_route=\/wp\/v2\/posts\/10861"}],"collection":[{"href":"https:\/\/diariotribuna.com.br\/index.php?rest_route=\/wp\/v2\/posts"}],"about":[{"href":"https:\/\/diariotribuna.com.br\/index.php?rest_route=\/wp\/v2\/types\/post"}],"author":[{"embeddable":true,"href":"https:\/\/diariotribuna.com.br\/index.php?rest_route=\/wp\/v2\/users\/1"}],"replies":[{"embeddable":true,"href":"https:\/\/diariotribuna.com.br\/index.php?rest_route=%2Fwp%2Fv2%2Fcomments&post=10861"}],"version-history":[{"count":2,"href":"https:\/\/diariotribuna.com.br\/index.php?rest_route=\/wp\/v2\/posts\/10861\/revisions"}],"predecessor-version":[{"id":10866,"href":"https:\/\/diariotribuna.com.br\/index.php?rest_route=\/wp\/v2\/posts\/10861\/revisions\/10866"}],"wp:featuredmedia":[{"embeddable":true,"href":"https:\/\/diariotribuna.com.br\/index.php?rest_route=\/wp\/v2\/media\/10862"}],"wp:attachment":[{"href":"https:\/\/diariotribuna.com.br\/index.php?rest_route=%2Fwp%2Fv2%2Fmedia&parent=10861"}],"wp:term":[{"taxonomy":"category","embeddable":true,"href":"https:\/\/diariotribuna.com.br\/index.php?rest_route=%2Fwp%2Fv2%2Fcategories&post=10861"},{"taxonomy":"post_tag","embeddable":true,"href":"https:\/\/diariotribuna.com.br\/index.php?rest_route=%2Fwp%2Fv2%2Ftags&post=10861"}],"curies":[{"name":"wp","href":"https:\/\/api.w.org\/{rel}","templated":true}]}}