{"id":10874,"date":"2021-07-02T11:12:35","date_gmt":"2021-07-02T14:12:35","guid":{"rendered":"https:\/\/diariotribuna.com.br\/?p=10874"},"modified":"2021-07-02T11:18:45","modified_gmt":"2021-07-02T14:18:45","slug":"duas-ciganas-sao-mortas-a-tiros-em-almenara-parentes-sao-suspeitos-de-envolvimento-nos-crimes","status":"publish","type":"post","link":"https:\/\/diariotribuna.com.br\/?p=10874","title":{"rendered":"Duas ciganas s\u00e3o mortas a tiros em Almenara; parentes s\u00e3o suspeitos de envolvimento nos crimes"},"content":{"rendered":"\n<figure class=\"wp-block-image size-large is-resized is-style-default\"><img loading=\"lazy\" decoding=\"async\" src=\"https:\/\/diariotribuna.com.br\/wp-content\/uploads\/2021\/07\/597fd599-8a8c-44bc-8d43-b39daf6507c3.jpg\" alt=\"\" class=\"wp-image-10875\" width=\"561\" height=\"383\" srcset=\"https:\/\/diariotribuna.com.br\/wp-content\/uploads\/2021\/07\/597fd599-8a8c-44bc-8d43-b39daf6507c3.jpg 700w, https:\/\/diariotribuna.com.br\/wp-content\/uploads\/2021\/07\/597fd599-8a8c-44bc-8d43-b39daf6507c3-300x204.jpg 300w, https:\/\/diariotribuna.com.br\/wp-content\/uploads\/2021\/07\/597fd599-8a8c-44bc-8d43-b39daf6507c3-218x150.jpg 218w, https:\/\/diariotribuna.com.br\/wp-content\/uploads\/2021\/07\/597fd599-8a8c-44bc-8d43-b39daf6507c3-696x474.jpg 696w, https:\/\/diariotribuna.com.br\/wp-content\/uploads\/2021\/07\/597fd599-8a8c-44bc-8d43-b39daf6507c3-616x420.jpg 616w\" sizes=\"(max-width: 561px) 100vw, 561px\" \/><figcaption><strong>Daniela de Oliveira Silva, 23 anos, e Silenir Silva Alves, 40 anos,<\/strong><br><strong>mortas a tiros em Almenara<\/strong><\/figcaption><\/figure>\n\n\n\n<p>Os crimes ocorreram na quarta-feira (30\/06), na cidade de Almenara, no Vale do Jequitinhonha. A Pol\u00edcia Civil recebeu den\u00fancia informando que tr\u00eas ciganos, A.S.A., de 50 anos, E.S.A., 23 anos (filho de uma v\u00edtima), e J.S.A., 30 anos, s\u00e3o suspeitos de envolvimento nas mortes de Silenir Silva Alves, 40 anos, e Daniela de Oliveira Silva, de 23 anos, e que os corpos possivelmente estaria em um matagal, n\u00e3o informando local preciso.<\/p>\n\n\n\n<p>Uma equipe da Pol\u00edcia Civil foi at\u00e9 a suposta resid\u00eancia de Silenir, e um filho dela disse que ela n\u00e3o estava, que possivelmente estaria na casa de parentes. Os policiais seguiram com as dilig\u00eancias para averiguar a poss\u00edvel veracidade da den\u00fancia, instantes depois chegou outra liga\u00e7\u00e3o na delegacia, do denunciante pedindo para fazer contato com a delegada, que passou a manter contato com ele.<\/p>\n\n\n\n<p>O denunciante informou o nome do poss\u00edvel mandante, J.S., 59 anos, e dos poss\u00edveis executores, citados acima, e outra pessoa que estava como motorista. O denunciante disse nomes de dois que teriam matado Silenir, e dois que teriam matado Daniela. E um dos pr\u00f3prios executores foi quem teria dito para familiares do denunciante informando que havia matado as duas, informando local onde estavam os corpos, em uma mata a 40 km da cidade de Almenara, sentido Pedra Azul. Informou ainda o n\u00famero do celular supostamente usado pelos executores do crime.<\/p>\n\n\n\n<p>A Pol\u00edcia Civil fez dilig\u00eancias, e os corpos de Silenir e Daniela foram encontrados em uma fazenda na zona rural de Pedra Azul. Ap\u00f3s os trabalhos da per\u00edcia t\u00e9cnica no local, os corpos foram encaminhados ao IML de Te\u00f3filo Otoni, onde foram necropsiados. Foi constatado que Silenir estava com perfura\u00e7\u00f5es no seio e nas costas. Daniela tinha perfura\u00e7\u00f5es no seio, bra\u00e7os, pesco\u00e7o, queixo, boca, clav\u00edcula, nuca e no pesco\u00e7o. A per\u00edcia recolheu no local, 05 estojos calibre 38, 01 muni\u00e7\u00e3o calibre 38, 08 estojos calibre 380, 01 proj\u00e9til e 01 n\u00facleo de proj\u00e9til, deformado.<\/p>\n\n\n\n<p>Dentro das vestes de Daniela havia um celular que tamb\u00e9m foi recolhido. Os policiais foram para a delegacia e l\u00e1 estava J.A.S., de 38 anos, detido pelo crime de porte de arma de fogo. Ele \u00e9 irm\u00e3o de Silenir, e confirmou as informa\u00e7\u00f5es prestadas pelo seu sobrinho e denunciante. Disse que os homic\u00eddios ocorreram supostamente porque eles queriam manter Silenir em c\u00e1rcere privado, por ela querer ir embora para casa dos seus familiares, mas eles n\u00e3o concordaram. E que tiveram conhecimento de conversas sobre uma suposta foto \u00edntima de Silenir que teria vazado. A Pol\u00edcia Civil investiga o crime. (Fotos: Divulga\u00e7\u00e3o)<\/p>\n","protected":false},"excerpt":{"rendered":"<p>Os crimes ocorreram na quarta-feira (30\/06), na cidade de Almenara, no Vale do Jequitinhonha. A Pol\u00edcia Civil recebeu den\u00fancia informando que tr\u00eas ciganos, A.S.A., de 50 anos, E.S.A., 23 anos (filho de uma v\u00edtima), e J.S.A., 30 anos, s\u00e3o suspeitos de envolvimento nas mortes de Silenir Silva Alves, 40 anos, e Daniela de Oliveira Silva, [&hellip;]<\/p>\n","protected":false},"author":1,"featured_media":10875,"comment_status":"open","ping_status":"open","sticky":false,"template":"","format":"standard","meta":{"rop_custom_images_group":[],"rop_custom_messages_group":[],"rop_publish_now":"initial","rop_publish_now_accounts":[],"rop_publish_now_history":[],"rop_publish_now_status":"pending","footnotes":""},"categories":[25,20],"tags":[110,3346,3344,292,3345],"class_list":["post-10874","post","type-post","status-publish","format-standard","has-post-thumbnail","hentry","category-destaque","category-policia","tag-almenara","tag-homicidios","tag-morte-de-duas-ciganas","tag-policia-civil","tag-silenir-e-daniela"],"_links":{"self":[{"href":"https:\/\/diariotribuna.com.br\/index.php?rest_route=\/wp\/v2\/posts\/10874"}],"collection":[{"href":"https:\/\/diariotribuna.com.br\/index.php?rest_route=\/wp\/v2\/posts"}],"about":[{"href":"https:\/\/diariotribuna.com.br\/index.php?rest_route=\/wp\/v2\/types\/post"}],"author":[{"embeddable":true,"href":"https:\/\/diariotribuna.com.br\/index.php?rest_route=\/wp\/v2\/users\/1"}],"replies":[{"embeddable":true,"href":"https:\/\/diariotribuna.com.br\/index.php?rest_route=%2Fwp%2Fv2%2Fcomments&post=10874"}],"version-history":[{"count":4,"href":"https:\/\/diariotribuna.com.br\/index.php?rest_route=\/wp\/v2\/posts\/10874\/revisions"}],"predecessor-version":[{"id":10880,"href":"https:\/\/diariotribuna.com.br\/index.php?rest_route=\/wp\/v2\/posts\/10874\/revisions\/10880"}],"wp:featuredmedia":[{"embeddable":true,"href":"https:\/\/diariotribuna.com.br\/index.php?rest_route=\/wp\/v2\/media\/10875"}],"wp:attachment":[{"href":"https:\/\/diariotribuna.com.br\/index.php?rest_route=%2Fwp%2Fv2%2Fmedia&parent=10874"}],"wp:term":[{"taxonomy":"category","embeddable":true,"href":"https:\/\/diariotribuna.com.br\/index.php?rest_route=%2Fwp%2Fv2%2Fcategories&post=10874"},{"taxonomy":"post_tag","embeddable":true,"href":"https:\/\/diariotribuna.com.br\/index.php?rest_route=%2Fwp%2Fv2%2Ftags&post=10874"}],"curies":[{"name":"wp","href":"https:\/\/api.w.org\/{rel}","templated":true}]}}