{"id":10881,"date":"2021-07-02T14:07:30","date_gmt":"2021-07-02T17:07:30","guid":{"rendered":"https:\/\/diariotribuna.com.br\/?p=10881"},"modified":"2021-07-02T14:07:31","modified_gmt":"2021-07-02T17:07:31","slug":"tres-homens-trocam-tiros-em-via-publica-ficam-feridos-e-sao-presos-pela-pm","status":"publish","type":"post","link":"https:\/\/diariotribuna.com.br\/?p=10881","title":{"rendered":"Tr\u00eas homens trocam tiros em via p\u00fablica, ficam feridos e s\u00e3o presos pela PM"},"content":{"rendered":"\n<figure class=\"wp-block-image size-large is-resized is-style-default\"><img loading=\"lazy\" decoding=\"async\" src=\"https:\/\/diariotribuna.com.br\/wp-content\/uploads\/2021\/07\/ba384b0a-150c-444f-acb4-4842df1f7fee.jpg\" alt=\"\" class=\"wp-image-10882\" width=\"476\" height=\"294\" srcset=\"https:\/\/diariotribuna.com.br\/wp-content\/uploads\/2021\/07\/ba384b0a-150c-444f-acb4-4842df1f7fee.jpg 700w, https:\/\/diariotribuna.com.br\/wp-content\/uploads\/2021\/07\/ba384b0a-150c-444f-acb4-4842df1f7fee-300x186.jpg 300w, https:\/\/diariotribuna.com.br\/wp-content\/uploads\/2021\/07\/ba384b0a-150c-444f-acb4-4842df1f7fee-356x220.jpg 356w, https:\/\/diariotribuna.com.br\/wp-content\/uploads\/2021\/07\/ba384b0a-150c-444f-acb4-4842df1f7fee-696x431.jpg 696w, https:\/\/diariotribuna.com.br\/wp-content\/uploads\/2021\/07\/ba384b0a-150c-444f-acb4-4842df1f7fee-679x420.jpg 679w\" sizes=\"(max-width: 476px) 100vw, 476px\" \/><\/figure>\n\n\n\n<p><strong>Jequitinhonha &#8211;<\/strong> A Pol\u00edcia Militar prendeu tr\u00eas homens de 21, 25 e 28 anos, na noite de quinta-feira (24\/06), na cidade de Jequitinhonha, por envolvimento em uma troca de tiros em via p\u00fablica, no Bairro S\u00e3o Jos\u00e9. Segundo a Pol\u00edcia Militar, dois autores foram at\u00e9 a casa de um desafeto e tentaram mat\u00e1-lo, mas tiveram suas pretens\u00f5es frustradas, porque o desafeto tamb\u00e9m estava armado e atirou contra eles, ficando os tr\u00eas feridos.<\/p>\n\n\n\n<p>Durante patrulhamento pela cidade, a PM recebeu informa\u00e7\u00f5es da troca de tiros, e foi ao local, onde deparou com um dos envolvidos ca\u00eddo no ch\u00e3o baleado e sentindo dores. Os militares acionaram o SAMU, e ele foi socorrido e encaminhado ao Hospital S\u00e3o Miguel. No local, os policiais foram informados que havia mais um baleado, que teria trocado tiros com dois indiv\u00edduos.<\/p>\n\n\n\n<p>Na sequ\u00eancia do atendimento da ocorr\u00eancia, quando os militares estavam no hospital, outro indiv\u00edduo chegou baleado pedindo socorro. Os pr\u00f3prios envolvidos passaram suas vers\u00f5es \u00e0 Pol\u00edcia Militar. Dois ficaram internados no Hospital S\u00e3o Miguel, e um que foi atingido na coxa esquerda, depois de receber atendimento m\u00e9dico foi conduzido \u00e0 delegacia de Pol\u00edcia Civil de Almenara.<\/p>\n\n\n\n<p>Segundo a PM, autor e co-autor assumiram o crime, disseram que foram \u00e0 casa da v\u00edtima alegando que estariam cobrando uma d\u00edvida de drogas. A v\u00edtima tamb\u00e9m recebeu voz de pris\u00e3o. Na carteira de um dos envolvidos a PM apreendeu a quantia de R$ 553,00. Onde ele estava foram apreendidos um cord\u00e3o e 3 c\u00e1psulas deflagradas calibre 380. Equipe: tenente Luciano, sargento Lemos, cabos Tavares, Deilson e Leandro. (Informa\u00e7\u00f5es\/Foto: PMMG).<\/p>\n","protected":false},"excerpt":{"rendered":"<p>Jequitinhonha &#8211; A Pol\u00edcia Militar prendeu tr\u00eas homens de 21, 25 e 28 anos, na noite de quinta-feira (24\/06), na cidade de Jequitinhonha, por envolvimento em uma troca de tiros em via p\u00fablica, no Bairro S\u00e3o Jos\u00e9. Segundo a Pol\u00edcia Militar, dois autores foram at\u00e9 a casa de um desafeto e tentaram mat\u00e1-lo, mas tiveram [&hellip;]<\/p>\n","protected":false},"author":1,"featured_media":10882,"comment_status":"open","ping_status":"open","sticky":false,"template":"","format":"standard","meta":{"rop_custom_images_group":[],"rop_custom_messages_group":[],"rop_publish_now":"initial","rop_publish_now_accounts":[],"rop_publish_now_history":[],"rop_publish_now_status":"pending","footnotes":""},"categories":[20],"tags":[3349,297,76,1416,3347],"class_list":["post-10881","post","type-post","status-publish","format-standard","has-post-thumbnail","hentry","category-policia","tag-feridos","tag-jequitinhonha","tag-policia-militar","tag-presos","tag-troca-de-tiros"],"_links":{"self":[{"href":"https:\/\/diariotribuna.com.br\/index.php?rest_route=\/wp\/v2\/posts\/10881"}],"collection":[{"href":"https:\/\/diariotribuna.com.br\/index.php?rest_route=\/wp\/v2\/posts"}],"about":[{"href":"https:\/\/diariotribuna.com.br\/index.php?rest_route=\/wp\/v2\/types\/post"}],"author":[{"embeddable":true,"href":"https:\/\/diariotribuna.com.br\/index.php?rest_route=\/wp\/v2\/users\/1"}],"replies":[{"embeddable":true,"href":"https:\/\/diariotribuna.com.br\/index.php?rest_route=%2Fwp%2Fv2%2Fcomments&post=10881"}],"version-history":[{"count":1,"href":"https:\/\/diariotribuna.com.br\/index.php?rest_route=\/wp\/v2\/posts\/10881\/revisions"}],"predecessor-version":[{"id":10883,"href":"https:\/\/diariotribuna.com.br\/index.php?rest_route=\/wp\/v2\/posts\/10881\/revisions\/10883"}],"wp:featuredmedia":[{"embeddable":true,"href":"https:\/\/diariotribuna.com.br\/index.php?rest_route=\/wp\/v2\/media\/10882"}],"wp:attachment":[{"href":"https:\/\/diariotribuna.com.br\/index.php?rest_route=%2Fwp%2Fv2%2Fmedia&parent=10881"}],"wp:term":[{"taxonomy":"category","embeddable":true,"href":"https:\/\/diariotribuna.com.br\/index.php?rest_route=%2Fwp%2Fv2%2Fcategories&post=10881"},{"taxonomy":"post_tag","embeddable":true,"href":"https:\/\/diariotribuna.com.br\/index.php?rest_route=%2Fwp%2Fv2%2Ftags&post=10881"}],"curies":[{"name":"wp","href":"https:\/\/api.w.org\/{rel}","templated":true}]}}