{"id":10884,"date":"2021-07-03T00:29:34","date_gmt":"2021-07-03T03:29:34","guid":{"rendered":"https:\/\/diariotribuna.com.br\/?p=10884"},"modified":"2021-07-04T00:03:21","modified_gmt":"2021-07-04T03:03:21","slug":"teofilo-otoni-incendio-a-veiculo-na-praca-tiradentes","status":"publish","type":"post","link":"https:\/\/diariotribuna.com.br\/?p=10884","title":{"rendered":"Te\u00f3filo Otoni: Inc\u00eandio a ve\u00edculo na Pra\u00e7a Tiradentes"},"content":{"rendered":"\n<figure class=\"wp-block-gallery columns-2 is-cropped wp-block-gallery-1 is-layout-flex wp-block-gallery-is-layout-flex\"><ul class=\"blocks-gallery-grid\"><li class=\"blocks-gallery-item\"><figure><img loading=\"lazy\" decoding=\"async\" width=\"1024\" height=\"780\" src=\"https:\/\/diariotribuna.com.br\/wp-content\/uploads\/2021\/07\/2844986a-700a-4b75-b207-572d4f6cc95d-1024x780.jpg\" alt=\"\" data-id=\"10885\" data-full-url=\"https:\/\/diariotribuna.com.br\/wp-content\/uploads\/2021\/07\/2844986a-700a-4b75-b207-572d4f6cc95d.jpg\" data-link=\"https:\/\/diariotribuna.com.br\/?attachment_id=10885\" class=\"wp-image-10885\" srcset=\"https:\/\/diariotribuna.com.br\/wp-content\/uploads\/2021\/07\/2844986a-700a-4b75-b207-572d4f6cc95d-1024x780.jpg 1024w, https:\/\/diariotribuna.com.br\/wp-content\/uploads\/2021\/07\/2844986a-700a-4b75-b207-572d4f6cc95d-300x229.jpg 300w, https:\/\/diariotribuna.com.br\/wp-content\/uploads\/2021\/07\/2844986a-700a-4b75-b207-572d4f6cc95d-768x585.jpg 768w, https:\/\/diariotribuna.com.br\/wp-content\/uploads\/2021\/07\/2844986a-700a-4b75-b207-572d4f6cc95d-80x60.jpg 80w, https:\/\/diariotribuna.com.br\/wp-content\/uploads\/2021\/07\/2844986a-700a-4b75-b207-572d4f6cc95d-696x530.jpg 696w, https:\/\/diariotribuna.com.br\/wp-content\/uploads\/2021\/07\/2844986a-700a-4b75-b207-572d4f6cc95d-1068x814.jpg 1068w, https:\/\/diariotribuna.com.br\/wp-content\/uploads\/2021\/07\/2844986a-700a-4b75-b207-572d4f6cc95d-551x420.jpg 551w, https:\/\/diariotribuna.com.br\/wp-content\/uploads\/2021\/07\/2844986a-700a-4b75-b207-572d4f6cc95d.jpg 1075w\" sizes=\"(max-width: 1024px) 100vw, 1024px\" \/><\/figure><\/li><li class=\"blocks-gallery-item\"><figure><img loading=\"lazy\" decoding=\"async\" width=\"700\" height=\"620\" src=\"https:\/\/diariotribuna.com.br\/wp-content\/uploads\/2021\/07\/1.jpg\" alt=\"\" data-id=\"10886\" data-full-url=\"https:\/\/diariotribuna.com.br\/wp-content\/uploads\/2021\/07\/1.jpg\" data-link=\"https:\/\/diariotribuna.com.br\/?attachment_id=10886\" class=\"wp-image-10886\" srcset=\"https:\/\/diariotribuna.com.br\/wp-content\/uploads\/2021\/07\/1.jpg 700w, https:\/\/diariotribuna.com.br\/wp-content\/uploads\/2021\/07\/1-300x266.jpg 300w, https:\/\/diariotribuna.com.br\/wp-content\/uploads\/2021\/07\/1-696x616.jpg 696w, https:\/\/diariotribuna.com.br\/wp-content\/uploads\/2021\/07\/1-474x420.jpg 474w\" sizes=\"(max-width: 700px) 100vw, 700px\" \/><\/figure><\/li><\/ul><\/figure>\n\n\n\n<p>O Corpo de Bombeiros foi acionado a comparecer \u00e0 Pra\u00e7a Tiradentes, centro de Te\u00f3filo Otoni, nesta sexta-feira (02\/07), para atender uma ocorr\u00eancia de inc\u00eandio a ve\u00edculo. A motorista do Fiat Uno disse que vinha da Rua Epaminondas Otoni, e ao fazer a convers\u00e3o \u00e0 esquerda em frente \u00e0 ag\u00eancia dos Correios, percebeu chamas saindo do motor.<\/p>\n\n\n\n<p>Ela disse que saiu do carro junto com seu filho de 7 anos e seu esposo, e um motorista, desceu do carro com um extintor e come\u00e7ou a ajudar, mas n\u00e3o foi suficiente para conter as chamas que se alastraram.<\/p>\n\n\n\n<p>A equipe do Corpo de Bombeiros chegou com o caminh\u00e3o auto bomba e imediatamente iniciou os trabalhos para debelar as chamas, mas o ve\u00edculo j\u00e1 estava quase todo incendiado. Felizmente todos os ocupantes do carro nada sofreram. (Fotos: Divulga\u00e7\u00e3o\/Redes sociais).<\/p>\n","protected":false},"excerpt":{"rendered":"<p>O Corpo de Bombeiros foi acionado a comparecer \u00e0 Pra\u00e7a Tiradentes, centro de Te\u00f3filo Otoni, nesta sexta-feira (02\/07), para atender uma ocorr\u00eancia de inc\u00eandio a ve\u00edculo. A motorista do Fiat Uno disse que vinha da Rua Epaminondas Otoni, e ao fazer a convers\u00e3o \u00e0 esquerda em frente \u00e0 ag\u00eancia dos Correios, percebeu chamas saindo do [&hellip;]<\/p>\n","protected":false},"author":1,"featured_media":10886,"comment_status":"open","ping_status":"open","sticky":false,"template":"","format":"standard","meta":{"rop_custom_images_group":[],"rop_custom_messages_group":[],"rop_publish_now":"initial","rop_publish_now_accounts":[],"rop_publish_now_history":[],"rop_publish_now_status":"pending","footnotes":""},"categories":[19],"tags":[382,3350,2298,75],"class_list":["post-10884","post","type-post","status-publish","format-standard","has-post-thumbnail","hentry","category-gerais","tag-corpo-de-bombeiros","tag-incendio-a-veiculo","tag-praca-tiradentes","tag-teofilo-otoni"],"_links":{"self":[{"href":"https:\/\/diariotribuna.com.br\/index.php?rest_route=\/wp\/v2\/posts\/10884"}],"collection":[{"href":"https:\/\/diariotribuna.com.br\/index.php?rest_route=\/wp\/v2\/posts"}],"about":[{"href":"https:\/\/diariotribuna.com.br\/index.php?rest_route=\/wp\/v2\/types\/post"}],"author":[{"embeddable":true,"href":"https:\/\/diariotribuna.com.br\/index.php?rest_route=\/wp\/v2\/users\/1"}],"replies":[{"embeddable":true,"href":"https:\/\/diariotribuna.com.br\/index.php?rest_route=%2Fwp%2Fv2%2Fcomments&post=10884"}],"version-history":[{"count":2,"href":"https:\/\/diariotribuna.com.br\/index.php?rest_route=\/wp\/v2\/posts\/10884\/revisions"}],"predecessor-version":[{"id":10890,"href":"https:\/\/diariotribuna.com.br\/index.php?rest_route=\/wp\/v2\/posts\/10884\/revisions\/10890"}],"wp:featuredmedia":[{"embeddable":true,"href":"https:\/\/diariotribuna.com.br\/index.php?rest_route=\/wp\/v2\/media\/10886"}],"wp:attachment":[{"href":"https:\/\/diariotribuna.com.br\/index.php?rest_route=%2Fwp%2Fv2%2Fmedia&parent=10884"}],"wp:term":[{"taxonomy":"category","embeddable":true,"href":"https:\/\/diariotribuna.com.br\/index.php?rest_route=%2Fwp%2Fv2%2Fcategories&post=10884"},{"taxonomy":"post_tag","embeddable":true,"href":"https:\/\/diariotribuna.com.br\/index.php?rest_route=%2Fwp%2Fv2%2Ftags&post=10884"}],"curies":[{"name":"wp","href":"https:\/\/api.w.org\/{rel}","templated":true}]}}