{"id":1299,"date":"2020-07-08T15:55:42","date_gmt":"2020-07-08T18:55:42","guid":{"rendered":"https:\/\/diariotribuna.com.br\/?p=1299"},"modified":"2020-07-08T15:55:43","modified_gmt":"2020-07-08T18:55:43","slug":"igreja-metodista-realiza-o-comboio-da-oracao-em-teofilo-otoni","status":"publish","type":"post","link":"https:\/\/diariotribuna.com.br\/?p=1299","title":{"rendered":"Igreja Metodista realiza o Comboio da Ora\u00e7\u00e3o em Te\u00f3filo Otoni"},"content":{"rendered":"\n<figure class=\"wp-block-gallery columns-3 is-cropped wp-block-gallery-1 is-layout-flex wp-block-gallery-is-layout-flex\"><ul class=\"blocks-gallery-grid\"><li class=\"blocks-gallery-item\"><figure><img loading=\"lazy\" decoding=\"async\" width=\"700\" height=\"933\" src=\"https:\/\/diariotribuna.com.br\/wp-content\/uploads\/2020\/07\/2-5.jpg\" alt=\"\" data-id=\"1300\" data-full-url=\"https:\/\/diariotribuna.com.br\/wp-content\/uploads\/2020\/07\/2-5.jpg\" data-link=\"https:\/\/diariotribuna.com.br\/?attachment_id=1300\" class=\"wp-image-1300\" srcset=\"https:\/\/diariotribuna.com.br\/wp-content\/uploads\/2020\/07\/2-5.jpg 700w, https:\/\/diariotribuna.com.br\/wp-content\/uploads\/2020\/07\/2-5-225x300.jpg 225w, https:\/\/diariotribuna.com.br\/wp-content\/uploads\/2020\/07\/2-5-696x928.jpg 696w, https:\/\/diariotribuna.com.br\/wp-content\/uploads\/2020\/07\/2-5-315x420.jpg 315w\" sizes=\"(max-width: 700px) 100vw, 700px\" \/><\/figure><\/li><li class=\"blocks-gallery-item\"><figure><img loading=\"lazy\" decoding=\"async\" width=\"700\" height=\"933\" src=\"https:\/\/diariotribuna.com.br\/wp-content\/uploads\/2020\/07\/6-3.jpg\" alt=\"\" data-id=\"1304\" data-full-url=\"https:\/\/diariotribuna.com.br\/wp-content\/uploads\/2020\/07\/6-3.jpg\" data-link=\"https:\/\/diariotribuna.com.br\/?attachment_id=1304\" class=\"wp-image-1304\" srcset=\"https:\/\/diariotribuna.com.br\/wp-content\/uploads\/2020\/07\/6-3.jpg 700w, https:\/\/diariotribuna.com.br\/wp-content\/uploads\/2020\/07\/6-3-225x300.jpg 225w, https:\/\/diariotribuna.com.br\/wp-content\/uploads\/2020\/07\/6-3-696x928.jpg 696w, https:\/\/diariotribuna.com.br\/wp-content\/uploads\/2020\/07\/6-3-315x420.jpg 315w\" sizes=\"(max-width: 700px) 100vw, 700px\" \/><\/figure><\/li><li class=\"blocks-gallery-item\"><figure><img loading=\"lazy\" decoding=\"async\" width=\"700\" height=\"933\" src=\"https:\/\/diariotribuna.com.br\/wp-content\/uploads\/2020\/07\/3-10.jpg\" alt=\"\" data-id=\"1301\" data-full-url=\"https:\/\/diariotribuna.com.br\/wp-content\/uploads\/2020\/07\/3-10.jpg\" data-link=\"https:\/\/diariotribuna.com.br\/?attachment_id=1301\" class=\"wp-image-1301\" srcset=\"https:\/\/diariotribuna.com.br\/wp-content\/uploads\/2020\/07\/3-10.jpg 700w, https:\/\/diariotribuna.com.br\/wp-content\/uploads\/2020\/07\/3-10-225x300.jpg 225w, https:\/\/diariotribuna.com.br\/wp-content\/uploads\/2020\/07\/3-10-696x928.jpg 696w, https:\/\/diariotribuna.com.br\/wp-content\/uploads\/2020\/07\/3-10-315x420.jpg 315w\" sizes=\"(max-width: 700px) 100vw, 700px\" \/><\/figure><\/li><li class=\"blocks-gallery-item\"><figure><img loading=\"lazy\" decoding=\"async\" width=\"700\" height=\"933\" src=\"https:\/\/diariotribuna.com.br\/wp-content\/uploads\/2020\/07\/5-5.jpg\" alt=\"\" data-id=\"1303\" data-full-url=\"https:\/\/diariotribuna.com.br\/wp-content\/uploads\/2020\/07\/5-5.jpg\" data-link=\"https:\/\/diariotribuna.com.br\/?attachment_id=1303\" class=\"wp-image-1303\" srcset=\"https:\/\/diariotribuna.com.br\/wp-content\/uploads\/2020\/07\/5-5.jpg 700w, https:\/\/diariotribuna.com.br\/wp-content\/uploads\/2020\/07\/5-5-225x300.jpg 225w, https:\/\/diariotribuna.com.br\/wp-content\/uploads\/2020\/07\/5-5-696x928.jpg 696w, https:\/\/diariotribuna.com.br\/wp-content\/uploads\/2020\/07\/5-5-315x420.jpg 315w\" sizes=\"(max-width: 700px) 100vw, 700px\" \/><\/figure><\/li><li class=\"blocks-gallery-item\"><figure><img loading=\"lazy\" decoding=\"async\" width=\"700\" height=\"933\" src=\"https:\/\/diariotribuna.com.br\/wp-content\/uploads\/2020\/07\/4-5.jpg\" alt=\"\" data-id=\"1302\" data-full-url=\"https:\/\/diariotribuna.com.br\/wp-content\/uploads\/2020\/07\/4-5.jpg\" data-link=\"https:\/\/diariotribuna.com.br\/?attachment_id=1302\" class=\"wp-image-1302\" srcset=\"https:\/\/diariotribuna.com.br\/wp-content\/uploads\/2020\/07\/4-5.jpg 700w, https:\/\/diariotribuna.com.br\/wp-content\/uploads\/2020\/07\/4-5-225x300.jpg 225w, https:\/\/diariotribuna.com.br\/wp-content\/uploads\/2020\/07\/4-5-696x928.jpg 696w, https:\/\/diariotribuna.com.br\/wp-content\/uploads\/2020\/07\/4-5-315x420.jpg 315w\" sizes=\"(max-width: 700px) 100vw, 700px\" \/><\/figure><\/li><li class=\"blocks-gallery-item\"><figure><img loading=\"lazy\" decoding=\"async\" width=\"700\" height=\"933\" src=\"https:\/\/diariotribuna.com.br\/wp-content\/uploads\/2020\/07\/7-1.jpg\" alt=\"\" data-id=\"1305\" data-full-url=\"https:\/\/diariotribuna.com.br\/wp-content\/uploads\/2020\/07\/7-1.jpg\" data-link=\"https:\/\/diariotribuna.com.br\/?attachment_id=1305\" class=\"wp-image-1305\" srcset=\"https:\/\/diariotribuna.com.br\/wp-content\/uploads\/2020\/07\/7-1.jpg 700w, https:\/\/diariotribuna.com.br\/wp-content\/uploads\/2020\/07\/7-1-225x300.jpg 225w, https:\/\/diariotribuna.com.br\/wp-content\/uploads\/2020\/07\/7-1-696x928.jpg 696w, https:\/\/diariotribuna.com.br\/wp-content\/uploads\/2020\/07\/7-1-315x420.jpg 315w\" sizes=\"(max-width: 700px) 100vw, 700px\" \/><\/figure><\/li><\/ul><\/figure>\n\n\n\n<p>A Igreja Metodista de Te\u00f3filo Otoni realizou na noite de quarta-feira (01\/07), o Comboio de Ora\u00e7\u00e3o, louvando e orando pelas pessoas acometidas pela Covid-19 e pelos profissionais da sa\u00fade que est\u00e3o na linha de frente no enfrentamento ao coronav\u00edrus. O pastor Jorge Alexandre, sua fam\u00edlia e os irm\u00e3os da igreja circularam de carro ao redor de hospitais, passaram em algumas ruas da cidade, orando pelos bairros.<\/p>\n\n\n\n<p>O Projeto teve in\u00edcio em Rondon\u00f3polis, quando um irm\u00e3o da igreja foi testado positivo para a Covid-19, os membros da igreja passaram a circular ao redor do hospital em comboio fazendo ora\u00e7\u00f5es, por isso nasceu o Projeto Comboio de Ora\u00e7\u00e3o, que est\u00e1 sendo realizado tamb\u00e9m em Te\u00f3filo Otoni.<\/p>\n\n\n\n<p>\u201cO nosso comboio de ora\u00e7\u00e3o da Igreja Metodista de Te\u00f3filo Otoni, foi realizado em uma noite agrad\u00e1vel e aben\u00e7oada. Com muita f\u00e9 e esperan\u00e7a sa\u00edmos com 7 carros e 16 pessoas que passaram pelas ruas da nossa cidade onde moram os idosos da igreja, em hospitais e no com\u00e9rcio, finalizamos na Prefeitura e na C\u00e2mara dos Vereadores, levando palavras de vida, sa\u00fade e paz. Somos gratos a Deus por essa oportunidade, porque para mim tenho por certo que os sofrimentos do tempo presente n\u00e3o podem ser comparados com a gl\u00f3ria a ser revelada em n\u00f3s. Rm 8:18\u201d. Pr. Jorge Alexandre Fernandes Duarte.<\/p>\n\n\n\n<p>\u201cPastor Jorge, eu quero muito agradecer pela carreata bonita que voc\u00eas fizeram, e mais ainda por vir na minha porta. Eu n\u00e3o tenho palavras para agradecer. Senti uma emo\u00e7\u00e3o muito grande, voc\u00eas t\u00eam muita aten\u00e7\u00e3o com os irm\u00e3os da igreja, as irm\u00e3s j\u00e1 me mandaram mensagens que gostaram de me ver ao menos de longe. Todos querem se encontrar, mas Deus est\u00e1 no controle de tudo. S\u00f3 tenho a agradecer, que o senhor \u00e9 um pastor e uma b\u00ean\u00e7\u00e3o na nossa igreja. Mesmo que eu tenha passado por outras igrejas nunca tive assist\u00eancia de um pastor como o senhor, que cuida bem mesmo das suas ovelhas. Todo mundo que o senhor sabe que est\u00e1 com problema, que est\u00e1 doente, o senhor aparece com as suas ora\u00e7\u00f5es. Que Jesus d\u00ea ao senhor e sua fam\u00edlia muita sa\u00fade e felicidade\u201d. Testemunho de uma irm\u00e3 idosa da igreja que foi alcan\u00e7ada pelo Comboio de Ora\u00e7\u00e3o.<\/p>\n\n\n\n<p><strong>Igreja Metodista de Te\u00f3filo Otoni &#8211;<\/strong> Rua Dr. Ot\u00e1vio Otoni, 245 \u2013 Centro \u2013 Te\u00f3filo Otoni (Perto do Corpo de Bombeiros)<strong><\/strong><\/p>\n","protected":false},"excerpt":{"rendered":"<p>A Igreja Metodista de Te\u00f3filo Otoni realizou na noite de quarta-feira (01\/07), o Comboio de Ora\u00e7\u00e3o, louvando e orando pelas pessoas acometidas pela Covid-19 e pelos profissionais da sa\u00fade que est\u00e3o na linha de frente no enfrentamento ao coronav\u00edrus. O pastor Jorge Alexandre, sua fam\u00edlia e os irm\u00e3os da igreja circularam de carro ao redor [&hellip;]<\/p>\n","protected":false},"author":1,"featured_media":1304,"comment_status":"open","ping_status":"open","sticky":false,"template":"","format":"standard","meta":{"rop_custom_images_group":[],"rop_custom_messages_group":[],"rop_publish_now":"initial","rop_publish_now_accounts":[],"rop_publish_now_history":[],"rop_publish_now_status":"pending","footnotes":""},"categories":[17],"tags":[313,431,312,75],"class_list":["post-1299","post","type-post","status-publish","format-standard","has-post-thumbnail","hentry","category-teofilootoni","tag-comboio","tag-igreja","tag-metodista","tag-teofilo-otoni"],"_links":{"self":[{"href":"https:\/\/diariotribuna.com.br\/index.php?rest_route=\/wp\/v2\/posts\/1299"}],"collection":[{"href":"https:\/\/diariotribuna.com.br\/index.php?rest_route=\/wp\/v2\/posts"}],"about":[{"href":"https:\/\/diariotribuna.com.br\/index.php?rest_route=\/wp\/v2\/types\/post"}],"author":[{"embeddable":true,"href":"https:\/\/diariotribuna.com.br\/index.php?rest_route=\/wp\/v2\/users\/1"}],"replies":[{"embeddable":true,"href":"https:\/\/diariotribuna.com.br\/index.php?rest_route=%2Fwp%2Fv2%2Fcomments&post=1299"}],"version-history":[{"count":1,"href":"https:\/\/diariotribuna.com.br\/index.php?rest_route=\/wp\/v2\/posts\/1299\/revisions"}],"predecessor-version":[{"id":1306,"href":"https:\/\/diariotribuna.com.br\/index.php?rest_route=\/wp\/v2\/posts\/1299\/revisions\/1306"}],"wp:featuredmedia":[{"embeddable":true,"href":"https:\/\/diariotribuna.com.br\/index.php?rest_route=\/wp\/v2\/media\/1304"}],"wp:attachment":[{"href":"https:\/\/diariotribuna.com.br\/index.php?rest_route=%2Fwp%2Fv2%2Fmedia&parent=1299"}],"wp:term":[{"taxonomy":"category","embeddable":true,"href":"https:\/\/diariotribuna.com.br\/index.php?rest_route=%2Fwp%2Fv2%2Fcategories&post=1299"},{"taxonomy":"post_tag","embeddable":true,"href":"https:\/\/diariotribuna.com.br\/index.php?rest_route=%2Fwp%2Fv2%2Ftags&post=1299"}],"curies":[{"name":"wp","href":"https:\/\/api.w.org\/{rel}","templated":true}]}}