{"id":1307,"date":"2020-07-08T16:07:16","date_gmt":"2020-07-08T19:07:16","guid":{"rendered":"https:\/\/diariotribuna.com.br\/?p=1307"},"modified":"2020-07-08T16:07:17","modified_gmt":"2020-07-08T19:07:17","slug":"live-da-banda-us-don-foi-realizada-com-sucesso-em-teofilo-otoni","status":"publish","type":"post","link":"https:\/\/diariotribuna.com.br\/?p=1307","title":{"rendered":"Live da Banda US Don foi realizada com sucesso em Te\u00f3filo Otoni"},"content":{"rendered":"\n<figure class=\"wp-block-image size-large is-resized\"><img loading=\"lazy\" decoding=\"async\" src=\"https:\/\/diariotribuna.com.br\/wp-content\/uploads\/2020\/07\/O-Di\u00e1rio-Tribuna-apoiou-o-evento-que-foi-sucesso-total-1.jpg\" alt=\"\" class=\"wp-image-1310\" width=\"464\" height=\"267\" srcset=\"https:\/\/diariotribuna.com.br\/wp-content\/uploads\/2020\/07\/O-Di\u00e1rio-Tribuna-apoiou-o-evento-que-foi-sucesso-total-1.jpg 700w, https:\/\/diariotribuna.com.br\/wp-content\/uploads\/2020\/07\/O-Di\u00e1rio-Tribuna-apoiou-o-evento-que-foi-sucesso-total-1-300x172.jpg 300w, https:\/\/diariotribuna.com.br\/wp-content\/uploads\/2020\/07\/O-Di\u00e1rio-Tribuna-apoiou-o-evento-que-foi-sucesso-total-1-696x400.jpg 696w\" sizes=\"(max-width: 464px) 100vw, 464px\" \/><figcaption><strong>O Di\u00e1rio Tribuna apoiou o evento que foi um sucesso<\/strong><\/figcaption><\/figure>\n\n\n\n<p>A Banda US Don realizou uma Live no domingo (28\/06) que foi sucesso total. Uma Live Solid\u00e1ria preparada com muito carinho, com o intuito de ajudar os profissionais: cozinheiras, gar\u00e7ons, barmans, entre outros, que nesse momento est\u00e3o muito afetados em fun\u00e7\u00e3o da pandemia do novo coronav\u00edrus. O repert\u00f3rio contou com m\u00fasicas que agradaram a todos os gostos, incluindo muito rock e tamb\u00e9m muito romantismo.<\/p>\n\n\n\n<p>&nbsp;O nome da banda, US Don, veio depois de incans\u00e1veis buscas. \u201cDon\u201d era um pronome de tratamento que um dos integrantes da banda (Leo Billy) sempre utilizava para se dirigir aos demais amigos. \u201cColou\u201d. \u201cDon\u201d, do latim dominus, em portugu\u00eas senhor, dono ou mestre, \u00e9 tamb\u00e9m a alcunha de \u201cDon Corleone\u201d, o saudoso \u201cPoderoso Chef\u00e3o\u201d, que apesar de \u201csinistro\u201d, tinha na fam\u00edlia a sua maior refer\u00eancia.<\/p>\n\n\n\n<p>A banda US Don \u00e9 formada por Lauro Bohler Jr. (baixo e vocal), Leonardo \u201cLeo Billy\u201d Mendes (guitarra), Lucas Andrade (voz) e Thiago Augusto (bateria e vocal). <\/p>\n\n\n\n<figure class=\"wp-block-image size-large is-resized\"><img loading=\"lazy\" decoding=\"async\" src=\"https:\/\/diariotribuna.com.br\/wp-content\/uploads\/2020\/07\/Edvaldo-Melo-Junior-Jun\u00e3o-produtor-e-apresentador-da-Live-US-Don.png\" alt=\"\" class=\"wp-image-1309\" width=\"384\" height=\"231\" srcset=\"https:\/\/diariotribuna.com.br\/wp-content\/uploads\/2020\/07\/Edvaldo-Melo-Junior-Jun\u00e3o-produtor-e-apresentador-da-Live-US-Don.png 489w, https:\/\/diariotribuna.com.br\/wp-content\/uploads\/2020\/07\/Edvaldo-Melo-Junior-Jun\u00e3o-produtor-e-apresentador-da-Live-US-Don-300x180.png 300w\" sizes=\"(max-width: 384px) 100vw, 384px\" \/><figcaption><strong>Edvaldo Melo Junior &#8211; Jun\u00e3o, produtor e <br>apresentador  da Live US Don<\/strong><\/figcaption><\/figure>\n\n\n\n<p>A Live foi produzida e apresentada por Edvaldo Melo Junior \u201cJun\u00e3o\u201d com todo estilo, toda pompa do Poderoso Chef\u00e3o. Foi uma Live diferente, muito profissional, com excelente apresenta\u00e7\u00e3o musical e um cen\u00e1rio encantador. Jun\u00e3o agradece a todos que doaram cestas b\u00e1sicas, contribuindo de alguma forma para os profissionais que est\u00e3o passando por dificuldades neste momento dif\u00edcil. Morgana Mota se encarregou da divulga\u00e7\u00e3o.<\/p>\n\n\n\n<p><strong>O Di\u00e1rio Tribuna apoiou o evento.<\/strong><\/p>\n","protected":false},"excerpt":{"rendered":"<p>A Banda US Don realizou uma Live no domingo (28\/06) que foi sucesso total. Uma Live Solid\u00e1ria preparada com muito carinho, com o intuito de ajudar os profissionais: cozinheiras, gar\u00e7ons, barmans, entre outros, que nesse momento est\u00e3o muito afetados em fun\u00e7\u00e3o da pandemia do novo coronav\u00edrus. O repert\u00f3rio contou com m\u00fasicas que agradaram a todos [&hellip;]<\/p>\n","protected":false},"author":1,"featured_media":1308,"comment_status":"open","ping_status":"open","sticky":false,"template":"","format":"standard","meta":{"rop_custom_images_group":[],"rop_custom_messages_group":[],"rop_publish_now":"initial","rop_publish_now_accounts":[],"rop_publish_now_history":[],"rop_publish_now_status":"pending","footnotes":""},"categories":[17],"tags":[35,75,218],"class_list":["post-1307","post","type-post","status-publish","format-standard","has-post-thumbnail","hentry","category-teofilootoni","tag-live","tag-teofilo-otoni","tag-us-don"],"_links":{"self":[{"href":"https:\/\/diariotribuna.com.br\/index.php?rest_route=\/wp\/v2\/posts\/1307"}],"collection":[{"href":"https:\/\/diariotribuna.com.br\/index.php?rest_route=\/wp\/v2\/posts"}],"about":[{"href":"https:\/\/diariotribuna.com.br\/index.php?rest_route=\/wp\/v2\/types\/post"}],"author":[{"embeddable":true,"href":"https:\/\/diariotribuna.com.br\/index.php?rest_route=\/wp\/v2\/users\/1"}],"replies":[{"embeddable":true,"href":"https:\/\/diariotribuna.com.br\/index.php?rest_route=%2Fwp%2Fv2%2Fcomments&post=1307"}],"version-history":[{"count":4,"href":"https:\/\/diariotribuna.com.br\/index.php?rest_route=\/wp\/v2\/posts\/1307\/revisions"}],"predecessor-version":[{"id":1314,"href":"https:\/\/diariotribuna.com.br\/index.php?rest_route=\/wp\/v2\/posts\/1307\/revisions\/1314"}],"wp:featuredmedia":[{"embeddable":true,"href":"https:\/\/diariotribuna.com.br\/index.php?rest_route=\/wp\/v2\/media\/1308"}],"wp:attachment":[{"href":"https:\/\/diariotribuna.com.br\/index.php?rest_route=%2Fwp%2Fv2%2Fmedia&parent=1307"}],"wp:term":[{"taxonomy":"category","embeddable":true,"href":"https:\/\/diariotribuna.com.br\/index.php?rest_route=%2Fwp%2Fv2%2Fcategories&post=1307"},{"taxonomy":"post_tag","embeddable":true,"href":"https:\/\/diariotribuna.com.br\/index.php?rest_route=%2Fwp%2Fv2%2Ftags&post=1307"}],"curies":[{"name":"wp","href":"https:\/\/api.w.org\/{rel}","templated":true}]}}