{"id":1315,"date":"2020-07-08T17:08:25","date_gmt":"2020-07-08T20:08:25","guid":{"rendered":"https:\/\/diariotribuna.com.br\/?p=1315"},"modified":"2020-07-09T08:38:07","modified_gmt":"2020-07-09T11:38:07","slug":"operacao-leva-a-prisao-de-empresario-por-sonegacao-de-r-400-milhoes","status":"publish","type":"post","link":"https:\/\/diariotribuna.com.br\/?p=1315","title":{"rendered":"Opera\u00e7\u00e3o leva \u00e0 pris\u00e3o de empres\u00e1rio por sonega\u00e7\u00e3o de R$ 400 milh\u00f5es"},"content":{"rendered":"\n<p><em><em>For\u00e7a tarefa cumpriu mandados de pris\u00e3o e de busca e apreens\u00e3o na Regi\u00e3o Metropolitana e em S\u00e3o Paulo. O preso \u00e9 fundador da Ricardo Eletro<\/em><\/em><\/p>\n\n\n\n<figure class=\"wp-block-image size-large is-resized\"><img loading=\"lazy\" decoding=\"async\" src=\"https:\/\/diariotribuna.com.br\/wp-content\/uploads\/2020\/07\/ricardonunes-ricardoeletro.jpeg\" alt=\"\" class=\"wp-image-1316\" width=\"441\" height=\"414\" srcset=\"https:\/\/diariotribuna.com.br\/wp-content\/uploads\/2020\/07\/ricardonunes-ricardoeletro.jpeg 984w, https:\/\/diariotribuna.com.br\/wp-content\/uploads\/2020\/07\/ricardonunes-ricardoeletro-300x282.jpeg 300w, https:\/\/diariotribuna.com.br\/wp-content\/uploads\/2020\/07\/ricardonunes-ricardoeletro-768x722.jpeg 768w, https:\/\/diariotribuna.com.br\/wp-content\/uploads\/2020\/07\/ricardonunes-ricardoeletro-696x654.jpeg 696w, https:\/\/diariotribuna.com.br\/wp-content\/uploads\/2020\/07\/ricardonunes-ricardoeletro-447x420.jpeg 447w\" sizes=\"(max-width: 441px) 100vw, 441px\" \/><figcaption>Ricardo Nunes, fundador da Ricardo Eletro, de m\u00e1scara preta, em delegacia de S\u00e3o Paulo logo ap\u00f3s ser preso. \u2014 Foto: Divulga\u00e7\u00e3o<\/figcaption><\/figure>\n\n\n\n<p>A&nbsp;<a rel=\"noreferrer noopener\" href=\"http:\/\/www.policiacivil.mg.gov.br\/\" target=\"_blank\">Pol\u00edcia Civil de Minas Gerais (PCMG)<\/a>, o Minist\u00e9rio P\u00fablico do Estado e a&nbsp;<a rel=\"noreferrer noopener\" href=\"http:\/\/www.fazenda.mg.gov.br\/\" target=\"_blank\">Secretaria de Estado de Fazenda (SEF)<\/a>&nbsp;realizaram, na quarta-feira (08\/07), a opera\u00e7\u00e3o Direto com o Dono. A for\u00e7a tarefa teve como objetivo o cumprimento de tr\u00eas mandados de pris\u00e3o tempor\u00e1ria e 14 de busca e apreens\u00e3o nos munic\u00edpios de Belo Horizonte, Contagem, Nova Lima, S\u00e3o Paulo e Santo Andr\u00e9. Os alvos da opera\u00e7\u00e3o s\u00e3o empres\u00e1rios de uma das maiores redes varejistas do ramo de eletrodom\u00e9sticos e eletroeletr\u00f4nicos do pa\u00eds Ricardo Eletro \u2013 Ricardo Nunes e Laura Nunes foram presos em S\u00e3o Paulo e Belo Horizonte e diretor Pedro Daniel Magalh\u00e3es \u00e9 considerado foragido. Os suspeitos s\u00e3o investigados pelos crimes de sonega\u00e7\u00e3o fiscal e lavagem de dinheiro.<\/p>\n\n\n\n<figure class=\"wp-block-gallery columns-2 is-cropped wp-block-gallery-1 is-layout-flex wp-block-gallery-is-layout-flex\"><ul class=\"blocks-gallery-grid\"><li class=\"blocks-gallery-item\"><figure><img loading=\"lazy\" decoding=\"async\" width=\"700\" height=\"980\" src=\"https:\/\/diariotribuna.com.br\/wp-content\/uploads\/2020\/07\/3-Ricardo-Nunes.jpeg\" alt=\"\" data-id=\"1318\" data-full-url=\"https:\/\/diariotribuna.com.br\/wp-content\/uploads\/2020\/07\/3-Ricardo-Nunes.jpeg\" data-link=\"https:\/\/diariotribuna.com.br\/?attachment_id=1318\" class=\"wp-image-1318\" srcset=\"https:\/\/diariotribuna.com.br\/wp-content\/uploads\/2020\/07\/3-Ricardo-Nunes.jpeg 700w, https:\/\/diariotribuna.com.br\/wp-content\/uploads\/2020\/07\/3-Ricardo-Nunes-214x300.jpeg 214w, https:\/\/diariotribuna.com.br\/wp-content\/uploads\/2020\/07\/3-Ricardo-Nunes-696x974.jpeg 696w, https:\/\/diariotribuna.com.br\/wp-content\/uploads\/2020\/07\/3-Ricardo-Nunes-300x420.jpeg 300w\" sizes=\"(max-width: 700px) 100vw, 700px\" \/><figcaption class=\"blocks-gallery-item__caption\">Ricardo Nunes &#8211; preso em S\u00e3o Paulo<\/figcaption><\/figure><\/li><li class=\"blocks-gallery-item\"><figure><img loading=\"lazy\" decoding=\"async\" width=\"700\" height=\"714\" src=\"https:\/\/diariotribuna.com.br\/wp-content\/uploads\/2020\/07\/2-Laura-Nunes.jpeg\" alt=\"\" data-id=\"1317\" data-full-url=\"https:\/\/diariotribuna.com.br\/wp-content\/uploads\/2020\/07\/2-Laura-Nunes.jpeg\" data-link=\"https:\/\/diariotribuna.com.br\/?attachment_id=1317\" class=\"wp-image-1317\" srcset=\"https:\/\/diariotribuna.com.br\/wp-content\/uploads\/2020\/07\/2-Laura-Nunes.jpeg 700w, https:\/\/diariotribuna.com.br\/wp-content\/uploads\/2020\/07\/2-Laura-Nunes-294x300.jpeg 294w, https:\/\/diariotribuna.com.br\/wp-content\/uploads\/2020\/07\/2-Laura-Nunes-356x364.jpeg 356w, https:\/\/diariotribuna.com.br\/wp-content\/uploads\/2020\/07\/2-Laura-Nunes-696x710.jpeg 696w, https:\/\/diariotribuna.com.br\/wp-content\/uploads\/2020\/07\/2-Laura-Nunes-412x420.jpeg 412w\" sizes=\"(max-width: 700px) 100vw, 700px\" \/><figcaption class=\"blocks-gallery-item__caption\">Laura Nunes &#8211; presa em S\u00e3o Paulo<\/figcaption><\/figure><\/li><\/ul><\/figure>\n\n\n\n<p>Durante a opera\u00e7\u00e3o, o seguran\u00e7a de uma das casas onde foi cumprido mandado de busca acabou sendo preso e encaminhado \u00e0 delegacia por dificultar a entrada dos agentes no local. Ele ir\u00e1 responder pelo crime de desobedi\u00eancia. Conforme apurado pela for\u00e7a tarefa, ao longo de cinco anos, aproximadamente R$ 400 milh\u00f5es em impostos n\u00e3o foram repassados aos cofres do Estado de Minas Gerais. Por solicita\u00e7\u00e3o da PCMG, a Justi\u00e7a determinou o sequestro de R$ 60 milh\u00f5es em bens im\u00f3veis do empres\u00e1rio, com o objetivo de ressarcir o er\u00e1rio.<\/p>\n\n\n\n<figure class=\"wp-block-image size-large is-resized\"><img loading=\"lazy\" decoding=\"async\" src=\"https:\/\/diariotribuna.com.br\/wp-content\/uploads\/2020\/07\/ricardo-eletro.jpeg\" alt=\"\" class=\"wp-image-1321\" width=\"497\" height=\"280\" srcset=\"https:\/\/diariotribuna.com.br\/wp-content\/uploads\/2020\/07\/ricardo-eletro.jpeg 700w, https:\/\/diariotribuna.com.br\/wp-content\/uploads\/2020\/07\/ricardo-eletro-300x169.jpeg 300w, https:\/\/diariotribuna.com.br\/wp-content\/uploads\/2020\/07\/ricardo-eletro-696x392.jpeg 696w\" sizes=\"(max-width: 497px) 100vw, 497px\" \/><\/figure>\n\n\n\n<p>As investiga\u00e7\u00f5es ganharam for\u00e7a ap\u00f3s decis\u00e3o do Supremo Tribunal Federal (STF), em novembro de 2019, que definiu como crime a apropria\u00e7\u00e3o ind\u00e9bita tribut\u00e1ria. Ind\u00edcios apontam que a empresa, alvo da opera\u00e7\u00e3o, cobrava dos consumidores o ICMS, embutido no valor das mercadorias, e n\u00e3o repassava o valor aos cofres p\u00fablicos. A suspeita \u00e9 de que a rede tenha d\u00edvidas em outros estados do pa\u00eds onde tem unidades.<\/p>\n\n\n\n<p>Atualmente, a Ricardo Eletro est\u00e1 em situa\u00e7\u00e3o de recupera\u00e7\u00e3o extrajudicial com alguns credores, alegada a incapacidade de arcar com as d\u00edvidas tendo, inclusive, encerrado as atividades de diversas unidades e demitido v\u00e1rios funcion\u00e1rios. No entanto, o principal dono da empresa disp\u00f5e de amplo patrim\u00f4nio composto por dezenas de im\u00f3veis e participa\u00e7\u00e3o em shoppings na Regi\u00e3o Metropolitana de Belo Horizonte. Esses im\u00f3veis e investimentos est\u00e3o registrados em nome de parentes do empres\u00e1rio.<\/p>\n\n\n\n<p>A expectativa \u00e9 de que os presos nessa opera\u00e7\u00e3o prestem depoimento ainda essa semana. Outros suspeitos e demais testemunhas tamb\u00e9m ser\u00e3o ouvidos no curso das investiga\u00e7\u00f5es. Documentos recolhidos ser\u00e3o encaminhados \u00e0 Secretaria de Estado de Fazenda, que tem um prazo de 30 dias para emitir relat\u00f3rio preliminar e 180 para envio do relat\u00f3rio definitivo.<\/p>\n\n\n\n<figure class=\"wp-block-image size-large is-resized\"><img loading=\"lazy\" decoding=\"async\" src=\"https:\/\/diariotribuna.com.br\/wp-content\/uploads\/2020\/07\/Reprodu\u00e7\u00e3o-TV-Globo-1.jpeg\" alt=\"\" class=\"wp-image-1320\" width=\"508\" height=\"286\" srcset=\"https:\/\/diariotribuna.com.br\/wp-content\/uploads\/2020\/07\/Reprodu\u00e7\u00e3o-TV-Globo-1.jpeg 700w, https:\/\/diariotribuna.com.br\/wp-content\/uploads\/2020\/07\/Reprodu\u00e7\u00e3o-TV-Globo-1-300x169.jpeg 300w, https:\/\/diariotribuna.com.br\/wp-content\/uploads\/2020\/07\/Reprodu\u00e7\u00e3o-TV-Globo-1-696x392.jpeg 696w\" sizes=\"(max-width: 508px) 100vw, 508px\" \/><\/figure>\n\n\n\n<p>Desde a decis\u00e3o do STF, a Secretaria de Estado de Fazenda vem realizando um trabalho detalhado sobre os repasses dessas tributa\u00e7\u00f5es e encaminhado casos com suspeitas de irregularidades ao Minist\u00e9rio P\u00fablico e \u00e0 Pol\u00edcia Civil para a devida investiga\u00e7\u00e3o criminal. A opera\u00e7\u00e3o \u201cDireto com o Dono\u201d \u00e9 a primeira a\u00e7\u00e3o conjunta, em Minas Gerais, ap\u00f3s decis\u00e3o do STF.&nbsp;A opera\u00e7\u00e3o contou com a participa\u00e7\u00e3o de 59 policiais civis, 60 auditores fiscais da Receita Estadual e tr\u00eas promotores de Justi\u00e7a. (Fotos\/Site: G1)<\/p>\n","protected":false},"excerpt":{"rendered":"<p>For\u00e7a tarefa cumpriu mandados de pris\u00e3o e de busca e apreens\u00e3o na Regi\u00e3o Metropolitana e em S\u00e3o Paulo. O preso \u00e9 fundador da Ricardo Eletro A&nbsp;Pol\u00edcia Civil de Minas Gerais (PCMG), o Minist\u00e9rio P\u00fablico do Estado e a&nbsp;Secretaria de Estado de Fazenda (SEF)&nbsp;realizaram, na quarta-feira (08\/07), a opera\u00e7\u00e3o Direto com o Dono. A for\u00e7a tarefa [&hellip;]<\/p>\n","protected":false},"author":1,"featured_media":1316,"comment_status":"open","ping_status":"open","sticky":false,"template":"","format":"standard","meta":{"rop_custom_images_group":[],"rop_custom_messages_group":[],"rop_publish_now":"initial","rop_publish_now_accounts":[],"rop_publish_now_history":[],"rop_publish_now_status":"pending","footnotes":""},"categories":[25,20],"tags":[437,436,80,434,435],"class_list":["post-1315","post","type-post","status-publish","format-standard","has-post-thumbnail","hentry","category-destaque","category-policia","tag-direto-com-o-dono","tag-laura-nunes","tag-operacao","tag-ricardo-eletro","tag-ricardo-nunes"],"_links":{"self":[{"href":"https:\/\/diariotribuna.com.br\/index.php?rest_route=\/wp\/v2\/posts\/1315"}],"collection":[{"href":"https:\/\/diariotribuna.com.br\/index.php?rest_route=\/wp\/v2\/posts"}],"about":[{"href":"https:\/\/diariotribuna.com.br\/index.php?rest_route=\/wp\/v2\/types\/post"}],"author":[{"embeddable":true,"href":"https:\/\/diariotribuna.com.br\/index.php?rest_route=\/wp\/v2\/users\/1"}],"replies":[{"embeddable":true,"href":"https:\/\/diariotribuna.com.br\/index.php?rest_route=%2Fwp%2Fv2%2Fcomments&post=1315"}],"version-history":[{"count":5,"href":"https:\/\/diariotribuna.com.br\/index.php?rest_route=\/wp\/v2\/posts\/1315\/revisions"}],"predecessor-version":[{"id":1341,"href":"https:\/\/diariotribuna.com.br\/index.php?rest_route=\/wp\/v2\/posts\/1315\/revisions\/1341"}],"wp:featuredmedia":[{"embeddable":true,"href":"https:\/\/diariotribuna.com.br\/index.php?rest_route=\/wp\/v2\/media\/1316"}],"wp:attachment":[{"href":"https:\/\/diariotribuna.com.br\/index.php?rest_route=%2Fwp%2Fv2%2Fmedia&parent=1315"}],"wp:term":[{"taxonomy":"category","embeddable":true,"href":"https:\/\/diariotribuna.com.br\/index.php?rest_route=%2Fwp%2Fv2%2Fcategories&post=1315"},{"taxonomy":"post_tag","embeddable":true,"href":"https:\/\/diariotribuna.com.br\/index.php?rest_route=%2Fwp%2Fv2%2Ftags&post=1315"}],"curies":[{"name":"wp","href":"https:\/\/api.w.org\/{rel}","templated":true}]}}