{"id":1329,"date":"2020-07-08T18:05:05","date_gmt":"2020-07-08T21:05:05","guid":{"rendered":"https:\/\/diariotribuna.com.br\/?p=1329"},"modified":"2020-07-08T18:19:17","modified_gmt":"2020-07-08T21:19:17","slug":"malacacheta-secretaria-de-saude-confirma-28-casos-positivos-de-covid-19","status":"publish","type":"post","link":"https:\/\/diariotribuna.com.br\/?p=1329","title":{"rendered":"Malacacheta: Secretaria de Sa\u00fade confirma 28 casos positivos de Covid-19"},"content":{"rendered":"\n<figure class=\"wp-block-image size-large is-resized\"><img loading=\"lazy\" decoding=\"async\" src=\"https:\/\/diariotribuna.com.br\/wp-content\/uploads\/2020\/07\/95191613_2642229262732400_1949013600093863936_o-1.jpg\" alt=\"\" class=\"wp-image-1335\" width=\"477\" height=\"241\" srcset=\"https:\/\/diariotribuna.com.br\/wp-content\/uploads\/2020\/07\/95191613_2642229262732400_1949013600093863936_o-1.jpg 800w, https:\/\/diariotribuna.com.br\/wp-content\/uploads\/2020\/07\/95191613_2642229262732400_1949013600093863936_o-1-300x152.jpg 300w, https:\/\/diariotribuna.com.br\/wp-content\/uploads\/2020\/07\/95191613_2642229262732400_1949013600093863936_o-1-768x389.jpg 768w, https:\/\/diariotribuna.com.br\/wp-content\/uploads\/2020\/07\/95191613_2642229262732400_1949013600093863936_o-1-696x352.jpg 696w\" sizes=\"(max-width: 477px) 100vw, 477px\" \/><\/figure>\n\n\n\n<p>A Prefeitura Municipal de Malacacheta, atrav\u00e9s da Secretaria Municipal de Sa\u00fade divulgou boletim epidemiol\u00f3gico nesta quarta-feira (08\/07), confirmando que at\u00e9 esta data 123 casos suspeitos de Covid-19 foram notificados na cidade. 28 casos foram confirmados atrav\u00e9s de exame, sendo que 24 pessoas j\u00e1 est\u00e3o recuperadas e 04 est\u00e3o em isolamento domiciliar.<\/p>\n\n\n\n<p>Tem ainda 18 casos suspeitos em investiga\u00e7\u00e3o e monitoramento, todos em isolamento domiciliar. 77 investiga\u00e7\u00f5es foram conclu\u00eddas, sendo 45 descartadas por exame laboratorial, 29 monitoramentos foram conclu\u00eddos por crit\u00e9rios cl\u00ednicos, e 03 \u00f3bitos que estavam em investiga\u00e7\u00e3o foram descartados. (Foto: Facebook\/Prefeitura Malacacheta)<\/p>\n","protected":false},"excerpt":{"rendered":"<p>A Prefeitura Municipal de Malacacheta, atrav\u00e9s da Secretaria Municipal de Sa\u00fade divulgou boletim epidemiol\u00f3gico nesta quarta-feira (08\/07), confirmando que at\u00e9 esta data 123 casos suspeitos de Covid-19 foram notificados na cidade. 28 casos foram confirmados atrav\u00e9s de exame, sendo que 24 pessoas j\u00e1 est\u00e3o recuperadas e 04 est\u00e3o em isolamento domiciliar. Tem ainda 18 casos [&hellip;]<\/p>\n","protected":false},"author":1,"featured_media":1335,"comment_status":"open","ping_status":"open","sticky":false,"template":"","format":"standard","meta":{"rop_custom_images_group":[],"rop_custom_messages_group":[],"rop_publish_now":"initial","rop_publish_now_accounts":[],"rop_publish_now_history":[],"rop_publish_now_status":"pending","footnotes":""},"categories":[192],"tags":[445,67,65,444],"class_list":["post-1329","post","type-post","status-publish","format-standard","has-post-thumbnail","hentry","category-covid19","tag-08-07","tag-boletim","tag-covid","tag-malacacheta"],"_links":{"self":[{"href":"https:\/\/diariotribuna.com.br\/index.php?rest_route=\/wp\/v2\/posts\/1329"}],"collection":[{"href":"https:\/\/diariotribuna.com.br\/index.php?rest_route=\/wp\/v2\/posts"}],"about":[{"href":"https:\/\/diariotribuna.com.br\/index.php?rest_route=\/wp\/v2\/types\/post"}],"author":[{"embeddable":true,"href":"https:\/\/diariotribuna.com.br\/index.php?rest_route=\/wp\/v2\/users\/1"}],"replies":[{"embeddable":true,"href":"https:\/\/diariotribuna.com.br\/index.php?rest_route=%2Fwp%2Fv2%2Fcomments&post=1329"}],"version-history":[{"count":4,"href":"https:\/\/diariotribuna.com.br\/index.php?rest_route=\/wp\/v2\/posts\/1329\/revisions"}],"predecessor-version":[{"id":1336,"href":"https:\/\/diariotribuna.com.br\/index.php?rest_route=\/wp\/v2\/posts\/1329\/revisions\/1336"}],"wp:featuredmedia":[{"embeddable":true,"href":"https:\/\/diariotribuna.com.br\/index.php?rest_route=\/wp\/v2\/media\/1335"}],"wp:attachment":[{"href":"https:\/\/diariotribuna.com.br\/index.php?rest_route=%2Fwp%2Fv2%2Fmedia&parent=1329"}],"wp:term":[{"taxonomy":"category","embeddable":true,"href":"https:\/\/diariotribuna.com.br\/index.php?rest_route=%2Fwp%2Fv2%2Fcategories&post=1329"},{"taxonomy":"post_tag","embeddable":true,"href":"https:\/\/diariotribuna.com.br\/index.php?rest_route=%2Fwp%2Fv2%2Ftags&post=1329"}],"curies":[{"name":"wp","href":"https:\/\/api.w.org\/{rel}","templated":true}]}}