{"id":1349,"date":"2020-07-09T21:22:02","date_gmt":"2020-07-10T00:22:02","guid":{"rendered":"https:\/\/diariotribuna.com.br\/?p=1349"},"modified":"2020-07-09T21:22:46","modified_gmt":"2020-07-10T00:22:46","slug":"teofilo-otoni-prefeitura-confirma-o-41o-obito-por-covid-19-e-944-casos-positivos","status":"publish","type":"post","link":"https:\/\/diariotribuna.com.br\/?p=1349","title":{"rendered":"Te\u00f3filo Otoni: Prefeitura confirma o 41\u00ba \u00f3bito por Covid-19 e 944 casos positivos"},"content":{"rendered":"\n<figure class=\"wp-block-image size-large is-resized\"><img loading=\"lazy\" decoding=\"async\" src=\"https:\/\/diariotribuna.com.br\/wp-content\/uploads\/2020\/07\/Te\u00f3filo-Otoni-2.jpg\" alt=\"\" class=\"wp-image-1350\" width=\"306\" height=\"171\" srcset=\"https:\/\/diariotribuna.com.br\/wp-content\/uploads\/2020\/07\/Te\u00f3filo-Otoni-2.jpg 640w, https:\/\/diariotribuna.com.br\/wp-content\/uploads\/2020\/07\/Te\u00f3filo-Otoni-2-300x169.jpg 300w\" sizes=\"(max-width: 306px) 100vw, 306px\" \/><\/figure>\n\n\n\n<p>A Secretaria Municipal de Sa\u00fade de Te\u00f3filo Otoni divulgou boletim epidemiol\u00f3gico nesta quinta-feira (09\/07), confirmando 944 casos positivos de Covid-19 na cidade, 38 casos a mais nas \u00faltimas 24 horas. Confirmou ainda mais 02 \u00f3bitos, totalizando nesta data o 41\u00ba. Dos 944 casos, 708 est\u00e3o recuperados, 07 pessoas est\u00e3o internadas em ala, 11 em UTI e 177 est\u00e3o em isolamento domiciliar<\/p>\n\n\n\n<p>De acordo com o boletim, tem 545 suspeitos em investiga\u00e7\u00e3o e monitoramento, sendo que 535 pessoas est\u00e3o em isolamento domiciliar, 07 internadas em ala, nenhuma em UTI e 03 \u00f3bitos est\u00e3o em investiga\u00e7\u00e3o. Das 4.089 investiga\u00e7\u00f5es conclu\u00eddas, 2.063 foram descartadas por exame laboratorial e 2.026 monitoramentos conclu\u00eddos por crit\u00e9rio cl\u00ednico. At\u00e9 o momento foram 5.578 notificados. 516 pessoas infectadas s\u00e3o do sexo feminino e 428 do sexo masculino.<\/p>\n\n\n\n<p><strong>O 40\u00ba \u00f3bito <\/strong>ocorrido por complica\u00e7\u00e3o causada pela Covid-19, trata-se de um homem de 55 anos, sem comorbidades, que morreu no dia 04\/06\/2020. Teve o resultado confirmado por teste r\u00e1pido ao ser atendido na UPA 24 Horas. <strong>O 41\u00ba \u00f3bito<\/strong> trata-se de um idoso de 75 anos, que apresentava comorbidades, que morreu no dia 08\/07\/2020. Teve resultado confirmado por RT-PCR (laborat\u00f3rio) e estava internado no Hospital Bom Samaritano.<\/p>\n","protected":false},"excerpt":{"rendered":"<p>A Secretaria Municipal de Sa\u00fade de Te\u00f3filo Otoni divulgou boletim epidemiol\u00f3gico nesta quinta-feira (09\/07), confirmando 944 casos positivos de Covid-19 na cidade, 38 casos a mais nas \u00faltimas 24 horas. Confirmou ainda mais 02 \u00f3bitos, totalizando nesta data o 41\u00ba. Dos 944 casos, 708 est\u00e3o recuperados, 07 pessoas est\u00e3o internadas em ala, 11 em UTI [&hellip;]<\/p>\n","protected":false},"author":1,"featured_media":1350,"comment_status":"open","ping_status":"open","sticky":false,"template":"","format":"standard","meta":{"rop_custom_images_group":[],"rop_custom_messages_group":[],"rop_publish_now":"initial","rop_publish_now_accounts":[],"rop_publish_now_history":[],"rop_publish_now_status":"pending","footnotes":""},"categories":[192],"tags":[451,65,75],"class_list":["post-1349","post","type-post","status-publish","format-standard","has-post-thumbnail","hentry","category-covid19","tag-09-07","tag-covid","tag-teofilo-otoni"],"_links":{"self":[{"href":"https:\/\/diariotribuna.com.br\/index.php?rest_route=\/wp\/v2\/posts\/1349"}],"collection":[{"href":"https:\/\/diariotribuna.com.br\/index.php?rest_route=\/wp\/v2\/posts"}],"about":[{"href":"https:\/\/diariotribuna.com.br\/index.php?rest_route=\/wp\/v2\/types\/post"}],"author":[{"embeddable":true,"href":"https:\/\/diariotribuna.com.br\/index.php?rest_route=\/wp\/v2\/users\/1"}],"replies":[{"embeddable":true,"href":"https:\/\/diariotribuna.com.br\/index.php?rest_route=%2Fwp%2Fv2%2Fcomments&post=1349"}],"version-history":[{"count":2,"href":"https:\/\/diariotribuna.com.br\/index.php?rest_route=\/wp\/v2\/posts\/1349\/revisions"}],"predecessor-version":[{"id":1352,"href":"https:\/\/diariotribuna.com.br\/index.php?rest_route=\/wp\/v2\/posts\/1349\/revisions\/1352"}],"wp:featuredmedia":[{"embeddable":true,"href":"https:\/\/diariotribuna.com.br\/index.php?rest_route=\/wp\/v2\/media\/1350"}],"wp:attachment":[{"href":"https:\/\/diariotribuna.com.br\/index.php?rest_route=%2Fwp%2Fv2%2Fmedia&parent=1349"}],"wp:term":[{"taxonomy":"category","embeddable":true,"href":"https:\/\/diariotribuna.com.br\/index.php?rest_route=%2Fwp%2Fv2%2Fcategories&post=1349"},{"taxonomy":"post_tag","embeddable":true,"href":"https:\/\/diariotribuna.com.br\/index.php?rest_route=%2Fwp%2Fv2%2Ftags&post=1349"}],"curies":[{"name":"wp","href":"https:\/\/api.w.org\/{rel}","templated":true}]}}