{"id":1353,"date":"2020-07-09T21:28:16","date_gmt":"2020-07-10T00:28:16","guid":{"rendered":"https:\/\/diariotribuna.com.br\/?p=1353"},"modified":"2020-07-09T21:28:17","modified_gmt":"2020-07-10T00:28:17","slug":"policia-militar-em-malacacheta-apreende-motocicleta-furtada-e-prende-condutor","status":"publish","type":"post","link":"https:\/\/diariotribuna.com.br\/?p=1353","title":{"rendered":"Pol\u00edcia Militar em Malacacheta apreende motocicleta furtada e prende condutor"},"content":{"rendered":"\n<figure class=\"wp-block-image size-large is-resized\"><img loading=\"lazy\" decoding=\"async\" src=\"https:\/\/diariotribuna.com.br\/wp-content\/uploads\/2020\/07\/4f302126-c6f4-4283-8ee5-e27e81c3bddf.jpg\" alt=\"\" class=\"wp-image-1354\" width=\"325\" height=\"182\" srcset=\"https:\/\/diariotribuna.com.br\/wp-content\/uploads\/2020\/07\/4f302126-c6f4-4283-8ee5-e27e81c3bddf.jpg 700w, https:\/\/diariotribuna.com.br\/wp-content\/uploads\/2020\/07\/4f302126-c6f4-4283-8ee5-e27e81c3bddf-300x168.jpg 300w, https:\/\/diariotribuna.com.br\/wp-content\/uploads\/2020\/07\/4f302126-c6f4-4283-8ee5-e27e81c3bddf-696x391.jpg 696w\" sizes=\"(max-width: 325px) 100vw, 325px\" \/><\/figure>\n\n\n\n<p>A Pol\u00edcia Militar realizou uma opera\u00e7\u00e3o no munic\u00edpio de Malacacheta, no s\u00e1bado (04\/07), abordando diversas pessoas e ve\u00edculos. Ao verificar uma motocicleta, os militares constataram no sistema informatizado que se tratava de um ve\u00edculo furtado. O condutor disse que teria comprado a motocicleta de um rapaz que n\u00e3o soube passar detalhes.<\/p>\n\n\n\n<p>O ve\u00edculo foi furtado na cidade de Minas Novas. O condutor foi preso, o ve\u00edculo apreendido, sendo encaminhados para a delegacia de Pol\u00edcia Civil para as medidas pertinentes ao caso. (Informa\u00e7\u00f5es\/Foto: Tenente Adeilton\/ Comandante da Pol\u00edcia Militar em Malacacheta).<\/p>\n","protected":false},"excerpt":{"rendered":"<p>A Pol\u00edcia Militar realizou uma opera\u00e7\u00e3o no munic\u00edpio de Malacacheta, no s\u00e1bado (04\/07), abordando diversas pessoas e ve\u00edculos. Ao verificar uma motocicleta, os militares constataram no sistema informatizado que se tratava de um ve\u00edculo furtado. O condutor disse que teria comprado a motocicleta de um rapaz que n\u00e3o soube passar detalhes. O ve\u00edculo foi furtado [&hellip;]<\/p>\n","protected":false},"author":1,"featured_media":1354,"comment_status":"open","ping_status":"open","sticky":false,"template":"","format":"standard","meta":{"rop_custom_images_group":[],"rop_custom_messages_group":[],"rop_publish_now":"initial","rop_publish_now_accounts":[],"rop_publish_now_history":[],"rop_publish_now_status":"pending","footnotes":""},"categories":[20],"tags":[453,444,452],"class_list":["post-1353","post","type-post","status-publish","format-standard","has-post-thumbnail","hentry","category-policia","tag-furtada","tag-malacacheta","tag-motocicleta"],"_links":{"self":[{"href":"https:\/\/diariotribuna.com.br\/index.php?rest_route=\/wp\/v2\/posts\/1353"}],"collection":[{"href":"https:\/\/diariotribuna.com.br\/index.php?rest_route=\/wp\/v2\/posts"}],"about":[{"href":"https:\/\/diariotribuna.com.br\/index.php?rest_route=\/wp\/v2\/types\/post"}],"author":[{"embeddable":true,"href":"https:\/\/diariotribuna.com.br\/index.php?rest_route=\/wp\/v2\/users\/1"}],"replies":[{"embeddable":true,"href":"https:\/\/diariotribuna.com.br\/index.php?rest_route=%2Fwp%2Fv2%2Fcomments&post=1353"}],"version-history":[{"count":1,"href":"https:\/\/diariotribuna.com.br\/index.php?rest_route=\/wp\/v2\/posts\/1353\/revisions"}],"predecessor-version":[{"id":1355,"href":"https:\/\/diariotribuna.com.br\/index.php?rest_route=\/wp\/v2\/posts\/1353\/revisions\/1355"}],"wp:featuredmedia":[{"embeddable":true,"href":"https:\/\/diariotribuna.com.br\/index.php?rest_route=\/wp\/v2\/media\/1354"}],"wp:attachment":[{"href":"https:\/\/diariotribuna.com.br\/index.php?rest_route=%2Fwp%2Fv2%2Fmedia&parent=1353"}],"wp:term":[{"taxonomy":"category","embeddable":true,"href":"https:\/\/diariotribuna.com.br\/index.php?rest_route=%2Fwp%2Fv2%2Fcategories&post=1353"},{"taxonomy":"post_tag","embeddable":true,"href":"https:\/\/diariotribuna.com.br\/index.php?rest_route=%2Fwp%2Fv2%2Ftags&post=1353"}],"curies":[{"name":"wp","href":"https:\/\/api.w.org\/{rel}","templated":true}]}}