{"id":1356,"date":"2020-07-10T00:48:37","date_gmt":"2020-07-10T03:48:37","guid":{"rendered":"https:\/\/diariotribuna.com.br\/?p=1356"},"modified":"2020-07-10T00:49:54","modified_gmt":"2020-07-10T03:49:54","slug":"dois-jovens-morrem-em-grave-acidente-na-mg-342-em-teofilo-otoni","status":"publish","type":"post","link":"https:\/\/diariotribuna.com.br\/?p=1356","title":{"rendered":"Dois jovens morrem em grave acidente na MG-342, em Te\u00f3filo Otoni"},"content":{"rendered":"\n<figure class=\"wp-block-gallery columns-2 is-cropped wp-block-gallery-1 is-layout-flex wp-block-gallery-is-layout-flex\"><ul class=\"blocks-gallery-grid\"><li class=\"blocks-gallery-item\"><figure><img loading=\"lazy\" decoding=\"async\" width=\"479\" height=\"483\" src=\"https:\/\/diariotribuna.com.br\/wp-content\/uploads\/2020\/07\/Condutor-da-moto-Jamerson-Alves-dos-Santos-25-anos-v\u00edtima-fatal.jpg\" alt=\"\" data-id=\"1357\" data-full-url=\"https:\/\/diariotribuna.com.br\/wp-content\/uploads\/2020\/07\/Condutor-da-moto-Jamerson-Alves-dos-Santos-25-anos-v\u00edtima-fatal.jpg\" data-link=\"https:\/\/diariotribuna.com.br\/?attachment_id=1357\" class=\"wp-image-1357\" srcset=\"https:\/\/diariotribuna.com.br\/wp-content\/uploads\/2020\/07\/Condutor-da-moto-Jamerson-Alves-dos-Santos-25-anos-v\u00edtima-fatal.jpg 479w, https:\/\/diariotribuna.com.br\/wp-content\/uploads\/2020\/07\/Condutor-da-moto-Jamerson-Alves-dos-Santos-25-anos-v\u00edtima-fatal-298x300.jpg 298w, https:\/\/diariotribuna.com.br\/wp-content\/uploads\/2020\/07\/Condutor-da-moto-Jamerson-Alves-dos-Santos-25-anos-v\u00edtima-fatal-150x150.jpg 150w, https:\/\/diariotribuna.com.br\/wp-content\/uploads\/2020\/07\/Condutor-da-moto-Jamerson-Alves-dos-Santos-25-anos-v\u00edtima-fatal-417x420.jpg 417w\" sizes=\"(max-width: 479px) 100vw, 479px\" \/><figcaption class=\"blocks-gallery-item__caption\">Condutor\/moto, Jamerson A. Santos, 25 anos &#8211; v\u00edtima<\/figcaption><\/figure><\/li><li class=\"blocks-gallery-item\"><figure><img loading=\"lazy\" decoding=\"async\" width=\"517\" height=\"656\" src=\"https:\/\/diariotribuna.com.br\/wp-content\/uploads\/2020\/07\/Passageiro-da-moto-Luiz-Felipe-Esteves-18-anos-v\u00edtima-fatal.jpg\" alt=\"\" data-id=\"1358\" data-full-url=\"https:\/\/diariotribuna.com.br\/wp-content\/uploads\/2020\/07\/Passageiro-da-moto-Luiz-Felipe-Esteves-18-anos-v\u00edtima-fatal.jpg\" data-link=\"https:\/\/diariotribuna.com.br\/?attachment_id=1358\" class=\"wp-image-1358\" srcset=\"https:\/\/diariotribuna.com.br\/wp-content\/uploads\/2020\/07\/Passageiro-da-moto-Luiz-Felipe-Esteves-18-anos-v\u00edtima-fatal.jpg 517w, https:\/\/diariotribuna.com.br\/wp-content\/uploads\/2020\/07\/Passageiro-da-moto-Luiz-Felipe-Esteves-18-anos-v\u00edtima-fatal-236x300.jpg 236w, https:\/\/diariotribuna.com.br\/wp-content\/uploads\/2020\/07\/Passageiro-da-moto-Luiz-Felipe-Esteves-18-anos-v\u00edtima-fatal-331x420.jpg 331w\" sizes=\"(max-width: 517px) 100vw, 517px\" \/><figcaption class=\"blocks-gallery-item__caption\">Passageiro\/moto, Luiz Felipe Esteves, 18 anos &#8211; v\u00edtima<\/figcaption><\/figure><\/li><\/ul><\/figure>\n\n\n\n<p>A Pol\u00edcia Militar Rodovi\u00e1ria registrou um grave acidente na quarta-feira (08\/07), na MG-342, Km 466, rodovia que liga o munic\u00edpio de Te\u00f3filo Otoni a Frei Gaspar. A colis\u00e3o entre uma motocicleta e um caminh\u00e3o resultou na morte dos jovens Jamerson Alves dos Santos, 25 anos e Luiz Felipe Esteves Gon\u00e7alves, 18 anos, ambos residentes em Frei Gaspar.<\/p>\n\n\n\n<figure class=\"wp-block-image size-large is-resized\"><img loading=\"lazy\" decoding=\"async\" src=\"https:\/\/diariotribuna.com.br\/wp-content\/uploads\/2020\/07\/1-8.jpg\" alt=\"\" class=\"wp-image-1362\" width=\"374\" height=\"263\" srcset=\"https:\/\/diariotribuna.com.br\/wp-content\/uploads\/2020\/07\/1-8.jpg 869w, https:\/\/diariotribuna.com.br\/wp-content\/uploads\/2020\/07\/1-8-300x212.jpg 300w, https:\/\/diariotribuna.com.br\/wp-content\/uploads\/2020\/07\/1-8-768x542.jpg 768w, https:\/\/diariotribuna.com.br\/wp-content\/uploads\/2020\/07\/1-8-100x70.jpg 100w, https:\/\/diariotribuna.com.br\/wp-content\/uploads\/2020\/07\/1-8-696x491.jpg 696w, https:\/\/diariotribuna.com.br\/wp-content\/uploads\/2020\/07\/1-8-595x420.jpg 595w\" sizes=\"(max-width: 374px) 100vw, 374px\" \/><\/figure>\n\n\n\n<p>O sargento Victor do Corpo de Bombeiros disse que foi acionado para atendimento da ocorr\u00eancia, e no momento da chegada da sua equipe, o condutor da motocicleta, Jamerson Alves, ainda se encontrava com vida e consciente. Ele pr\u00f3prio informou \u00e0 equipe que seria o condutor da moto. Jamerson foi socorrido e durante o deslocamento para o Hospital Santa Ros\u00e1lia teve uma parada cardiorrespirat\u00f3ria. Tenente Victor ressalta que, apesar de todas as tentativas em restabelecer os sinais vitais, ele n\u00e3o resistiu e deu entrada no hospital j\u00e1 sem vida.<\/p>\n\n\n\n<p>O passageiro da moto, Luiz Felipe morreu no local. Ele apresentava m\u00faltiplas fraturas e \u00a0les\u00f5es. Sargento Victor disse ainda que, o condutor do caminh\u00e3o, Juarez Costa relatou que vinha pela rodovia no sentido Frei Gaspar a Te\u00f3filo Otoni, quando o condutor da motocicleta n\u00e3o conseguiu fazer a curva, invadiu a contram\u00e3o e entrou entre os dois eixos do caminh\u00e3o.<\/p>\n\n\n\n\n\n<p>As equipes da per\u00edcia t\u00e9cnica da Pol\u00edcia Civil e do IML estiveram no local para os trabalhos de praxe, em seguida o corpo de Luiz Felipe foi encaminhado para o IML para ser necropsiado. Segundo o agente do IML, Francisco Couy, \u201co corpo do piloto da moto, por entraves burocr\u00e1ticos o servi\u00e7o funer\u00e1rio do Hospital Santa Ros\u00e1lia at\u00e9 20h desta quarta-feira (8) n\u00e3o havia encaminhado o corpo para o IML. Deu entrada em \u00f3bito por volta das 12h30min. Foi agendado a necropsia para quinta-feira, 9\u201d. (Fotos: Divulga\u00e7\u00e3o)<\/p>\n","protected":false},"excerpt":{"rendered":"<p>A Pol\u00edcia Militar Rodovi\u00e1ria registrou um grave acidente na quarta-feira (08\/07), na MG-342, Km 466, rodovia que liga o munic\u00edpio de Te\u00f3filo Otoni a Frei Gaspar. A colis\u00e3o entre uma motocicleta e um caminh\u00e3o resultou na morte dos jovens Jamerson Alves dos Santos, 25 anos e Luiz Felipe Esteves Gon\u00e7alves, 18 anos, ambos residentes em [&hellip;]<\/p>\n","protected":false},"author":1,"featured_media":1362,"comment_status":"open","ping_status":"open","sticky":false,"template":"","format":"standard","meta":{"rop_custom_images_group":[],"rop_custom_messages_group":[],"rop_publish_now":"initial","rop_publish_now_accounts":[],"rop_publish_now_history":[],"rop_publish_now_status":"pending","footnotes":""},"categories":[20],"tags":[125,454,455,456,75],"class_list":["post-1356","post","type-post","status-publish","format-standard","has-post-thumbnail","hentry","category-policia","tag-acidente","tag-jamerson","tag-luiz-felipe","tag-mg-342","tag-teofilo-otoni"],"_links":{"self":[{"href":"https:\/\/diariotribuna.com.br\/index.php?rest_route=\/wp\/v2\/posts\/1356"}],"collection":[{"href":"https:\/\/diariotribuna.com.br\/index.php?rest_route=\/wp\/v2\/posts"}],"about":[{"href":"https:\/\/diariotribuna.com.br\/index.php?rest_route=\/wp\/v2\/types\/post"}],"author":[{"embeddable":true,"href":"https:\/\/diariotribuna.com.br\/index.php?rest_route=\/wp\/v2\/users\/1"}],"replies":[{"embeddable":true,"href":"https:\/\/diariotribuna.com.br\/index.php?rest_route=%2Fwp%2Fv2%2Fcomments&post=1356"}],"version-history":[{"count":5,"href":"https:\/\/diariotribuna.com.br\/index.php?rest_route=\/wp\/v2\/posts\/1356\/revisions"}],"predecessor-version":[{"id":1364,"href":"https:\/\/diariotribuna.com.br\/index.php?rest_route=\/wp\/v2\/posts\/1356\/revisions\/1364"}],"wp:featuredmedia":[{"embeddable":true,"href":"https:\/\/diariotribuna.com.br\/index.php?rest_route=\/wp\/v2\/media\/1362"}],"wp:attachment":[{"href":"https:\/\/diariotribuna.com.br\/index.php?rest_route=%2Fwp%2Fv2%2Fmedia&parent=1356"}],"wp:term":[{"taxonomy":"category","embeddable":true,"href":"https:\/\/diariotribuna.com.br\/index.php?rest_route=%2Fwp%2Fv2%2Fcategories&post=1356"},{"taxonomy":"post_tag","embeddable":true,"href":"https:\/\/diariotribuna.com.br\/index.php?rest_route=%2Fwp%2Fv2%2Ftags&post=1356"}],"curies":[{"name":"wp","href":"https:\/\/api.w.org\/{rel}","templated":true}]}}