{"id":1376,"date":"2020-07-10T01:18:50","date_gmt":"2020-07-10T04:18:50","guid":{"rendered":"https:\/\/diariotribuna.com.br\/?p=1376"},"modified":"2020-07-10T01:18:51","modified_gmt":"2020-07-10T04:18:51","slug":"municipio-mineiro-do-vale-do-mucuri-faz-parte-da-lista-de-cidades-sem-registro-da-covid-19","status":"publish","type":"post","link":"https:\/\/diariotribuna.com.br\/?p=1376","title":{"rendered":"Munic\u00edpio mineiro do Vale do Mucuri faz parte da lista de cidades sem registro da Covid-19"},"content":{"rendered":"\n<figure class=\"wp-block-image size-large is-resized\"><img loading=\"lazy\" decoding=\"async\" src=\"https:\/\/diariotribuna.com.br\/wp-content\/uploads\/2020\/07\/Bert\u00f3polis.jpeg\" alt=\"\" class=\"wp-image-1377\" width=\"451\" height=\"338\" srcset=\"https:\/\/diariotribuna.com.br\/wp-content\/uploads\/2020\/07\/Bert\u00f3polis.jpeg 700w, https:\/\/diariotribuna.com.br\/wp-content\/uploads\/2020\/07\/Bert\u00f3polis-300x225.jpeg 300w, https:\/\/diariotribuna.com.br\/wp-content\/uploads\/2020\/07\/Bert\u00f3polis-80x60.jpeg 80w, https:\/\/diariotribuna.com.br\/wp-content\/uploads\/2020\/07\/Bert\u00f3polis-265x198.jpeg 265w, https:\/\/diariotribuna.com.br\/wp-content\/uploads\/2020\/07\/Bert\u00f3polis-696x522.jpeg 696w, https:\/\/diariotribuna.com.br\/wp-content\/uploads\/2020\/07\/Bert\u00f3polis-560x420.jpeg 560w\" sizes=\"(max-width: 451px) 100vw, 451px\" \/><figcaption><strong>O munic\u00edpio de Bert\u00f3polis ganha destaque nesse contexto<\/strong><\/figcaption><\/figure>\n\n\n\n<p>De acordo com o \u00faltimo Boletim Epidemiol\u00f3gico publicado pela Secretaria de Sa\u00fade de Minas Gerias (SES-MG), dessa ter\u00e7a-feira (07\/07), dos 853 munic\u00edpios mineiros, 119 n\u00e3o registram casos da Covid-19. O munic\u00edpio de Bert\u00f3polis ganha destaque nesse contexto.\u00a0O munic\u00edpio est\u00e1 na regi\u00e3o nordeste do Vale do Mucuri, localizada a 200 km de Te\u00f3filo Otoni, possui aproximadamente 4,5 mil habitantes e um pouco mais de 427 km\u00b2 de extens\u00e3o territorial.<\/p>\n\n\n\n<p>Bert\u00f3polis n\u00e3o apresenta nenhum caso da doen\u00e7a at\u00e9 o momento, pois desde o in\u00edcio da pandemia, o munic\u00edpio investiu em a\u00e7\u00f5es estrat\u00e9gicas de sa\u00fade para tentar conter a propaga\u00e7\u00e3o da doen\u00e7a. \u201cIsso se deve aos esfor\u00e7os conjuntos da Secretaria Municipal de Sa\u00fade de Bert\u00f3polis com a Superintend\u00eancia Regional de Sa\u00fade de Te\u00f3filo Otoni\u201d, afirma a secret\u00e1ria de sa\u00fade do munic\u00edpio, Aurora Rodrigues Bahia.<br>Barreiras sanit\u00e1rias foram instaladas na entrada da cidade. Profissionais da \u00e1rea da sa\u00fade, desde o auxiliar de servi\u00e7os gerais aos m\u00e9dicos e enfermeiros receberam cursos com os principais protocolos cl\u00ednicos e as medidas adotadas no combate ao novo coronav\u00edrus. As visitas dos agentes comunit\u00e1rios e agentes de endemias foram mantidas, conforme orienta\u00e7\u00f5es do Minist\u00e9rio da Sa\u00fade (MS), para a busca ativa por casos da doen\u00e7a.<\/p>\n\n\n\n<p><strong>Aldeia Maxakali<\/strong>\u00a0&#8211;\u00a0Os \u00edndios Maxakali fazem parte dos grupos ind\u00edgenas remanescentes no Brasil. Atualmente vivem em tr\u00eas pequenos territ\u00f3rios delimitados no\u00a0Vale do Mucuri, nordeste do estado de Minas Gerais. Um deles, denominado Pradinho, est\u00e1 localizado pr\u00f3ximo ao munic\u00edpio de Bert\u00f3polis.<br>Para um melhor enfrentamento da doen\u00e7a na comunidade ind\u00edgena, al\u00e9m de uma barreira sanit\u00e1ria que tamb\u00e9m foi instalada na entrada da aldeia, o munic\u00edpio criou o Comit\u00ea Covid-19 Pradinho com o objetivo de articular as a\u00e7\u00f5es governamentais acerca da pandemia. \u201cRealizamos constantemente reuni\u00f5es com os \u00edndios como forma de conscientiz\u00e1-los da gravidade da Covid-19 e dos cuidados que devem ter\u201d, afirmou Aurora.\u00a0(<em>Por:\u00a0Assessoria de comunica\u00e7\u00e3o social da SRS \/ Te\u00f3filo Otoni).\u00a0<\/em><\/p>\n","protected":false},"excerpt":{"rendered":"<p>De acordo com o \u00faltimo Boletim Epidemiol\u00f3gico publicado pela Secretaria de Sa\u00fade de Minas Gerias (SES-MG), dessa ter\u00e7a-feira (07\/07), dos 853 munic\u00edpios mineiros, 119 n\u00e3o registram casos da Covid-19. O munic\u00edpio de Bert\u00f3polis ganha destaque nesse contexto.\u00a0O munic\u00edpio est\u00e1 na regi\u00e3o nordeste do Vale do Mucuri, localizada a 200 km de Te\u00f3filo Otoni, possui aproximadamente [&hellip;]<\/p>\n","protected":false},"author":1,"featured_media":1377,"comment_status":"open","ping_status":"open","sticky":false,"template":"","format":"standard","meta":{"rop_custom_images_group":[],"rop_custom_messages_group":[],"rop_publish_now":"initial","rop_publish_now_accounts":[],"rop_publish_now_history":[],"rop_publish_now_status":"pending","footnotes":""},"categories":[25,18],"tags":[466,467],"class_list":["post-1376","post","type-post","status-publish","format-standard","has-post-thumbnail","hentry","category-destaque","category-regiao","tag-bertopolis","tag-sem-covid-19"],"_links":{"self":[{"href":"https:\/\/diariotribuna.com.br\/index.php?rest_route=\/wp\/v2\/posts\/1376"}],"collection":[{"href":"https:\/\/diariotribuna.com.br\/index.php?rest_route=\/wp\/v2\/posts"}],"about":[{"href":"https:\/\/diariotribuna.com.br\/index.php?rest_route=\/wp\/v2\/types\/post"}],"author":[{"embeddable":true,"href":"https:\/\/diariotribuna.com.br\/index.php?rest_route=\/wp\/v2\/users\/1"}],"replies":[{"embeddable":true,"href":"https:\/\/diariotribuna.com.br\/index.php?rest_route=%2Fwp%2Fv2%2Fcomments&post=1376"}],"version-history":[{"count":1,"href":"https:\/\/diariotribuna.com.br\/index.php?rest_route=\/wp\/v2\/posts\/1376\/revisions"}],"predecessor-version":[{"id":1378,"href":"https:\/\/diariotribuna.com.br\/index.php?rest_route=\/wp\/v2\/posts\/1376\/revisions\/1378"}],"wp:featuredmedia":[{"embeddable":true,"href":"https:\/\/diariotribuna.com.br\/index.php?rest_route=\/wp\/v2\/media\/1377"}],"wp:attachment":[{"href":"https:\/\/diariotribuna.com.br\/index.php?rest_route=%2Fwp%2Fv2%2Fmedia&parent=1376"}],"wp:term":[{"taxonomy":"category","embeddable":true,"href":"https:\/\/diariotribuna.com.br\/index.php?rest_route=%2Fwp%2Fv2%2Fcategories&post=1376"},{"taxonomy":"post_tag","embeddable":true,"href":"https:\/\/diariotribuna.com.br\/index.php?rest_route=%2Fwp%2Fv2%2Ftags&post=1376"}],"curies":[{"name":"wp","href":"https:\/\/api.w.org\/{rel}","templated":true}]}}