{"id":1379,"date":"2020-07-10T01:27:17","date_gmt":"2020-07-10T04:27:17","guid":{"rendered":"https:\/\/diariotribuna.com.br\/?p=1379"},"modified":"2020-07-10T01:27:18","modified_gmt":"2020-07-10T04:27:18","slug":"policia-militar-apoia-ministerio-publico-federal-e-funai-em-acoes-na-tribo-indigena-em-ladainha","status":"publish","type":"post","link":"https:\/\/diariotribuna.com.br\/?p=1379","title":{"rendered":"Pol\u00edcia Militar apoia Minist\u00e9rio P\u00fablico Federal e FUNAI em a\u00e7\u00f5es na tribo ind\u00edgena em Ladainha"},"content":{"rendered":"\n<figure class=\"wp-block-image size-large is-resized\"><img loading=\"lazy\" decoding=\"async\" src=\"https:\/\/diariotribuna.com.br\/wp-content\/uploads\/2020\/07\/d597715c-0d6a-4940-a503-553b172bfc86-1.jpg\" alt=\"\" class=\"wp-image-1381\" width=\"447\" height=\"251\" srcset=\"https:\/\/diariotribuna.com.br\/wp-content\/uploads\/2020\/07\/d597715c-0d6a-4940-a503-553b172bfc86-1.jpg 700w, https:\/\/diariotribuna.com.br\/wp-content\/uploads\/2020\/07\/d597715c-0d6a-4940-a503-553b172bfc86-1-300x169.jpg 300w, https:\/\/diariotribuna.com.br\/wp-content\/uploads\/2020\/07\/d597715c-0d6a-4940-a503-553b172bfc86-1-696x392.jpg 696w\" sizes=\"(max-width: 447px) 100vw, 447px\" \/><\/figure>\n\n\n\n<p>A Pol\u00edcia Militar de Minas Gerais apoiou o Minist\u00e9rio P\u00fablico Federal e a FUNAI, na quinta-feira (02\/07), em a\u00e7\u00f5es de apoio \u00e0 preserva\u00e7\u00e3o dos direitos de ind\u00edgenas da tribo Maxakali, e tamb\u00e9m na entrega de alimentos e materiais pelos referidos \u00f3rg\u00e3os aos ind\u00edgenas. A Pol\u00edcia Militar tamb\u00e9m realizou abordagens preventivas em bares e estabelecimentos comerciais no entorno das aldeias.<\/p>\n\n\n\n<figure class=\"wp-block-image size-large is-resized\"><img loading=\"lazy\" decoding=\"async\" src=\"https:\/\/diariotribuna.com.br\/wp-content\/uploads\/2020\/07\/803c701d-ba62-45c5-a13e-be7db82619da.jpg\" alt=\"\" class=\"wp-image-1382\" width=\"410\" height=\"308\" srcset=\"https:\/\/diariotribuna.com.br\/wp-content\/uploads\/2020\/07\/803c701d-ba62-45c5-a13e-be7db82619da.jpg 700w, https:\/\/diariotribuna.com.br\/wp-content\/uploads\/2020\/07\/803c701d-ba62-45c5-a13e-be7db82619da-300x225.jpg 300w, https:\/\/diariotribuna.com.br\/wp-content\/uploads\/2020\/07\/803c701d-ba62-45c5-a13e-be7db82619da-80x60.jpg 80w, https:\/\/diariotribuna.com.br\/wp-content\/uploads\/2020\/07\/803c701d-ba62-45c5-a13e-be7db82619da-265x198.jpg 265w, https:\/\/diariotribuna.com.br\/wp-content\/uploads\/2020\/07\/803c701d-ba62-45c5-a13e-be7db82619da-696x522.jpg 696w, https:\/\/diariotribuna.com.br\/wp-content\/uploads\/2020\/07\/803c701d-ba62-45c5-a13e-be7db82619da-560x420.jpg 560w\" sizes=\"(max-width: 410px) 100vw, 410px\" \/><\/figure>\n\n\n\n<p>O agente de Seguran\u00e7a Institucional, Rodrigo Horta, lotado na Procuradoria da Rep\u00fablica em Te\u00f3filo Otoni, compareceu, juntamente com a FUNAI e com apoio da Pol\u00edcia Militar, nas aldeias ind\u00edgenas Maxakali, no munic\u00edpio de Ladainha, para fazer a entrega do Aux\u00edlio Emergencial e mantimentos. A atividade \u00e9 de extrema necessidade neste momento, por ser fundamental a perman\u00eancia dos \u00edndios nas aldeias, em isolamento social, para evitar poss\u00edvel contamina\u00e7\u00e3o da Covid-19. (Informa\u00e7\u00f5es: PMMG\/ Fotos: Divulga\u00e7\u00e3o).<\/p>\n","protected":false},"excerpt":{"rendered":"<p>A Pol\u00edcia Militar de Minas Gerais apoiou o Minist\u00e9rio P\u00fablico Federal e a FUNAI, na quinta-feira (02\/07), em a\u00e7\u00f5es de apoio \u00e0 preserva\u00e7\u00e3o dos direitos de ind\u00edgenas da tribo Maxakali, e tamb\u00e9m na entrega de alimentos e materiais pelos referidos \u00f3rg\u00e3os aos ind\u00edgenas. A Pol\u00edcia Militar tamb\u00e9m realizou abordagens preventivas em bares e estabelecimentos comerciais [&hellip;]<\/p>\n","protected":false},"author":1,"featured_media":1381,"comment_status":"open","ping_status":"open","sticky":false,"template":"","format":"standard","meta":{"rop_custom_images_group":[],"rop_custom_messages_group":[],"rop_publish_now":"initial","rop_publish_now_accounts":[],"rop_publish_now_history":[],"rop_publish_now_status":"pending","footnotes":""},"categories":[18],"tags":[470,468,86,469],"class_list":["post-1379","post","type-post","status-publish","format-standard","has-post-thumbnail","hentry","category-regiao","tag-funai","tag-indigena","tag-ladainha","tag-ministerio-publico"],"_links":{"self":[{"href":"https:\/\/diariotribuna.com.br\/index.php?rest_route=\/wp\/v2\/posts\/1379"}],"collection":[{"href":"https:\/\/diariotribuna.com.br\/index.php?rest_route=\/wp\/v2\/posts"}],"about":[{"href":"https:\/\/diariotribuna.com.br\/index.php?rest_route=\/wp\/v2\/types\/post"}],"author":[{"embeddable":true,"href":"https:\/\/diariotribuna.com.br\/index.php?rest_route=\/wp\/v2\/users\/1"}],"replies":[{"embeddable":true,"href":"https:\/\/diariotribuna.com.br\/index.php?rest_route=%2Fwp%2Fv2%2Fcomments&post=1379"}],"version-history":[{"count":1,"href":"https:\/\/diariotribuna.com.br\/index.php?rest_route=\/wp\/v2\/posts\/1379\/revisions"}],"predecessor-version":[{"id":1383,"href":"https:\/\/diariotribuna.com.br\/index.php?rest_route=\/wp\/v2\/posts\/1379\/revisions\/1383"}],"wp:featuredmedia":[{"embeddable":true,"href":"https:\/\/diariotribuna.com.br\/index.php?rest_route=\/wp\/v2\/media\/1381"}],"wp:attachment":[{"href":"https:\/\/diariotribuna.com.br\/index.php?rest_route=%2Fwp%2Fv2%2Fmedia&parent=1379"}],"wp:term":[{"taxonomy":"category","embeddable":true,"href":"https:\/\/diariotribuna.com.br\/index.php?rest_route=%2Fwp%2Fv2%2Fcategories&post=1379"},{"taxonomy":"post_tag","embeddable":true,"href":"https:\/\/diariotribuna.com.br\/index.php?rest_route=%2Fwp%2Fv2%2Ftags&post=1379"}],"curies":[{"name":"wp","href":"https:\/\/api.w.org\/{rel}","templated":true}]}}