{"id":1384,"date":"2020-07-10T12:37:00","date_gmt":"2020-07-10T15:37:00","guid":{"rendered":"https:\/\/diariotribuna.com.br\/?p=1384"},"modified":"2020-07-10T14:38:19","modified_gmt":"2020-07-10T17:38:19","slug":"diario-tribuna-10-de-julho-de-2020-teofilo-otoni-minas-gerais","status":"publish","type":"post","link":"https:\/\/diariotribuna.com.br\/?p=1384","title":{"rendered":"Di\u00e1rio Tribuna, 10 de Julho de 2020, Te\u00f3filo Otoni &#8211; Minas Gerais"},"content":{"rendered":"\n<figure class=\"wp-block-image size-large is-resized\"><img loading=\"lazy\" decoding=\"async\" src=\"https:\/\/diariotribuna.com.br\/wp-content\/uploads\/2020\/07\/20d9ab5d-e0b8-413b-8ff6-0039bf18b56d.jpg\" alt=\"\" class=\"wp-image-1385\" width=\"415\" height=\"580\" srcset=\"https:\/\/diariotribuna.com.br\/wp-content\/uploads\/2020\/07\/20d9ab5d-e0b8-413b-8ff6-0039bf18b56d.jpg 700w, https:\/\/diariotribuna.com.br\/wp-content\/uploads\/2020\/07\/20d9ab5d-e0b8-413b-8ff6-0039bf18b56d-215x300.jpg 215w, https:\/\/diariotribuna.com.br\/wp-content\/uploads\/2020\/07\/20d9ab5d-e0b8-413b-8ff6-0039bf18b56d-696x973.jpg 696w, https:\/\/diariotribuna.com.br\/wp-content\/uploads\/2020\/07\/20d9ab5d-e0b8-413b-8ff6-0039bf18b56d-300x420.jpg 300w\" sizes=\"(max-width: 415px) 100vw, 415px\" \/><\/figure>\n\n\n\n<h2 class=\"wp-block-heading\"><span class=\"has-inline-color has-vivid-red-color\"><strong>ACESSE O LINK ABAIXO E VEJA EDI\u00c7\u00c3O COMPLETA DO DI\u00c1RIO TRIBUNA, EDI\u00c7\u00c3O 3.685<\/strong><\/span><\/h2>\n\n\n\n<p><a href=\"https:\/\/diariotribuna.com.br\/wp-content\/uploads\/2020\/07\/DIARIO-TRIBUNA-50-ANOS-10-de-JULHO-2020.pdf\">https:\/\/diariotribuna.com.br\/wp-content\/uploads\/2020\/07\/DIARIO-TRIBUNA-50-ANOS-10-de-JULHO-2020.pdf<\/a><\/p>\n","protected":false},"excerpt":{"rendered":"<p>ACESSE O LINK ABAIXO E VEJA EDI\u00c7\u00c3O COMPLETA DO DI\u00c1RIO TRIBUNA, EDI\u00c7\u00c3O 3.685 https:\/\/diariotribuna.com.br\/wp-content\/uploads\/2020\/07\/DIARIO-TRIBUNA-50-ANOS-10-de-JULHO-2020.pdf<\/p>\n","protected":false},"author":1,"featured_media":1385,"comment_status":"open","ping_status":"open","sticky":false,"template":"","format":"standard","meta":{"rop_custom_images_group":[],"rop_custom_messages_group":[],"rop_publish_now":"initial","rop_publish_now_accounts":[],"rop_publish_now_history":[],"rop_publish_now_status":"pending","footnotes":""},"categories":[25,17,23],"tags":[471,42,75],"class_list":["post-1384","post","type-post","status-publish","format-standard","has-post-thumbnail","hentry","category-destaque","category-teofilootoni","category-ultimaedicao","tag-10-07-2020","tag-diario-tribuna","tag-teofilo-otoni"],"_links":{"self":[{"href":"https:\/\/diariotribuna.com.br\/index.php?rest_route=\/wp\/v2\/posts\/1384"}],"collection":[{"href":"https:\/\/diariotribuna.com.br\/index.php?rest_route=\/wp\/v2\/posts"}],"about":[{"href":"https:\/\/diariotribuna.com.br\/index.php?rest_route=\/wp\/v2\/types\/post"}],"author":[{"embeddable":true,"href":"https:\/\/diariotribuna.com.br\/index.php?rest_route=\/wp\/v2\/users\/1"}],"replies":[{"embeddable":true,"href":"https:\/\/diariotribuna.com.br\/index.php?rest_route=%2Fwp%2Fv2%2Fcomments&post=1384"}],"version-history":[{"count":4,"href":"https:\/\/diariotribuna.com.br\/index.php?rest_route=\/wp\/v2\/posts\/1384\/revisions"}],"predecessor-version":[{"id":1391,"href":"https:\/\/diariotribuna.com.br\/index.php?rest_route=\/wp\/v2\/posts\/1384\/revisions\/1391"}],"wp:featuredmedia":[{"embeddable":true,"href":"https:\/\/diariotribuna.com.br\/index.php?rest_route=\/wp\/v2\/media\/1385"}],"wp:attachment":[{"href":"https:\/\/diariotribuna.com.br\/index.php?rest_route=%2Fwp%2Fv2%2Fmedia&parent=1384"}],"wp:term":[{"taxonomy":"category","embeddable":true,"href":"https:\/\/diariotribuna.com.br\/index.php?rest_route=%2Fwp%2Fv2%2Fcategories&post=1384"},{"taxonomy":"post_tag","embeddable":true,"href":"https:\/\/diariotribuna.com.br\/index.php?rest_route=%2Fwp%2Fv2%2Ftags&post=1384"}],"curies":[{"name":"wp","href":"https:\/\/api.w.org\/{rel}","templated":true}]}}