{"id":1392,"date":"2020-07-10T15:09:43","date_gmt":"2020-07-10T18:09:43","guid":{"rendered":"https:\/\/diariotribuna.com.br\/?p=1392"},"modified":"2020-07-10T15:09:44","modified_gmt":"2020-07-10T18:09:44","slug":"minas-gerais-informe-epidemiologico-coronavirus-10-7-2020","status":"publish","type":"post","link":"https:\/\/diariotribuna.com.br\/?p=1392","title":{"rendered":"Minas Gerais: Informe Epidemiol\u00f3gico Coronav\u00edrus 10\/7\/2020"},"content":{"rendered":"\n<figure class=\"wp-block-image size-large is-resized\"><img loading=\"lazy\" decoding=\"async\" src=\"https:\/\/diariotribuna.com.br\/wp-content\/uploads\/2020\/07\/Estado-10-07.png\" alt=\"\" class=\"wp-image-1393\" width=\"464\" height=\"336\" srcset=\"https:\/\/diariotribuna.com.br\/wp-content\/uploads\/2020\/07\/Estado-10-07.png 722w, https:\/\/diariotribuna.com.br\/wp-content\/uploads\/2020\/07\/Estado-10-07-300x217.png 300w, https:\/\/diariotribuna.com.br\/wp-content\/uploads\/2020\/07\/Estado-10-07-324x235.png 324w, https:\/\/diariotribuna.com.br\/wp-content\/uploads\/2020\/07\/Estado-10-07-696x504.png 696w, https:\/\/diariotribuna.com.br\/wp-content\/uploads\/2020\/07\/Estado-10-07-580x420.png 580w\" sizes=\"(max-width: 464px) 100vw, 464px\" \/><\/figure>\n\n\n\n<p>At\u00e9 o momento foram 70.086 casos confirmados*. Est\u00e3o em acompanhamento** 23.437 casos e s\u00e3o 45.145 casos recuperados***. Est\u00e3o confirmados 1.504 \u00f3bitos. S\u00e3o 8.062 casos de interna\u00e7\u00e3o hospitalar na rede p\u00fablica e privada e a letalidade da doen\u00e7a \u00e9 de 2,1%.<\/p>\n\n\n\n<p>O elevado n\u00famero de casos notificados nas \u00faltimas 24h deve-se \u00e0 modifica\u00e7\u00e3o na metodologia de coleta de dados, o que permitiu atualizar a situa\u00e7\u00e3o epidemiol\u00f3gica dos munic\u00edpios com o total de casos acumulados. Ressalta-se, portanto, que o n\u00famero apresentado n\u00e3o retrata a ocorr\u00eancia de casos nas \u00faltimas 24h, mas a atualiza\u00e7\u00e3o dos dados at\u00e9 ent\u00e3o n\u00e3o informados pelos munic\u00edpios.<\/p>\n\n\n\n<p><strong>*Total de casos confirmados:<\/strong> soma dos casos confirmados, que n\u00e3o evolu\u00edram para \u00f3bito e dos \u00f3bitos confirmados por COVID-19.<\/p>\n\n\n\n<p><strong>**Casos em acompanhamento:<\/strong> Casos confirmados de Covid-19, que n\u00e3o evolu\u00edram para \u00f3bito, cuja condi\u00e7\u00e3o cl\u00ednica permanece sendo acompanhada ou aguarda atualiza\u00e7\u00e3o pelos munic\u00edpios.<\/p>\n\n\n\n<p><strong>***Casos recuperados:<\/strong> casos confirmados de Covid-19 que receberam alta hospitalar e\/ou cumpriram isolamento domiciliar de 14 dias sem intercorr\u00eancias.<\/p>\n\n\n\n<p><strong>\u00d3bitos confirmados:<\/strong> \u00f3bitos confirmados para Covid-19.<\/p>\n\n\n\n<p><strong>Dos \u00f3bitos notificados (N=3.018):<\/strong> 1.504 foram confirmados, 158 encontram-se em investiga\u00e7\u00e3o e 1.356 foram descartados para Covid-19.<\/p>\n\n\n\n<p><strong>Sobre casos suspeitos:<\/strong> Conforme nova defini\u00e7\u00e3o de caso preconizada pelo Minist\u00e9rio da Sa\u00fade e Secretaria de Estado de Sa\u00fade de Minas Gerais &#8211; SES, os casos anteriormente definidos como \u201csuspeitos\u201d passam a ser registrados nos sistemas oficiais de notifica\u00e7\u00e3o como S\u00edndrome Gripal Inespec\u00edfica, por n\u00e3o preencherem, em sua integralidade, crit\u00e9rio para investiga\u00e7\u00e3o laboratorial. Esses casos permanecer\u00e3o sob acompanhamento das vigil\u00e2ncias epidemiol\u00f3gicas estadual e municipal, mas deixam de ser tratados como casos suspeitos de COVID-19 e passam a ser tratados como s\u00edndromes respirat\u00f3rias de interesse \u00e0 sa\u00fade.<\/p>\n\n\n\n<p><strong>Dados parciais, sujeitos a altera\u00e7\u00f5es. Atualizado em 10\/07\/2020. Fonte: COES MINAS\/COVID-19\/SES-MG.<\/strong><\/p>\n","protected":false},"excerpt":{"rendered":"<p>At\u00e9 o momento foram 70.086 casos confirmados*. Est\u00e3o em acompanhamento** 23.437 casos e s\u00e3o 45.145 casos recuperados***. Est\u00e3o confirmados 1.504 \u00f3bitos. S\u00e3o 8.062 casos de interna\u00e7\u00e3o hospitalar na rede p\u00fablica e privada e a letalidade da doen\u00e7a \u00e9 de 2,1%. O elevado n\u00famero de casos notificados nas \u00faltimas 24h deve-se \u00e0 modifica\u00e7\u00e3o na metodologia de [&hellip;]<\/p>\n","protected":false},"author":1,"featured_media":1393,"comment_status":"open","ping_status":"open","sticky":false,"template":"","format":"standard","meta":{"rop_custom_images_group":[],"rop_custom_messages_group":[],"rop_publish_now":"initial","rop_publish_now_accounts":[],"rop_publish_now_history":[],"rop_publish_now_status":"pending","footnotes":""},"categories":[192],"tags":[67,65,70],"class_list":["post-1392","post","type-post","status-publish","format-standard","has-post-thumbnail","hentry","category-covid19","tag-boletim","tag-covid","tag-minas-gerais"],"_links":{"self":[{"href":"https:\/\/diariotribuna.com.br\/index.php?rest_route=\/wp\/v2\/posts\/1392"}],"collection":[{"href":"https:\/\/diariotribuna.com.br\/index.php?rest_route=\/wp\/v2\/posts"}],"about":[{"href":"https:\/\/diariotribuna.com.br\/index.php?rest_route=\/wp\/v2\/types\/post"}],"author":[{"embeddable":true,"href":"https:\/\/diariotribuna.com.br\/index.php?rest_route=\/wp\/v2\/users\/1"}],"replies":[{"embeddable":true,"href":"https:\/\/diariotribuna.com.br\/index.php?rest_route=%2Fwp%2Fv2%2Fcomments&post=1392"}],"version-history":[{"count":1,"href":"https:\/\/diariotribuna.com.br\/index.php?rest_route=\/wp\/v2\/posts\/1392\/revisions"}],"predecessor-version":[{"id":1394,"href":"https:\/\/diariotribuna.com.br\/index.php?rest_route=\/wp\/v2\/posts\/1392\/revisions\/1394"}],"wp:featuredmedia":[{"embeddable":true,"href":"https:\/\/diariotribuna.com.br\/index.php?rest_route=\/wp\/v2\/media\/1393"}],"wp:attachment":[{"href":"https:\/\/diariotribuna.com.br\/index.php?rest_route=%2Fwp%2Fv2%2Fmedia&parent=1392"}],"wp:term":[{"taxonomy":"category","embeddable":true,"href":"https:\/\/diariotribuna.com.br\/index.php?rest_route=%2Fwp%2Fv2%2Fcategories&post=1392"},{"taxonomy":"post_tag","embeddable":true,"href":"https:\/\/diariotribuna.com.br\/index.php?rest_route=%2Fwp%2Fv2%2Ftags&post=1392"}],"curies":[{"name":"wp","href":"https:\/\/api.w.org\/{rel}","templated":true}]}}