{"id":15157,"date":"2022-05-10T23:46:07","date_gmt":"2022-05-11T02:46:07","guid":{"rendered":"https:\/\/diariotribuna.com.br\/?p=15157"},"modified":"2022-05-10T23:54:42","modified_gmt":"2022-05-11T02:54:42","slug":"consej-se-reune-no-ministerio-de-justica-e-seguranca-publica-em-brasilia","status":"publish","type":"post","link":"https:\/\/diariotribuna.com.br\/?p=15157","title":{"rendered":"CONSEJ se re\u00fane no Minist\u00e9rio de Justi\u00e7a e Seguran\u00e7a P\u00fablica em Bras\u00edlia"},"content":{"rendered":"\n<figure class=\"wp-block-image size-full is-resized is-style-default\"><img loading=\"lazy\" decoding=\"async\" src=\"https:\/\/diariotribuna.com.br\/wp-content\/uploads\/2022\/05\/02a3482c-3218-42ab-8c3c-4c8d229661a2.jpg\" alt=\"\" class=\"wp-image-15158\" width=\"579\" height=\"370\" srcset=\"https:\/\/diariotribuna.com.br\/wp-content\/uploads\/2022\/05\/02a3482c-3218-42ab-8c3c-4c8d229661a2.jpg 700w, https:\/\/diariotribuna.com.br\/wp-content\/uploads\/2022\/05\/02a3482c-3218-42ab-8c3c-4c8d229661a2-300x192.jpg 300w, https:\/\/diariotribuna.com.br\/wp-content\/uploads\/2022\/05\/02a3482c-3218-42ab-8c3c-4c8d229661a2-696x444.jpg 696w, https:\/\/diariotribuna.com.br\/wp-content\/uploads\/2022\/05\/02a3482c-3218-42ab-8c3c-4c8d229661a2-658x420.jpg 658w\" sizes=\"(max-width: 579px) 100vw, 579px\" \/><\/figure>\n\n\n\n<p>Na segunda-feira (09\/05), durante todo o dia, a Secretaria de Justi\u00e7a e Seguran\u00e7a P\u00fablica de Minas Gerais participou da 2\u00aa sess\u00e3o 2022 do Conselho Nacional dos Secret\u00e1rios, em Bras\u00edlia, que contou com a participa\u00e7\u00e3o de Secret\u00e1rios de todos os Estados federados.<\/p>\n\n\n\n<p>Durante a realiza\u00e7\u00e3o da pauta, a Pol\u00edcia Penal de Minas Gerais apresentou com destaque e desenvoltura o SISPAER, Sistema Integrado de Seguran\u00e7a e Patrulhamento A\u00e9reo a todos os Secret\u00e1rios de Administra\u00e7\u00e3o Prisional do Brasil, com demonstra\u00e7\u00e3o da tecnologia avan\u00e7ada na preven\u00e7\u00e3o e combate ao arremesso de objetos il\u00edcitos nos estabelecimentos penais em Minas Gerais.<\/p>\n\n\n\n<figure class=\"wp-block-gallery has-nested-images columns-default is-cropped wp-block-gallery-1 is-layout-flex wp-block-gallery-is-layout-flex\">\n<figure class=\"wp-block-image size-large is-style-default\"><img loading=\"lazy\" decoding=\"async\" width=\"700\" height=\"528\" data-id=\"15161\" src=\"https:\/\/diariotribuna.com.br\/wp-content\/uploads\/2022\/05\/f409b7fd-1481-4c7d-8e65-078021b566ab.jpg\" alt=\"\" class=\"wp-image-15161\" srcset=\"https:\/\/diariotribuna.com.br\/wp-content\/uploads\/2022\/05\/f409b7fd-1481-4c7d-8e65-078021b566ab.jpg 700w, https:\/\/diariotribuna.com.br\/wp-content\/uploads\/2022\/05\/f409b7fd-1481-4c7d-8e65-078021b566ab-300x226.jpg 300w, https:\/\/diariotribuna.com.br\/wp-content\/uploads\/2022\/05\/f409b7fd-1481-4c7d-8e65-078021b566ab-80x60.jpg 80w, https:\/\/diariotribuna.com.br\/wp-content\/uploads\/2022\/05\/f409b7fd-1481-4c7d-8e65-078021b566ab-696x525.jpg 696w, https:\/\/diariotribuna.com.br\/wp-content\/uploads\/2022\/05\/f409b7fd-1481-4c7d-8e65-078021b566ab-557x420.jpg 557w\" sizes=\"(max-width: 700px) 100vw, 700px\" \/><\/figure>\n\n\n\n<figure class=\"wp-block-image size-large is-style-default\"><img loading=\"lazy\" decoding=\"async\" width=\"700\" height=\"561\" data-id=\"15159\" src=\"https:\/\/diariotribuna.com.br\/wp-content\/uploads\/2022\/05\/3ecc7b9e-ae22-43ab-98b9-e131cc70a7e9.jpg\" alt=\"\" class=\"wp-image-15159\" srcset=\"https:\/\/diariotribuna.com.br\/wp-content\/uploads\/2022\/05\/3ecc7b9e-ae22-43ab-98b9-e131cc70a7e9.jpg 700w, https:\/\/diariotribuna.com.br\/wp-content\/uploads\/2022\/05\/3ecc7b9e-ae22-43ab-98b9-e131cc70a7e9-300x240.jpg 300w, https:\/\/diariotribuna.com.br\/wp-content\/uploads\/2022\/05\/3ecc7b9e-ae22-43ab-98b9-e131cc70a7e9-696x558.jpg 696w, https:\/\/diariotribuna.com.br\/wp-content\/uploads\/2022\/05\/3ecc7b9e-ae22-43ab-98b9-e131cc70a7e9-524x420.jpg 524w\" sizes=\"(max-width: 700px) 100vw, 700px\" \/><\/figure>\n\n\n\n<figure class=\"wp-block-image size-large is-style-default\"><img loading=\"lazy\" decoding=\"async\" width=\"700\" height=\"539\" data-id=\"15160\" src=\"https:\/\/diariotribuna.com.br\/wp-content\/uploads\/2022\/05\/afc5ea64-7e2b-4e07-960d-424e1de2bee8.jpg\" alt=\"\" class=\"wp-image-15160\" srcset=\"https:\/\/diariotribuna.com.br\/wp-content\/uploads\/2022\/05\/afc5ea64-7e2b-4e07-960d-424e1de2bee8.jpg 700w, https:\/\/diariotribuna.com.br\/wp-content\/uploads\/2022\/05\/afc5ea64-7e2b-4e07-960d-424e1de2bee8-300x231.jpg 300w, https:\/\/diariotribuna.com.br\/wp-content\/uploads\/2022\/05\/afc5ea64-7e2b-4e07-960d-424e1de2bee8-696x536.jpg 696w, https:\/\/diariotribuna.com.br\/wp-content\/uploads\/2022\/05\/afc5ea64-7e2b-4e07-960d-424e1de2bee8-545x420.jpg 545w\" sizes=\"(max-width: 700px) 100vw, 700px\" \/><\/figure>\n<\/figure>\n\n\n\n<p>Ao final da sess\u00e3o, a Pol\u00edcia Penal foi convidada a ministrar um curso de capacita\u00e7\u00e3o a todos os policiais penais do Brasil, com a disponibiliza\u00e7\u00e3o de vagas no curso de forma\u00e7\u00e3o de pilotos de aeronaves remotamente pilotadas ao Departamento Penitenci\u00e1rio Federal e demais entes federativos.<\/p>\n\n\n\n<p>O curso ser\u00e1 realizado pelo Centro de Instru\u00e7\u00e3o de Aeronaves Remotamente Pilotadas (CIPARP) PPMG, cuja forma\u00e7\u00e3o ser\u00e1 baseada na MCA 56-4 focada para os \u00f3rg\u00e3os de seguran\u00e7a p\u00fablica no modal a\u00e9reo n\u00e3o tripulado, tornando o cen\u00e1rio a\u00e9reo n\u00e3o tripulado ainda mais forte e com profissionais cada vez mais capacitados.<\/p>\n\n\n\n<p>Participaram no evento em Bras\u00edlia, o dr. Rodrigo Machado, Diretor Geral do Departamento Penitenci\u00e1rio de Minas e do Policial Penal, Cassimiro Fernandes, coordenador de opera\u00e7\u00f5es com aeronaves remotamente pilotada. Destaca-se que em julho a Pol\u00edcia Penal de Minas Gerais estar\u00e1 presente no Semin\u00e1rio de Intelig\u00eancia no Estado do Esp\u00edrito Santo, tamb\u00e9m participando do evento na divulga\u00e7\u00e3o da nova tecnologia de combate ao crime no Brasil.<\/p>\n\n\n\n<figure class=\"wp-block-gallery has-nested-images columns-default is-cropped wp-block-gallery-2 is-layout-flex wp-block-gallery-is-layout-flex\">\n<figure class=\"wp-block-image size-large is-style-default\"><img loading=\"lazy\" decoding=\"async\" width=\"700\" height=\"487\" data-id=\"15164\" src=\"https:\/\/diariotribuna.com.br\/wp-content\/uploads\/2022\/05\/e11d1e48-68ac-41e3-8a97-5795dc7b6edc.jpg\" alt=\"\" class=\"wp-image-15164\" srcset=\"https:\/\/diariotribuna.com.br\/wp-content\/uploads\/2022\/05\/e11d1e48-68ac-41e3-8a97-5795dc7b6edc.jpg 700w, https:\/\/diariotribuna.com.br\/wp-content\/uploads\/2022\/05\/e11d1e48-68ac-41e3-8a97-5795dc7b6edc-300x209.jpg 300w, https:\/\/diariotribuna.com.br\/wp-content\/uploads\/2022\/05\/e11d1e48-68ac-41e3-8a97-5795dc7b6edc-100x70.jpg 100w, https:\/\/diariotribuna.com.br\/wp-content\/uploads\/2022\/05\/e11d1e48-68ac-41e3-8a97-5795dc7b6edc-696x484.jpg 696w, https:\/\/diariotribuna.com.br\/wp-content\/uploads\/2022\/05\/e11d1e48-68ac-41e3-8a97-5795dc7b6edc-604x420.jpg 604w\" sizes=\"(max-width: 700px) 100vw, 700px\" \/><\/figure>\n\n\n\n<figure class=\"wp-block-image size-large is-style-default\"><img loading=\"lazy\" decoding=\"async\" width=\"700\" height=\"492\" data-id=\"15163\" src=\"https:\/\/diariotribuna.com.br\/wp-content\/uploads\/2022\/05\/fcaa94d2-9997-4e15-8bab-6fa70c797c01.jpg\" alt=\"\" class=\"wp-image-15163\" srcset=\"https:\/\/diariotribuna.com.br\/wp-content\/uploads\/2022\/05\/fcaa94d2-9997-4e15-8bab-6fa70c797c01.jpg 700w, https:\/\/diariotribuna.com.br\/wp-content\/uploads\/2022\/05\/fcaa94d2-9997-4e15-8bab-6fa70c797c01-300x211.jpg 300w, https:\/\/diariotribuna.com.br\/wp-content\/uploads\/2022\/05\/fcaa94d2-9997-4e15-8bab-6fa70c797c01-100x70.jpg 100w, https:\/\/diariotribuna.com.br\/wp-content\/uploads\/2022\/05\/fcaa94d2-9997-4e15-8bab-6fa70c797c01-696x489.jpg 696w, https:\/\/diariotribuna.com.br\/wp-content\/uploads\/2022\/05\/fcaa94d2-9997-4e15-8bab-6fa70c797c01-598x420.jpg 598w\" sizes=\"(max-width: 700px) 100vw, 700px\" \/><\/figure>\n\n\n\n<figure class=\"wp-block-image size-large is-style-default\"><img loading=\"lazy\" decoding=\"async\" width=\"700\" height=\"521\" data-id=\"15165\" src=\"https:\/\/diariotribuna.com.br\/wp-content\/uploads\/2022\/05\/ea3fd2db-05b2-4282-a529-e10cd091c317.jpg\" alt=\"\" class=\"wp-image-15165\" srcset=\"https:\/\/diariotribuna.com.br\/wp-content\/uploads\/2022\/05\/ea3fd2db-05b2-4282-a529-e10cd091c317.jpg 700w, https:\/\/diariotribuna.com.br\/wp-content\/uploads\/2022\/05\/ea3fd2db-05b2-4282-a529-e10cd091c317-300x223.jpg 300w, https:\/\/diariotribuna.com.br\/wp-content\/uploads\/2022\/05\/ea3fd2db-05b2-4282-a529-e10cd091c317-80x60.jpg 80w, https:\/\/diariotribuna.com.br\/wp-content\/uploads\/2022\/05\/ea3fd2db-05b2-4282-a529-e10cd091c317-265x198.jpg 265w, https:\/\/diariotribuna.com.br\/wp-content\/uploads\/2022\/05\/ea3fd2db-05b2-4282-a529-e10cd091c317-696x518.jpg 696w, https:\/\/diariotribuna.com.br\/wp-content\/uploads\/2022\/05\/ea3fd2db-05b2-4282-a529-e10cd091c317-564x420.jpg 564w\" sizes=\"(max-width: 700px) 100vw, 700px\" \/><\/figure>\n<\/figure>\n\n\n\n<p>\u201cA Pol\u00edcia Penal \u00e9 imprescind\u00edvel na efetiva presta\u00e7\u00e3o de servi\u00e7o p\u00fablico e na engrenagem harm\u00f4nica do sistema de justi\u00e7a, fazendo cust\u00f3dia, ressocializando e combatendo o crime organizado. A apresenta\u00e7\u00e3o do sistema de patrulhando a\u00e9reo da Pol\u00edcia Penal de Minas Gerais ao Conselho Nacional de Secret\u00e1rios de Administra\u00e7\u00e3o Prisional \u00e9 uma inequ\u00edvoca demonstra\u00e7\u00e3o da importante institui\u00e7\u00e3o para a promo\u00e7\u00e3o de Justi\u00e7a deste pa\u00eds\u201d, asseverou o Secret\u00e1rio Jeferson Botelho.<\/p>\n\n\n\n<figure class=\"wp-block-image size-full is-style-default\"><img loading=\"lazy\" decoding=\"async\" width=\"700\" height=\"458\" src=\"https:\/\/diariotribuna.com.br\/wp-content\/uploads\/2022\/05\/8116f777-9551-46bb-8b13-1178d91deb97.jpg\" alt=\"\" class=\"wp-image-15162\" srcset=\"https:\/\/diariotribuna.com.br\/wp-content\/uploads\/2022\/05\/8116f777-9551-46bb-8b13-1178d91deb97.jpg 700w, https:\/\/diariotribuna.com.br\/wp-content\/uploads\/2022\/05\/8116f777-9551-46bb-8b13-1178d91deb97-300x196.jpg 300w, https:\/\/diariotribuna.com.br\/wp-content\/uploads\/2022\/05\/8116f777-9551-46bb-8b13-1178d91deb97-696x455.jpg 696w, https:\/\/diariotribuna.com.br\/wp-content\/uploads\/2022\/05\/8116f777-9551-46bb-8b13-1178d91deb97-642x420.jpg 642w\" sizes=\"(max-width: 700px) 100vw, 700px\" \/><\/figure>\n","protected":false},"excerpt":{"rendered":"<p>Na segunda-feira (09\/05), durante todo o dia, a Secretaria de Justi\u00e7a e Seguran\u00e7a P\u00fablica de Minas Gerais participou da 2\u00aa sess\u00e3o 2022 do Conselho Nacional dos Secret\u00e1rios, em Bras\u00edlia, que contou com a participa\u00e7\u00e3o de Secret\u00e1rios de todos os Estados federados. Durante a realiza\u00e7\u00e3o da pauta, a Pol\u00edcia Penal de Minas Gerais apresentou com destaque [&hellip;]<\/p>\n","protected":false},"author":1,"featured_media":15162,"comment_status":"open","ping_status":"open","sticky":false,"template":"","format":"standard","meta":{"rop_custom_images_group":[],"rop_custom_messages_group":[],"rop_publish_now":"initial","rop_publish_now_accounts":[],"rop_publish_now_history":[],"rop_publish_now_status":"pending","footnotes":""},"categories":[25,19],"tags":[1341,4426,4427,2926,3096],"class_list":["post-15157","post","type-post","status-publish","format-standard","has-post-thumbnail","hentry","category-destaque","category-gerais","tag-brasilia","tag-consej","tag-ministerio-da-justica","tag-seguranca-publica","tag-sejusp"],"_links":{"self":[{"href":"https:\/\/diariotribuna.com.br\/index.php?rest_route=\/wp\/v2\/posts\/15157"}],"collection":[{"href":"https:\/\/diariotribuna.com.br\/index.php?rest_route=\/wp\/v2\/posts"}],"about":[{"href":"https:\/\/diariotribuna.com.br\/index.php?rest_route=\/wp\/v2\/types\/post"}],"author":[{"embeddable":true,"href":"https:\/\/diariotribuna.com.br\/index.php?rest_route=\/wp\/v2\/users\/1"}],"replies":[{"embeddable":true,"href":"https:\/\/diariotribuna.com.br\/index.php?rest_route=%2Fwp%2Fv2%2Fcomments&post=15157"}],"version-history":[{"count":2,"href":"https:\/\/diariotribuna.com.br\/index.php?rest_route=\/wp\/v2\/posts\/15157\/revisions"}],"predecessor-version":[{"id":15167,"href":"https:\/\/diariotribuna.com.br\/index.php?rest_route=\/wp\/v2\/posts\/15157\/revisions\/15167"}],"wp:featuredmedia":[{"embeddable":true,"href":"https:\/\/diariotribuna.com.br\/index.php?rest_route=\/wp\/v2\/media\/15162"}],"wp:attachment":[{"href":"https:\/\/diariotribuna.com.br\/index.php?rest_route=%2Fwp%2Fv2%2Fmedia&parent=15157"}],"wp:term":[{"taxonomy":"category","embeddable":true,"href":"https:\/\/diariotribuna.com.br\/index.php?rest_route=%2Fwp%2Fv2%2Fcategories&post=15157"},{"taxonomy":"post_tag","embeddable":true,"href":"https:\/\/diariotribuna.com.br\/index.php?rest_route=%2Fwp%2Fv2%2Ftags&post=15157"}],"curies":[{"name":"wp","href":"https:\/\/api.w.org\/{rel}","templated":true}]}}