{"id":15327,"date":"2022-05-23T23:58:11","date_gmt":"2022-05-24T02:58:11","guid":{"rendered":"https:\/\/diariotribuna.com.br\/?p=15327"},"modified":"2022-05-24T23:59:19","modified_gmt":"2022-05-25T02:59:19","slug":"prazo-de-convocacao-de-candidatos-do-fies-termina-na-quinta-feira-26-05","status":"publish","type":"post","link":"https:\/\/diariotribuna.com.br\/?p=15327","title":{"rendered":"Prazo de convoca\u00e7\u00e3o de candidatos do Fies termina na quinta-feira (26\/05)"},"content":{"rendered":"\n<h3 class=\"wp-block-heading\"><strong>H\u00e1 66,5 mil vagas no primeiro processo seletivo do ano<\/strong><\/h3>\n\n\n\n<figure class=\"wp-block-image size-full is-resized is-style-default\"><img loading=\"lazy\" decoding=\"async\" src=\"https:\/\/diariotribuna.com.br\/wp-content\/uploads\/2022\/05\/enem_vac_abr_2811214312.jpg\" alt=\"\" class=\"wp-image-15328\" width=\"556\" height=\"334\" srcset=\"https:\/\/diariotribuna.com.br\/wp-content\/uploads\/2022\/05\/enem_vac_abr_2811214312.jpg 700w, https:\/\/diariotribuna.com.br\/wp-content\/uploads\/2022\/05\/enem_vac_abr_2811214312-300x180.jpg 300w, https:\/\/diariotribuna.com.br\/wp-content\/uploads\/2022\/05\/enem_vac_abr_2811214312-696x418.jpg 696w\" sizes=\"(max-width: 556px) 100vw, 556px\" \/><\/figure>\n\n\n\n<p>O prazo para a convoca\u00e7\u00e3o dos candidatos inscritos na lista de espera para o primeiro processo seletivo de 2022 do Fundo de Financiamento Estudantil (Fies) termina \u00e0s 23h59 (hor\u00e1rio de Bras\u00edlia) de quinta-feira (26\/05). No total, foram ofertadas 66,5 mil vagas no primeiro processo seletivo de 2022 do Fies e, segundo o Minist\u00e9rio da Educa\u00e7\u00e3o (MEC), para todo o ano de 2022 ser\u00e3o 110 mil vagas. Inicialmente, a convoca\u00e7\u00e3o seria feita&nbsp;at\u00e9 o dia 4 de maio.<\/p>\n\n\n\n<p>De acordo com o MEC, a decis\u00e3o de ampliar o prazo final de convoca\u00e7\u00e3o da lista de espera do Fies 2022\/1 tem como objetivo promover maior ocupa\u00e7\u00e3o das vagas ofertadas pelo programa. Al\u00e9m disso, nesta edi\u00e7\u00e3o n\u00e3o ser\u00e1 realizado o processo de preenchimento de vagas remanescentes, o que tamb\u00e9m contribuiu para a prorroga\u00e7\u00e3o da data.<\/p>\n\n\n\n<p><strong>O que \u00e9 o Fies<\/strong> &#8211; O Fies \u00e9 um programa do MEC que concede financiamento a estudantes em cursos superiores n\u00e3o gratuitos ofertados em institui\u00e7\u00f5es de ensino que aderiram ao programa. Para concorrer a uma das oportunidades do Fies, \u00e9 preciso ter participado do Exame Nacional do Ensino M\u00e9dio (Enem) a partir da edi\u00e7\u00e3o de 2010.<\/p>\n","protected":false},"excerpt":{"rendered":"<p>H\u00e1 66,5 mil vagas no primeiro processo seletivo do ano O prazo para a convoca\u00e7\u00e3o dos candidatos inscritos na lista de espera para o primeiro processo seletivo de 2022 do Fundo de Financiamento Estudantil (Fies) termina \u00e0s 23h59 (hor\u00e1rio de Bras\u00edlia) de quinta-feira (26\/05). No total, foram ofertadas 66,5 mil vagas no primeiro processo seletivo [&hellip;]<\/p>\n","protected":false},"author":1,"featured_media":15328,"comment_status":"open","ping_status":"open","sticky":false,"template":"","format":"standard","meta":{"rop_custom_images_group":[],"rop_custom_messages_group":[],"rop_publish_now":"initial","rop_publish_now_accounts":[],"rop_publish_now_history":[],"rop_publish_now_status":"pending","footnotes":""},"categories":[16],"tags":[4034,4476,4474,2315,4475],"class_list":["post-15327","post","type-post","status-publish","format-standard","has-post-thumbnail","hentry","category-educacao","tag-4034","tag-convocacao","tag-fies","tag-prazo","tag-quinta-feira-26-05"],"_links":{"self":[{"href":"https:\/\/diariotribuna.com.br\/index.php?rest_route=\/wp\/v2\/posts\/15327"}],"collection":[{"href":"https:\/\/diariotribuna.com.br\/index.php?rest_route=\/wp\/v2\/posts"}],"about":[{"href":"https:\/\/diariotribuna.com.br\/index.php?rest_route=\/wp\/v2\/types\/post"}],"author":[{"embeddable":true,"href":"https:\/\/diariotribuna.com.br\/index.php?rest_route=\/wp\/v2\/users\/1"}],"replies":[{"embeddable":true,"href":"https:\/\/diariotribuna.com.br\/index.php?rest_route=%2Fwp%2Fv2%2Fcomments&post=15327"}],"version-history":[{"count":3,"href":"https:\/\/diariotribuna.com.br\/index.php?rest_route=\/wp\/v2\/posts\/15327\/revisions"}],"predecessor-version":[{"id":15342,"href":"https:\/\/diariotribuna.com.br\/index.php?rest_route=\/wp\/v2\/posts\/15327\/revisions\/15342"}],"wp:featuredmedia":[{"embeddable":true,"href":"https:\/\/diariotribuna.com.br\/index.php?rest_route=\/wp\/v2\/media\/15328"}],"wp:attachment":[{"href":"https:\/\/diariotribuna.com.br\/index.php?rest_route=%2Fwp%2Fv2%2Fmedia&parent=15327"}],"wp:term":[{"taxonomy":"category","embeddable":true,"href":"https:\/\/diariotribuna.com.br\/index.php?rest_route=%2Fwp%2Fv2%2Fcategories&post=15327"},{"taxonomy":"post_tag","embeddable":true,"href":"https:\/\/diariotribuna.com.br\/index.php?rest_route=%2Fwp%2Fv2%2Ftags&post=15327"}],"curies":[{"name":"wp","href":"https:\/\/api.w.org\/{rel}","templated":true}]}}