{"id":15480,"date":"2022-06-03T09:29:24","date_gmt":"2022-06-03T12:29:24","guid":{"rendered":"https:\/\/diariotribuna.com.br\/?p=15480"},"modified":"2022-06-08T08:58:26","modified_gmt":"2022-06-08T11:58:26","slug":"jequitinhonha-alimentos-participa-do-encontro-lideres-do-varejo-em-teofilo-otoni","status":"publish","type":"post","link":"https:\/\/diariotribuna.com.br\/?p=15480","title":{"rendered":"<strong>Jequitinhonha Alimentos participa do encontro L\u00edderes do Varejo em Te\u00f3filo Otoni<\/strong>"},"content":{"rendered":"\n<pre class=\"wp-block-verse\"><em><strong>Evento promovido pela Associa\u00e7\u00e3o Mineira de Supermercados (AMIS) re\u00fane principais lideran\u00e7as de supermercado e fornecedores da regi\u00e3o de Montes Claros<\/strong><\/em><\/pre>\n\n\n\n<figure class=\"wp-block-image size-full is-resized is-style-default\"><img loading=\"lazy\" decoding=\"async\" src=\"https:\/\/diariotribuna.com.br\/wp-content\/uploads\/2022\/06\/unnamed.jpg\" alt=\"\" class=\"wp-image-15481\" width=\"666\" height=\"443\" srcset=\"https:\/\/diariotribuna.com.br\/wp-content\/uploads\/2022\/06\/unnamed.jpg 700w, https:\/\/diariotribuna.com.br\/wp-content\/uploads\/2022\/06\/unnamed-300x200.jpg 300w, https:\/\/diariotribuna.com.br\/wp-content\/uploads\/2022\/06\/unnamed-696x463.jpg 696w, https:\/\/diariotribuna.com.br\/wp-content\/uploads\/2022\/06\/unnamed-631x420.jpg 631w\" sizes=\"(max-width: 666px) 100vw, 666px\" \/><\/figure>\n\n\n\n<p>A ind\u00fastria Jequitinhonha Alimentos, fundada h\u00e1 24 anos em Capelinha, Vale do Jequitinhonha, participa do evento L\u00edderes do Varejo em Te\u00f3filo Otoni, a ser realizado no dia 7 de Junho, \u00e0s 14h, no Expominas. O evento, promovido pela Associa\u00e7\u00e3o Mineira de Supermercados (AMIS), tem por objetivo reunir empres\u00e1rios e fornecedores da regi\u00e3o, permitindo aos participantes um momento de trocas, atualiza\u00e7\u00f5es, neg\u00f3cios e relacionamento.<\/p>\n\n\n\n<p><strong>O CEO da Jequitinhonha Alimentos, Luiz Carlos Moreira Barbosa (foto)<\/strong>, acredita que esse momento \u00e9 importante para tra\u00e7ar perspectivas otimistas da ind\u00fastria do caf\u00e9. &#8220;\u00c9 importante trazer n\u00fameros que suportem um cen\u00e1rio de melhora, de uma ind\u00fastria que precisa de novos f\u00f4legos ap\u00f3s a pandemia. Como os n\u00fameros coletados pela Associa\u00e7\u00e3o Brasileira da Ind\u00fastria do Caf\u00e9 (ABIC), que apontam que, apesar das dificuldades econ\u00f4micas geradas nos \u00faltimos anos, a procura por caf\u00e9 em 2021 aumentou 1,71% em rela\u00e7\u00e3o ao per\u00edodo analisado no ano anterior.&#8221; <strong>A palestra do CEO acontece a partir das 16h e ser\u00e1 transmitida ao vivo pelo perfil @jequitinhonhaalimentos.<\/strong> O evento L\u00edderes do Varejo possui uma estrutura que permite a exposi\u00e7\u00e3o de produtos entre as palestras, permitindo ao fornecedor e expositor momentos separados para a conex\u00e3o e o relacionamento empresarial com as lideran\u00e7as do varejo.<\/p>\n\n\n\n<p><strong>Evento L\u00edderes do Varejo: Data<\/strong>: 07 de Junho<strong>&nbsp;&#8211; Hor\u00e1rio:<\/strong>&nbsp;11 \u00e0s 18h30 horas<strong>&nbsp;&#8211; Local:<\/strong>&nbsp; Expominas (Rua Coronel M\u00e1rio Cordeiro, 580 \u2013 Jardim Serra Verde \u2013 Te\u00f3filo Otoni) &#8211;&nbsp;<strong>Inscri\u00e7\u00f5es:<\/strong>&nbsp;Online e Gratuitas no site da Amis<strong>&nbsp;&#8211; Participa\u00e7\u00e3o:<\/strong>&nbsp;Mediante 1kg de alimento n\u00e3o perec\u00edvel.<\/p>\n","protected":false},"excerpt":{"rendered":"<p>Evento promovido pela Associa\u00e7\u00e3o Mineira de Supermercados (AMIS) re\u00fane principais lideran\u00e7as de supermercado e fornecedores da regi\u00e3o de Montes Claros A ind\u00fastria Jequitinhonha Alimentos, fundada h\u00e1 24 anos em Capelinha, Vale do Jequitinhonha, participa do evento L\u00edderes do Varejo em Te\u00f3filo Otoni, a ser realizado no dia 7 de Junho, \u00e0s 14h, no Expominas. O [&hellip;]<\/p>\n","protected":false},"author":1,"featured_media":15481,"comment_status":"open","ping_status":"open","sticky":false,"template":"","format":"standard","meta":{"rop_custom_images_group":[],"rop_custom_messages_group":[],"rop_publish_now":"initial","rop_publish_now_accounts":[],"rop_publish_now_history":[],"rop_publish_now_status":"pending","footnotes":""},"categories":[19],"tags":[4513,4515,4512,4514,75],"class_list":["post-15480","post","type-post","status-publish","format-standard","has-post-thumbnail","hentry","category-gerais","tag-encontro","tag-expominas","tag-jequitinhonha-alimentos","tag-lideres-do-varejo","tag-teofilo-otoni"],"_links":{"self":[{"href":"https:\/\/diariotribuna.com.br\/index.php?rest_route=\/wp\/v2\/posts\/15480"}],"collection":[{"href":"https:\/\/diariotribuna.com.br\/index.php?rest_route=\/wp\/v2\/posts"}],"about":[{"href":"https:\/\/diariotribuna.com.br\/index.php?rest_route=\/wp\/v2\/types\/post"}],"author":[{"embeddable":true,"href":"https:\/\/diariotribuna.com.br\/index.php?rest_route=\/wp\/v2\/users\/1"}],"replies":[{"embeddable":true,"href":"https:\/\/diariotribuna.com.br\/index.php?rest_route=%2Fwp%2Fv2%2Fcomments&post=15480"}],"version-history":[{"count":4,"href":"https:\/\/diariotribuna.com.br\/index.php?rest_route=\/wp\/v2\/posts\/15480\/revisions"}],"predecessor-version":[{"id":15525,"href":"https:\/\/diariotribuna.com.br\/index.php?rest_route=\/wp\/v2\/posts\/15480\/revisions\/15525"}],"wp:featuredmedia":[{"embeddable":true,"href":"https:\/\/diariotribuna.com.br\/index.php?rest_route=\/wp\/v2\/media\/15481"}],"wp:attachment":[{"href":"https:\/\/diariotribuna.com.br\/index.php?rest_route=%2Fwp%2Fv2%2Fmedia&parent=15480"}],"wp:term":[{"taxonomy":"category","embeddable":true,"href":"https:\/\/diariotribuna.com.br\/index.php?rest_route=%2Fwp%2Fv2%2Fcategories&post=15480"},{"taxonomy":"post_tag","embeddable":true,"href":"https:\/\/diariotribuna.com.br\/index.php?rest_route=%2Fwp%2Fv2%2Ftags&post=15480"}],"curies":[{"name":"wp","href":"https:\/\/api.w.org\/{rel}","templated":true}]}}