{"id":15531,"date":"2022-06-08T23:46:24","date_gmt":"2022-06-09T02:46:24","guid":{"rendered":"https:\/\/diariotribuna.com.br\/?p=15531"},"modified":"2022-06-14T23:59:36","modified_gmt":"2022-06-15T02:59:36","slug":"proprietario-de-veiculo-e-preso-por-entregar-direcao-a-condutor-inabilitado","status":"publish","type":"post","link":"https:\/\/diariotribuna.com.br\/?p=15531","title":{"rendered":"Propriet\u00e1rio de ve\u00edculo \u00e9 preso por entregar dire\u00e7\u00e3o a condutor inabilitado"},"content":{"rendered":"\n<figure class=\"wp-block-image size-full is-resized is-style-default\"><img loading=\"lazy\" decoding=\"async\" src=\"https:\/\/diariotribuna.com.br\/wp-content\/uploads\/2022\/06\/2bdfce89-b39b-4bff-ad96-b9b35dc90d74.jpg\" alt=\"\" class=\"wp-image-15532\" width=\"552\" height=\"345\" srcset=\"https:\/\/diariotribuna.com.br\/wp-content\/uploads\/2022\/06\/2bdfce89-b39b-4bff-ad96-b9b35dc90d74.jpg 700w, https:\/\/diariotribuna.com.br\/wp-content\/uploads\/2022\/06\/2bdfce89-b39b-4bff-ad96-b9b35dc90d74-300x188.jpg 300w, https:\/\/diariotribuna.com.br\/wp-content\/uploads\/2022\/06\/2bdfce89-b39b-4bff-ad96-b9b35dc90d74-696x435.jpg 696w, https:\/\/diariotribuna.com.br\/wp-content\/uploads\/2022\/06\/2bdfce89-b39b-4bff-ad96-b9b35dc90d74-671x420.jpg 671w\" sizes=\"(max-width: 552px) 100vw, 552px\" \/><\/figure>\n\n\n\n<p>Na ter\u00e7a-feira (07\/06), durante a opera\u00e7\u00e3o Rota Segura deflagrada pela Pol\u00edcia Militar Rodovi\u00e1ria, na MGC 418, km 17, em Nanuque, os militares abordaram uma picape Strada, cor vermelha. O condutor alegou ser inabilitado e teria assumido a dire\u00e7\u00e3o do ve\u00edculo na cidade de Carlos Chagas, ap\u00f3s o passageiro, propriet\u00e1rio do ve\u00edculo, sentir-se mal, dor de barriga.<\/p>\n\n\n\n<p>O propriet\u00e1rio do ve\u00edculo afirmou que seguia sentido \u00e0 cidade de Itamaraju, estado da Bahia, quando em Carlos Chagas havia sentido dores estomacais, motivo que o levou a entregar a dire\u00e7\u00e3o ao colega, mesmo sabendo que ele n\u00e3o possu\u00eda Carteira Nacional de Habilita\u00e7\u00e3o. Constatado o crime \u201centregar a dire\u00e7\u00e3o de ve\u00edculo automotor a pessoa n\u00e3o habilitada\u201d, o propriet\u00e1rio foi preso e conduzido para confec\u00e7\u00e3o do Termo Circunstanciado de Ocorr\u00eancia (TCO). Ambos foram autuados por infra\u00e7\u00f5es de tr\u00e2nsito.<\/p>\n\n\n\n<p>\u201cVale destacar nos relatos acima, que os viajantes estavam na cidade de Carlos Chagas, local onde poderiam ter buscado assist\u00eancia m\u00e9dica, passaram por Nanuque e foram abordados seguindo para a Bahia. A MGC 418 \u00e9 uma rodovia com intenso fluxo de ve\u00edculos, incluindo carretas de grande porte, sinuosa, com pouco acostamento, condi\u00e7\u00f5es que somadas a falta de habilita\u00e7\u00e3o, poderia causar riscos para os pr\u00f3prios ocupantes do autom\u00f3vel e demais usu\u00e1rios da via\u201d, destacou o tenente Reinaldo Martins.<\/p>\n\n\n\n<p>Segundo o militar, talvez boa parte da popula\u00e7\u00e3o desconhece que \u201cpermitir, confiar ou entregar a dire\u00e7\u00e3o de ve\u00edculo automotor a pessoa inabilitada\u201d, configura o crime de tr\u00e2nsito previsto no artigo 310 do C\u00f3digo de Tr\u00e2nsito Brasileiro (CTB), pass\u00edvel de pris\u00e3o, com penalidade de deten\u00e7\u00e3o de seis meses a um ano. Al\u00e9m de evitar a entrega da dire\u00e7\u00e3o, o propriet\u00e1rio do ve\u00edculo deve manter a chave em local seguro para que pessoas inabilitadas (filhos por exemplo), n\u00e3o tenham acesso ao ve\u00edculo.<\/p>\n\n\n\n<p>Enquanto realizavam a vistoria da picape Strada, os militares perceberam um odor caracter\u00edstico da subst\u00e2ncia maconha e ao observarem a lateral da porta, localizaram um recipiente pequeno com resqu\u00edcios da droga, um dichavador e um cigarro de maconha, que o motorista assumiu ser da sua propriedade, sendo ele preso e encaminhado para confec\u00e7\u00e3o do Termo Circunstanciado de Ocorr\u00eancia (TCO).<\/p>\n\n\n\n<p>Os materiais foram apreendidos e encaminhados \u00e0 delegacia de Pol\u00edcia Civil para as medidas de pol\u00edcia judici\u00e1ria. \u201cA Pol\u00edcia Militar Rodovi\u00e1ria continuar\u00e1 realizando opera\u00e7\u00f5es preventivas, com o objetivo de manter a seguran\u00e7a vi\u00e1ria e prevenir sinistros de tr\u00e2nsito com v\u00edtimas. Contamos com o apoio da imprensa e do comportamento respons\u00e1vel do motorista\u201d, disse o militar. Pol\u00edcia Militar Rodovi\u00e1ria: \u201cos anos de guarda dos Caminhos de Minas\u201d. (Informa\u00e7\u00f5es\/Foto: tenente Reinaldo Martins, comandante do 1\u00ba Pelot\u00e3o da 15\u00aa Cia PM RV).<\/p>\n","protected":false},"excerpt":{"rendered":"<p>Na ter\u00e7a-feira (07\/06), durante a opera\u00e7\u00e3o Rota Segura deflagrada pela Pol\u00edcia Militar Rodovi\u00e1ria, na MGC 418, km 17, em Nanuque, os militares abordaram uma picape Strada, cor vermelha. O condutor alegou ser inabilitado e teria assumido a dire\u00e7\u00e3o do ve\u00edculo na cidade de Carlos Chagas, ap\u00f3s o passageiro, propriet\u00e1rio do ve\u00edculo, sentir-se mal, dor de [&hellip;]<\/p>\n","protected":false},"author":1,"featured_media":15532,"comment_status":"open","ping_status":"open","sticky":false,"template":"","format":"standard","meta":{"rop_custom_images_group":[],"rop_custom_messages_group":[],"rop_publish_now":"initial","rop_publish_now_accounts":[],"rop_publish_now_history":[],"rop_publish_now_status":"pending","footnotes":""},"categories":[20],"tags":[4421,735,122,1030,1276],"class_list":["post-15531","post","type-post","status-publish","format-standard","has-post-thumbnail","hentry","category-policia","tag-inabilitado","tag-mgc-418","tag-nanuque","tag-policia-militar-rodoviaria","tag-preso"],"_links":{"self":[{"href":"https:\/\/diariotribuna.com.br\/index.php?rest_route=\/wp\/v2\/posts\/15531"}],"collection":[{"href":"https:\/\/diariotribuna.com.br\/index.php?rest_route=\/wp\/v2\/posts"}],"about":[{"href":"https:\/\/diariotribuna.com.br\/index.php?rest_route=\/wp\/v2\/types\/post"}],"author":[{"embeddable":true,"href":"https:\/\/diariotribuna.com.br\/index.php?rest_route=\/wp\/v2\/users\/1"}],"replies":[{"embeddable":true,"href":"https:\/\/diariotribuna.com.br\/index.php?rest_route=%2Fwp%2Fv2%2Fcomments&post=15531"}],"version-history":[{"count":1,"href":"https:\/\/diariotribuna.com.br\/index.php?rest_route=\/wp\/v2\/posts\/15531\/revisions"}],"predecessor-version":[{"id":15533,"href":"https:\/\/diariotribuna.com.br\/index.php?rest_route=\/wp\/v2\/posts\/15531\/revisions\/15533"}],"wp:featuredmedia":[{"embeddable":true,"href":"https:\/\/diariotribuna.com.br\/index.php?rest_route=\/wp\/v2\/media\/15532"}],"wp:attachment":[{"href":"https:\/\/diariotribuna.com.br\/index.php?rest_route=%2Fwp%2Fv2%2Fmedia&parent=15531"}],"wp:term":[{"taxonomy":"category","embeddable":true,"href":"https:\/\/diariotribuna.com.br\/index.php?rest_route=%2Fwp%2Fv2%2Fcategories&post=15531"},{"taxonomy":"post_tag","embeddable":true,"href":"https:\/\/diariotribuna.com.br\/index.php?rest_route=%2Fwp%2Fv2%2Ftags&post=15531"}],"curies":[{"name":"wp","href":"https:\/\/api.w.org\/{rel}","templated":true}]}}