{"id":15545,"date":"2022-06-09T22:28:51","date_gmt":"2022-06-10T01:28:51","guid":{"rendered":"https:\/\/diariotribuna.com.br\/?p=15545"},"modified":"2022-06-09T22:28:52","modified_gmt":"2022-06-10T01:28:52","slug":"pcmg-conclui-investigacao-sobre-trafico-de-drogas-por-investigado-que-cobrava-dividas-com-juros-e-ameacas","status":"publish","type":"post","link":"https:\/\/diariotribuna.com.br\/?p=15545","title":{"rendered":"PCMG conclui investiga\u00e7\u00e3o sobre tr\u00e1fico de drogas por investigado que cobrava d\u00edvidas com juros e amea\u00e7as"},"content":{"rendered":"\n<figure class=\"wp-block-image size-full is-resized is-style-default\"><img loading=\"lazy\" decoding=\"async\" src=\"https:\/\/diariotribuna.com.br\/wp-content\/uploads\/2022\/06\/8d580cc1-1178-4162-a625-1f842fb74f1a.jpg\" alt=\"\" class=\"wp-image-15546\" width=\"541\" height=\"380\" srcset=\"https:\/\/diariotribuna.com.br\/wp-content\/uploads\/2022\/06\/8d580cc1-1178-4162-a625-1f842fb74f1a.jpg 700w, https:\/\/diariotribuna.com.br\/wp-content\/uploads\/2022\/06\/8d580cc1-1178-4162-a625-1f842fb74f1a-300x210.jpg 300w, https:\/\/diariotribuna.com.br\/wp-content\/uploads\/2022\/06\/8d580cc1-1178-4162-a625-1f842fb74f1a-100x70.jpg 100w, https:\/\/diariotribuna.com.br\/wp-content\/uploads\/2022\/06\/8d580cc1-1178-4162-a625-1f842fb74f1a-696x488.jpg 696w, https:\/\/diariotribuna.com.br\/wp-content\/uploads\/2022\/06\/8d580cc1-1178-4162-a625-1f842fb74f1a-599x420.jpg 599w\" sizes=\"(max-width: 541px) 100vw, 541px\" \/><\/figure>\n\n\n\n<p>A Pol\u00edcia Civil de Minas Gerais, por meio da 3\u00aa Delegacia Regional de Pol\u00edcia Civil de Almenara, concluiu investiga\u00e7\u00e3o da pr\u00e1tica de tr\u00e1fico de drogas que vinha ocorrendo em Almenara, na regi\u00e3o do Vale do Jequitinhonha. Segundo a Pol\u00edcia Civil, a investiga\u00e7\u00e3o demonstrou que o investigado, de 27 anos, traficava drogas na cidade, e que chegava a cobrar o pagamento das d\u00edvidas dos usu\u00e1rios, em alguns casos, com o acr\u00e9scimo de juros, al\u00e9m de graves amea\u00e7as \u00e0 pessoa e sua fam\u00edlia.<\/p>\n\n\n\n<p>O dr. Thiago de Carvalho Passos, disse que, com a conclus\u00e3o do inqu\u00e9rito policial e indiciamento do investigado, a Pol\u00edcia Civil representou pela decreta\u00e7\u00e3o da sua pris\u00e3o preventiva, que foi deferida no in\u00edcio da noite de ter\u00e7a-feira (07\/06) pelo Poder Judici\u00e1rio, ap\u00f3s manifesta\u00e7\u00e3o favor\u00e1vel do Minist\u00e9rio P\u00fablico, tendo sido o investigado abordado pela Pol\u00edcia Militar em patrulhamento logo ap\u00f3s, ocasi\u00e3o em que foi dado cumprimento ao mandado de pris\u00e3o.<\/p>\n\n\n\n<p>\u201cO investigado possui v\u00e1rios registros da pr\u00e1tica dos crimes de tr\u00e1fico de drogas, porte de arma de fogo, amea\u00e7a, dentre outros. Os levantamentos realizados apontam o investigado, ainda, como receptador de bens subtra\u00eddos pelos usu\u00e1rios de droga nos crimes de furto que praticam na cidade\u201d, disse o delegado. Ap\u00f3s cumpridas as provid\u00eancias de praxe pela Pol\u00edcia Civil, o investigado foi encaminhado ao Departamento Penitenci\u00e1rio (DEPEN\/MG) em Almenara. (Informa\u00e7\u00f5es\/Foto: PCMG, dr. Thiago Passos).<\/p>\n","protected":false},"excerpt":{"rendered":"<p>A Pol\u00edcia Civil de Minas Gerais, por meio da 3\u00aa Delegacia Regional de Pol\u00edcia Civil de Almenara, concluiu investiga\u00e7\u00e3o da pr\u00e1tica de tr\u00e1fico de drogas que vinha ocorrendo em Almenara, na regi\u00e3o do Vale do Jequitinhonha. Segundo a Pol\u00edcia Civil, a investiga\u00e7\u00e3o demonstrou que o investigado, de 27 anos, traficava drogas na cidade, e que [&hellip;]<\/p>\n","protected":false},"author":1,"featured_media":15546,"comment_status":"open","ping_status":"open","sticky":false,"template":"","format":"standard","meta":{"rop_custom_images_group":[],"rop_custom_messages_group":[],"rop_publish_now":"initial","rop_publish_now_accounts":[],"rop_publish_now_history":[],"rop_publish_now_status":"pending","footnotes":""},"categories":[25,20],"tags":[110,4529,292,739],"class_list":["post-15545","post","type-post","status-publish","format-standard","has-post-thumbnail","hentry","category-destaque","category-policia","tag-almenara","tag-ameacas","tag-policia-civil","tag-trafico-de-drogas"],"_links":{"self":[{"href":"https:\/\/diariotribuna.com.br\/index.php?rest_route=\/wp\/v2\/posts\/15545"}],"collection":[{"href":"https:\/\/diariotribuna.com.br\/index.php?rest_route=\/wp\/v2\/posts"}],"about":[{"href":"https:\/\/diariotribuna.com.br\/index.php?rest_route=\/wp\/v2\/types\/post"}],"author":[{"embeddable":true,"href":"https:\/\/diariotribuna.com.br\/index.php?rest_route=\/wp\/v2\/users\/1"}],"replies":[{"embeddable":true,"href":"https:\/\/diariotribuna.com.br\/index.php?rest_route=%2Fwp%2Fv2%2Fcomments&post=15545"}],"version-history":[{"count":1,"href":"https:\/\/diariotribuna.com.br\/index.php?rest_route=\/wp\/v2\/posts\/15545\/revisions"}],"predecessor-version":[{"id":15547,"href":"https:\/\/diariotribuna.com.br\/index.php?rest_route=\/wp\/v2\/posts\/15545\/revisions\/15547"}],"wp:featuredmedia":[{"embeddable":true,"href":"https:\/\/diariotribuna.com.br\/index.php?rest_route=\/wp\/v2\/media\/15546"}],"wp:attachment":[{"href":"https:\/\/diariotribuna.com.br\/index.php?rest_route=%2Fwp%2Fv2%2Fmedia&parent=15545"}],"wp:term":[{"taxonomy":"category","embeddable":true,"href":"https:\/\/diariotribuna.com.br\/index.php?rest_route=%2Fwp%2Fv2%2Fcategories&post=15545"},{"taxonomy":"post_tag","embeddable":true,"href":"https:\/\/diariotribuna.com.br\/index.php?rest_route=%2Fwp%2Fv2%2Ftags&post=15545"}],"curies":[{"name":"wp","href":"https:\/\/api.w.org\/{rel}","templated":true}]}}