{"id":15548,"date":"2022-06-10T09:06:09","date_gmt":"2022-06-10T12:06:09","guid":{"rendered":"https:\/\/diariotribuna.com.br\/?p=15548"},"modified":"2022-06-10T09:07:14","modified_gmt":"2022-06-10T12:07:14","slug":"a-regiao-de-teofilo-otoni-foi-a-que-mais-expulsou-gente-em-mg","status":"publish","type":"post","link":"https:\/\/diariotribuna.com.br\/?p=15548","title":{"rendered":"A regi\u00e3o de Te\u00f3filo Otoni foi a que mais expulsou gente em MG"},"content":{"rendered":"\n<figure class=\"wp-block-image size-full is-resized is-style-default\"><img loading=\"lazy\" decoding=\"async\" src=\"https:\/\/diariotribuna.com.br\/wp-content\/uploads\/2022\/06\/Juliana.jpg\" alt=\"\" class=\"wp-image-15549\" width=\"335\" height=\"351\" srcset=\"https:\/\/diariotribuna.com.br\/wp-content\/uploads\/2022\/06\/Juliana.jpg 650w, https:\/\/diariotribuna.com.br\/wp-content\/uploads\/2022\/06\/Juliana-286x300.jpg 286w, https:\/\/diariotribuna.com.br\/wp-content\/uploads\/2022\/06\/Juliana-401x420.jpg 401w\" sizes=\"(max-width: 335px) 100vw, 335px\" \/><figcaption><strong><strong>Juliana Lemes da Cruz<\/strong>.<\/strong><br><strong>Doutoranda em Pol\u00edtica Social \u2013 UFF.<\/strong><br><strong>Pesquisadora GEPAF\/UFVJM.<\/strong><br><strong>Coordenadora do Projeto MLV.<\/strong><br><strong>Contato: <a href=\"mailto:julianalemes@id.uff.br\">julianalemes@id.uff.br<\/a><\/strong><\/figcaption><\/figure>\n\n\n\n<figure class=\"wp-block-image size-full is-resized is-style-default\"><img loading=\"lazy\" decoding=\"async\" src=\"https:\/\/diariotribuna.com.br\/wp-content\/uploads\/2022\/06\/e5585aa3-d501-4f0d-a34e-5e039d435c70.jpg\" alt=\"\" class=\"wp-image-15550\" width=\"503\" height=\"374\" srcset=\"https:\/\/diariotribuna.com.br\/wp-content\/uploads\/2022\/06\/e5585aa3-d501-4f0d-a34e-5e039d435c70.jpg 700w, https:\/\/diariotribuna.com.br\/wp-content\/uploads\/2022\/06\/e5585aa3-d501-4f0d-a34e-5e039d435c70-300x223.jpg 300w, https:\/\/diariotribuna.com.br\/wp-content\/uploads\/2022\/06\/e5585aa3-d501-4f0d-a34e-5e039d435c70-80x60.jpg 80w, https:\/\/diariotribuna.com.br\/wp-content\/uploads\/2022\/06\/e5585aa3-d501-4f0d-a34e-5e039d435c70-265x198.jpg 265w, https:\/\/diariotribuna.com.br\/wp-content\/uploads\/2022\/06\/e5585aa3-d501-4f0d-a34e-5e039d435c70-696x518.jpg 696w, https:\/\/diariotribuna.com.br\/wp-content\/uploads\/2022\/06\/e5585aa3-d501-4f0d-a34e-5e039d435c70-564x420.jpg 564w\" sizes=\"(max-width: 503px) 100vw, 503px\" \/><\/figure>\n\n\n\n<p>A regi\u00e3o de Te\u00f3filo Otoni foi a que mais expulsou gente do seu territ\u00f3rio entre os anos de 2005 e 2010. O estudo publicado pela Funda\u00e7\u00e3o Jo\u00e3o Pinheiro (FJP) em 2019, confirma a sensa\u00e7\u00e3o da popula\u00e7\u00e3o de que as pessoas est\u00e3o indo embora daqui. As partes escuras da figura apresentam as regi\u00f5es mais cr\u00edticas no que tange \u00e0 sa\u00edda da popula\u00e7\u00e3o. Apesar de a an\u00e1lise fazer refer\u00eancia ao in\u00edcio desta d\u00e9cada, ainda hoje, sentimos que a expuls\u00e3o de nossa gente \u00e9 uma preocupante realidade. No m\u00eas passado, tive a oportunidade de participar de um evento na Universidade Estadual de Montes Claros (UNIMONTES), em que um pesquisador da FJP alertava sobre a migra\u00e7\u00e3o em Minas Gerais, chamando a aten\u00e7\u00e3o para as taxas elevadas de sa\u00edda de popula\u00e7\u00e3o, principalmente dos territ\u00f3rios de desenvolvimento do Vale do Mucuri e do Vale do Jequitinhonha.<\/p>\n\n\n\n<p>A proje\u00e7\u00e3o, ou seja, a tend\u00eancia at\u00e9 2040 \u00e9 de esvaziamento dessas regi\u00f5es de forma bastante acelerada, se comparado \u00e0s demais regi\u00f5es do estado. Nesse cen\u00e1rio, um fator que est\u00e1 bastante presente na realidade das pessoas que por aqui ficaram, refere-se \u00e0 intensa sa\u00edda dos nativos no in\u00edcio da d\u00e9cada de 2000, rumo aos Estados Unidos, geralmente, em busca de trabalho que os possibilitasse retorno financeiro para investimento em bens m\u00f3veis e im\u00f3veis em territ\u00f3rio brasileiro.<\/p>\n\n\n\n<p>Ap\u00f3s quase duas d\u00e9cadas, retornando ao Brasil, muitos dos que se foram naquela \u00e9poca alcan\u00e7aram seus objetivos; alguns mudaram seus planos e decidiram ficar pelas terras norte-americanas; e outros, tiveram seus planos frustrados por conta da situa\u00e7\u00e3o de ilegalidade no territ\u00f3rio estrangeiro. Aliado a esse fator, que pode ter influenciado nos \u00edndices revelados pela citada Funda\u00e7\u00e3o, podemos perceber que outras dire\u00e7\u00f5es tamb\u00e9m foram tomadas pelas pessoas da regi\u00e3o de Te\u00f3filo Otoni, especialmente rumo aos grandes centros urbanos.<\/p>\n\n\n\n<p>O estudo revelou que 70% das migra\u00e7\u00f5es dos mineiros aconteceram dentro do pr\u00f3prio estado. Outro dado importante indica que, entre os anos de 2000 e 2010, a regi\u00e3o geogr\u00e1fica de Te\u00f3filo Otoni teve o menor crescimento populacional do Estado de Minas Gerais, 0,39%, seguida da regi\u00e3o de Governador Valadares, com 0,48% ao ano. A regi\u00e3o que mais cresceu em Minas foi a regi\u00e3o de Uberaba, com 1,89%. Neste mesmo per\u00edodo, a regi\u00e3o de Te\u00f3filo Otoni teve a maior taxa de fecundidade (nascimentos) do estado, ao passo que tamb\u00e9m foi l\u00edder na taxa de mortalidade infantil.<\/p>\n\n\n\n<p>Atualmente, continuam distintas as motiva\u00e7\u00f5es que encorajam os residentes desta regi\u00e3o a buscarem outros lugares, dentre eles, as limitadas possibilidades de ascens\u00e3o profissional em determinadas \u00e1reas do conhecimento, a car\u00eancia de postos de trabalho formalizado (com carteira assinada) e os problemas recorrentes relacionados \u00e0 sa\u00fade, \u00e0 escassez de \u00e1gua e \u00e0 educa\u00e7\u00e3o.<\/p>\n\n\n\n<p><strong>Um estudo da FJP publicado em 2018 apontou que, quanto \u00e0s movimenta\u00e7\u00f5es dentro de Minas, a sa\u00edda das pessoas da regi\u00e3o de Te\u00f3filo Otoni foi, principalmente, em dire\u00e7\u00e3o aos munic\u00edpios de:<\/strong> 1\u00ba) Belo Horizonte; 2\u00ba) Nova Serrana; 3\u00ba) Governador Valadares; e 4\u00ba) Betim. <strong>Quanto \u00e0s sa\u00eddas rumo aos munic\u00edpios de outros estados da federa\u00e7\u00e3o, os que mais acolheram os mineiros da regi\u00e3o de Te\u00f3filo Otoni foram:<\/strong> 1\u00ba) S\u00e3o Paulo\/SP; 2\u00ba) Serra\/ES; 3\u00ba) Nova Vi\u00e7osa\/ BA; e 4\u00ba) Mucuri\/BA. A sa\u00edda das pessoas da regi\u00e3o de Te\u00f3filo Otoni segue concomitante ao envelhecimento da popula\u00e7\u00e3o. Em alguns anos, o cen\u00e1rio populacional desta regi\u00e3o pode ser totalmente diferente, visto que, a expuls\u00e3o da popula\u00e7\u00e3o permanece caminhando a passos largos. (Imagem e informa\u00e7\u00f5es: fjp.mg.gov.br).<\/p>\n","protected":false},"excerpt":{"rendered":"<p>A regi\u00e3o de Te\u00f3filo Otoni foi a que mais expulsou gente do seu territ\u00f3rio entre os anos de 2005 e 2010. O estudo publicado pela Funda\u00e7\u00e3o Jo\u00e3o Pinheiro (FJP) em 2019, confirma a sensa\u00e7\u00e3o da popula\u00e7\u00e3o de que as pessoas est\u00e3o indo embora daqui. As partes escuras da figura apresentam as regi\u00f5es mais cr\u00edticas no [&hellip;]<\/p>\n","protected":false},"author":1,"featured_media":15549,"comment_status":"open","ping_status":"open","sticky":false,"template":"","format":"standard","meta":{"rop_custom_images_group":[],"rop_custom_messages_group":[],"rop_publish_now":"initial","rop_publish_now_accounts":[],"rop_publish_now_history":[],"rop_publish_now_status":"pending","footnotes":""},"categories":[25,24],"tags":[1194,70,4531,75],"class_list":["post-15548","post","type-post","status-publish","format-standard","has-post-thumbnail","hentry","category-destaque","category-opiniao","tag-juliana-lemes","tag-minas-gerais","tag-regiao-que-mais-expulsou-gente","tag-teofilo-otoni"],"_links":{"self":[{"href":"https:\/\/diariotribuna.com.br\/index.php?rest_route=\/wp\/v2\/posts\/15548"}],"collection":[{"href":"https:\/\/diariotribuna.com.br\/index.php?rest_route=\/wp\/v2\/posts"}],"about":[{"href":"https:\/\/diariotribuna.com.br\/index.php?rest_route=\/wp\/v2\/types\/post"}],"author":[{"embeddable":true,"href":"https:\/\/diariotribuna.com.br\/index.php?rest_route=\/wp\/v2\/users\/1"}],"replies":[{"embeddable":true,"href":"https:\/\/diariotribuna.com.br\/index.php?rest_route=%2Fwp%2Fv2%2Fcomments&post=15548"}],"version-history":[{"count":1,"href":"https:\/\/diariotribuna.com.br\/index.php?rest_route=\/wp\/v2\/posts\/15548\/revisions"}],"predecessor-version":[{"id":15551,"href":"https:\/\/diariotribuna.com.br\/index.php?rest_route=\/wp\/v2\/posts\/15548\/revisions\/15551"}],"wp:featuredmedia":[{"embeddable":true,"href":"https:\/\/diariotribuna.com.br\/index.php?rest_route=\/wp\/v2\/media\/15549"}],"wp:attachment":[{"href":"https:\/\/diariotribuna.com.br\/index.php?rest_route=%2Fwp%2Fv2%2Fmedia&parent=15548"}],"wp:term":[{"taxonomy":"category","embeddable":true,"href":"https:\/\/diariotribuna.com.br\/index.php?rest_route=%2Fwp%2Fv2%2Fcategories&post=15548"},{"taxonomy":"post_tag","embeddable":true,"href":"https:\/\/diariotribuna.com.br\/index.php?rest_route=%2Fwp%2Fv2%2Ftags&post=15548"}],"curies":[{"name":"wp","href":"https:\/\/api.w.org\/{rel}","templated":true}]}}