{"id":15557,"date":"2022-06-11T13:39:10","date_gmt":"2022-06-11T16:39:10","guid":{"rendered":"https:\/\/diariotribuna.com.br\/?p=15557"},"modified":"2022-06-15T00:51:24","modified_gmt":"2022-06-15T03:51:24","slug":"dr-jeferson-botelho-lanca-livro-na-28a-subsecao-da-oab-mg-em-teofilo-otoni","status":"publish","type":"post","link":"https:\/\/diariotribuna.com.br\/?p=15557","title":{"rendered":"Dr. Jeferson Botelho lan\u00e7a livro na 28\u00aa Subse\u00e7\u00e3o da OAB\/MG, em Te\u00f3filo Otoni"},"content":{"rendered":"\n<p><strong><em>Durante solenidade na noite de segunda-feira (13\/06), o dr. Jeferson Botelho ser\u00e1 paraninfo na entrega de carteiras a novos inscritos na OAB<\/em><\/strong><\/p>\n\n\n\n<figure class=\"wp-block-image size-full is-resized is-style-default\"><img loading=\"lazy\" decoding=\"async\" src=\"https:\/\/diariotribuna.com.br\/wp-content\/uploads\/2022\/06\/FOTO-autor.jpg\" alt=\"\" class=\"wp-image-15558\" width=\"436\" height=\"368\" srcset=\"https:\/\/diariotribuna.com.br\/wp-content\/uploads\/2022\/06\/FOTO-autor.jpg 600w, https:\/\/diariotribuna.com.br\/wp-content\/uploads\/2022\/06\/FOTO-autor-300x253.jpg 300w, https:\/\/diariotribuna.com.br\/wp-content\/uploads\/2022\/06\/FOTO-autor-498x420.jpg 498w\" sizes=\"(max-width: 436px) 100vw, 436px\" \/><figcaption><strong>*Autor &#8211; dr. Jeferson Botelho Pereira<\/strong><\/figcaption><\/figure>\n\n\n\n<p>A 28\u00aa Subse\u00e7\u00e3o da OAB\/MG e a ESA (Escola Superior de Advocacia da OAB\/MG), em Te\u00f3filo Otoni, convidam para o lan\u00e7amento do livro <strong>Viol\u00eancia Dom\u00e9stica e Familiar \u2013 Avan\u00e7os e Desafios da Lei Maria da Penha como Aparato de Preven\u00e7\u00e3o<\/strong>, de autoria do dr. Jeferson Botelho Pereira, tema de relev\u00e2ncia jur\u00eddica e social.<\/p>\n\n\n\n<p>Na oportunidade haver\u00e1 entrega de carteiras aos novos inscritos na Ordem dos Advogados do Brasil, tendo como paraninfo do dr. Jeferson Botelho. O evento ser\u00e1 realizado na segunda-feira (13\/06\/2022), \u00e0s 19h, no audit\u00f3rio da 28\u00aa Subse\u00e7\u00e3o da OAB\/MG, na Avenida J\u00falio Rodrigues, 490, Bairro Marajoara, em Te\u00f3filo Otoni.<\/p>\n\n\n\n<p>Em um total de 20 cap\u00edtulos, o livro discute, dentre tantos outros relevantes t\u00f3picos, sobre a participa\u00e7\u00e3o da mulher no cen\u00e1rio pol\u00edtico nacional e o exerc\u00edcio de seus direitos; o direito de prote\u00e7\u00e3o \u00e0 sa\u00fade menstrual da mulher; as recentes altera\u00e7\u00f5es no C\u00f3digo Penal e Lei Maria da Penha; a nova modalidade criminosa de desobedi\u00eancia de descumprimento de medidas protetivas, a cria\u00e7\u00e3o do Formul\u00e1rio Nacional de Avalia\u00e7\u00e3o de Risco que visa subsidiar a atua\u00e7\u00e3o do Sistema de Justi\u00e7a; as novas atribui\u00e7\u00f5es do Delegado de Pol\u00edcia em face da exist\u00eancia de risco atual ou iminente \u00e0 vida ou integridade f\u00edsica da mulher.<\/p>\n\n\n\n<figure class=\"wp-block-image size-full is-resized is-style-default\"><img loading=\"lazy\" decoding=\"async\" src=\"https:\/\/diariotribuna.com.br\/wp-content\/uploads\/2022\/06\/122d7ef4-bc0e-4e31-9ff1-3b1cb67e7b0c.jpg\" alt=\"\" class=\"wp-image-15560\" width=\"463\" height=\"616\" srcset=\"https:\/\/diariotribuna.com.br\/wp-content\/uploads\/2022\/06\/122d7ef4-bc0e-4e31-9ff1-3b1cb67e7b0c.jpg 700w, https:\/\/diariotribuna.com.br\/wp-content\/uploads\/2022\/06\/122d7ef4-bc0e-4e31-9ff1-3b1cb67e7b0c-226x300.jpg 226w, https:\/\/diariotribuna.com.br\/wp-content\/uploads\/2022\/06\/122d7ef4-bc0e-4e31-9ff1-3b1cb67e7b0c-696x926.jpg 696w, https:\/\/diariotribuna.com.br\/wp-content\/uploads\/2022\/06\/122d7ef4-bc0e-4e31-9ff1-3b1cb67e7b0c-316x420.jpg 316w\" sizes=\"(max-width: 463px) 100vw, 463px\" \/><\/figure>\n\n\n\n<p>Em suma, a obra serve como uma b\u00fassola aos diferentes p\u00fablicos com interesse em tomar conhecimento e contribuir com o avan\u00e7o do cumprimento e da garantia dos direitos das mulheres e, conseguintemente, para a constru\u00e7\u00e3o de uma sociedade verdadeiramente igualit\u00e1ria, justa, fraterna, pluralista e sem preconceitos. <strong>Pr\u00e9-Vendas:<\/strong> <a href=\"https:\/\/www.editoramizuno.com.br\/livro-de-violencia-domestica-e-familiar.html\">https:\/\/www.editoramizuno.com.br\/livro-de-violencia-domestica-e-familiar.html<\/a><\/p>\n\n\n\n<pre class=\"wp-block-verse\">* <strong><strong>Jeferson Botelho Pereira - <\/strong>Secret\u00e1rio Adjunto de Justi\u00e7a e Seguran\u00e7a P\u00fablica de Minas Gerais. Delegado-Geral de Pol\u00edcia Civil de Minas Gerais \u2013 Aposentado. Professor de Direito Penal e Processo Penal; P\u00f3s-graduado em Direito Penal e Processo Penal Lato Sensu \u2013 Fadivale. Especializa\u00e7\u00e3o em Combate \u00e0 Corrup\u00e7\u00e3o, Antiterrorismo e Combate ao Crime Organizado \u2013 Universidade Salamanca \u2013 Espanha. Mestre em Ci\u00eancias das Religi\u00f5es \u2013 Faculdade Unida de Vit\u00f3ria\/ES. Autor de obras jur\u00eddicas. Advogado em Minas Gerais.<\/strong><\/pre>\n\n\n\n<figure class=\"wp-block-image size-full is-resized is-style-default\"><img loading=\"lazy\" decoding=\"async\" src=\"https:\/\/diariotribuna.com.br\/wp-content\/uploads\/2022\/06\/873fbee3-c3ce-4ea7-a85c-8fd416c60b49.jpg\" alt=\"\" class=\"wp-image-15559\" width=\"754\" height=\"225\" srcset=\"https:\/\/diariotribuna.com.br\/wp-content\/uploads\/2022\/06\/873fbee3-c3ce-4ea7-a85c-8fd416c60b49.jpg 566w, https:\/\/diariotribuna.com.br\/wp-content\/uploads\/2022\/06\/873fbee3-c3ce-4ea7-a85c-8fd416c60b49-300x90.jpg 300w\" sizes=\"(max-width: 754px) 100vw, 754px\" \/><\/figure>\n\n\n\n<p><\/p>\n","protected":false},"excerpt":{"rendered":"<p>Durante solenidade na noite de segunda-feira (13\/06), o dr. Jeferson Botelho ser\u00e1 paraninfo na entrega de carteiras a novos inscritos na OAB A 28\u00aa Subse\u00e7\u00e3o da OAB\/MG e a ESA (Escola Superior de Advocacia da OAB\/MG), em Te\u00f3filo Otoni, convidam para o lan\u00e7amento do livro Viol\u00eancia Dom\u00e9stica e Familiar \u2013 Avan\u00e7os e Desafios da Lei [&hellip;]<\/p>\n","protected":false},"author":1,"featured_media":15558,"comment_status":"open","ping_status":"open","sticky":false,"template":"","format":"standard","meta":{"rop_custom_images_group":[],"rop_custom_messages_group":[],"rop_publish_now":"initial","rop_publish_now_accounts":[],"rop_publish_now_history":[],"rop_publish_now_status":"pending","footnotes":""},"categories":[31],"tags":[536,1749,3021,3022,75],"class_list":["post-15557","post","type-post","status-publish","format-standard","has-post-thumbnail","hentry","category-juridico","tag-28a-subsecao-da-oab-mg","tag-jeferson-botelho-pereira","tag-lancamento","tag-livro","tag-teofilo-otoni"],"_links":{"self":[{"href":"https:\/\/diariotribuna.com.br\/index.php?rest_route=\/wp\/v2\/posts\/15557"}],"collection":[{"href":"https:\/\/diariotribuna.com.br\/index.php?rest_route=\/wp\/v2\/posts"}],"about":[{"href":"https:\/\/diariotribuna.com.br\/index.php?rest_route=\/wp\/v2\/types\/post"}],"author":[{"embeddable":true,"href":"https:\/\/diariotribuna.com.br\/index.php?rest_route=\/wp\/v2\/users\/1"}],"replies":[{"embeddable":true,"href":"https:\/\/diariotribuna.com.br\/index.php?rest_route=%2Fwp%2Fv2%2Fcomments&post=15557"}],"version-history":[{"count":3,"href":"https:\/\/diariotribuna.com.br\/index.php?rest_route=\/wp\/v2\/posts\/15557\/revisions"}],"predecessor-version":[{"id":15565,"href":"https:\/\/diariotribuna.com.br\/index.php?rest_route=\/wp\/v2\/posts\/15557\/revisions\/15565"}],"wp:featuredmedia":[{"embeddable":true,"href":"https:\/\/diariotribuna.com.br\/index.php?rest_route=\/wp\/v2\/media\/15558"}],"wp:attachment":[{"href":"https:\/\/diariotribuna.com.br\/index.php?rest_route=%2Fwp%2Fv2%2Fmedia&parent=15557"}],"wp:term":[{"taxonomy":"category","embeddable":true,"href":"https:\/\/diariotribuna.com.br\/index.php?rest_route=%2Fwp%2Fv2%2Fcategories&post=15557"},{"taxonomy":"post_tag","embeddable":true,"href":"https:\/\/diariotribuna.com.br\/index.php?rest_route=%2Fwp%2Fv2%2Ftags&post=15557"}],"curies":[{"name":"wp","href":"https:\/\/api.w.org\/{rel}","templated":true}]}}