{"id":15566,"date":"2022-06-12T18:56:21","date_gmt":"2022-06-12T21:56:21","guid":{"rendered":"https:\/\/diariotribuna.com.br\/?p=15566"},"modified":"2022-06-12T18:56:22","modified_gmt":"2022-06-12T21:56:22","slug":"policia-civil-de-aracuai-desmancha-esquema-de-prostituicao-infantil","status":"publish","type":"post","link":"https:\/\/diariotribuna.com.br\/?p=15566","title":{"rendered":"Pol\u00edcia Civil de Ara\u00e7ua\u00ed desmancha esquema de prostitui\u00e7\u00e3o infantil"},"content":{"rendered":"\n<h3 class=\"wp-block-heading\"><strong><em>Tr\u00eas pessoas foram presas na Opera\u00e7\u00e3o Cinderela, na noite de sexta-feira (10\/06)<\/em><\/strong><\/h3>\n\n\n\n<figure class=\"wp-block-image size-full is-resized is-style-default\"><img loading=\"lazy\" decoding=\"async\" src=\"https:\/\/diariotribuna.com.br\/wp-content\/uploads\/2022\/06\/5d803a39-b52b-4064-8930-e4ae3e0c6e9e.jpg\" alt=\"\" class=\"wp-image-15567\" width=\"543\" height=\"337\" srcset=\"https:\/\/diariotribuna.com.br\/wp-content\/uploads\/2022\/06\/5d803a39-b52b-4064-8930-e4ae3e0c6e9e.jpg 700w, https:\/\/diariotribuna.com.br\/wp-content\/uploads\/2022\/06\/5d803a39-b52b-4064-8930-e4ae3e0c6e9e-300x186.jpg 300w, https:\/\/diariotribuna.com.br\/wp-content\/uploads\/2022\/06\/5d803a39-b52b-4064-8930-e4ae3e0c6e9e-356x220.jpg 356w, https:\/\/diariotribuna.com.br\/wp-content\/uploads\/2022\/06\/5d803a39-b52b-4064-8930-e4ae3e0c6e9e-696x433.jpg 696w, https:\/\/diariotribuna.com.br\/wp-content\/uploads\/2022\/06\/5d803a39-b52b-4064-8930-e4ae3e0c6e9e-676x420.jpg 676w\" sizes=\"(max-width: 543px) 100vw, 543px\" \/><\/figure>\n\n\n\n<p>A Pol\u00edcia Civil de Minas Gerais, atrav\u00e9s da delegacia de Ara\u00e7ua\u00ed, em conjunto com o Minist\u00e9rio P\u00fablico e o Poder Judici\u00e1rio, desencadeou a Opera\u00e7\u00e3o Cinderela, na sexta-feira (10\/06), resultando na pris\u00e3o de duas pessoas na cidade de Ara\u00e7ua\u00ed e uma em Coronel Murta. Segundo a Pol\u00edcia Civil, as investiga\u00e7\u00f5es apontaram para \u201cum esquema de prostitui\u00e7\u00e3o infantil na regi\u00e3o, em que crian\u00e7as eram abusadas sexualmente, sendo utilizadas como moeda de troca (fantasia x dinheiro)\u201d.<\/p>\n\n\n\n<p>Ap\u00f3s as investiga\u00e7\u00f5es apresentadas ao Minist\u00e9rio P\u00fablico, o ju\u00edzo da comarca de Ara\u00e7ua\u00ed expediu tr\u00eas mandados de pris\u00e3o que foram cumpridos pela Pol\u00edcia Civil, na noite de sexta-feira (10). As investiga\u00e7\u00f5es seguem at\u00e9 a apura\u00e7\u00e3o total dos fatos. Investigadores: Renato Caetano (inspetor), Daiana Cardoso, Ricardo Andrade, Ana Paula. Delegado: dr. Danilo. Juiz: dr. Jorge Arbex. Promotora: dra. Ana Luiza. (Informa\u00e7\u00f5es: PCMG\/ Te\u00f3filo Otoni).<\/p>\n","protected":false},"excerpt":{"rendered":"<p>Tr\u00eas pessoas foram presas na Opera\u00e7\u00e3o Cinderela, na noite de sexta-feira (10\/06) A Pol\u00edcia Civil de Minas Gerais, atrav\u00e9s da delegacia de Ara\u00e7ua\u00ed, em conjunto com o Minist\u00e9rio P\u00fablico e o Poder Judici\u00e1rio, desencadeou a Opera\u00e7\u00e3o Cinderela, na sexta-feira (10\/06), resultando na pris\u00e3o de duas pessoas na cidade de Ara\u00e7ua\u00ed e uma em Coronel Murta. [&hellip;]<\/p>\n","protected":false},"author":1,"featured_media":15567,"comment_status":"open","ping_status":"open","sticky":false,"template":"","format":"standard","meta":{"rop_custom_images_group":[],"rop_custom_messages_group":[],"rop_publish_now":"initial","rop_publish_now_accounts":[],"rop_publish_now_history":[],"rop_publish_now_status":"pending","footnotes":""},"categories":[25,20],"tags":[292],"class_list":["post-15566","post","type-post","status-publish","format-standard","has-post-thumbnail","hentry","category-destaque","category-policia","tag-policia-civil"],"_links":{"self":[{"href":"https:\/\/diariotribuna.com.br\/index.php?rest_route=\/wp\/v2\/posts\/15566"}],"collection":[{"href":"https:\/\/diariotribuna.com.br\/index.php?rest_route=\/wp\/v2\/posts"}],"about":[{"href":"https:\/\/diariotribuna.com.br\/index.php?rest_route=\/wp\/v2\/types\/post"}],"author":[{"embeddable":true,"href":"https:\/\/diariotribuna.com.br\/index.php?rest_route=\/wp\/v2\/users\/1"}],"replies":[{"embeddable":true,"href":"https:\/\/diariotribuna.com.br\/index.php?rest_route=%2Fwp%2Fv2%2Fcomments&post=15566"}],"version-history":[{"count":1,"href":"https:\/\/diariotribuna.com.br\/index.php?rest_route=\/wp\/v2\/posts\/15566\/revisions"}],"predecessor-version":[{"id":15568,"href":"https:\/\/diariotribuna.com.br\/index.php?rest_route=\/wp\/v2\/posts\/15566\/revisions\/15568"}],"wp:featuredmedia":[{"embeddable":true,"href":"https:\/\/diariotribuna.com.br\/index.php?rest_route=\/wp\/v2\/media\/15567"}],"wp:attachment":[{"href":"https:\/\/diariotribuna.com.br\/index.php?rest_route=%2Fwp%2Fv2%2Fmedia&parent=15566"}],"wp:term":[{"taxonomy":"category","embeddable":true,"href":"https:\/\/diariotribuna.com.br\/index.php?rest_route=%2Fwp%2Fv2%2Fcategories&post=15566"},{"taxonomy":"post_tag","embeddable":true,"href":"https:\/\/diariotribuna.com.br\/index.php?rest_route=%2Fwp%2Fv2%2Ftags&post=15566"}],"curies":[{"name":"wp","href":"https:\/\/api.w.org\/{rel}","templated":true}]}}