{"id":15569,"date":"2022-06-12T19:17:23","date_gmt":"2022-06-12T22:17:23","guid":{"rendered":"https:\/\/diariotribuna.com.br\/?p=15569"},"modified":"2022-06-12T19:17:24","modified_gmt":"2022-06-12T22:17:24","slug":"detento-do-presidio-de-teofilo-otoni-e-agredido-com-chuco-por-colegas-de-cela","status":"publish","type":"post","link":"https:\/\/diariotribuna.com.br\/?p=15569","title":{"rendered":"Detento do pres\u00eddio de Te\u00f3filo Otoni \u00e9 agredido com chu\u00e7o por colegas de cela"},"content":{"rendered":"\n<figure class=\"wp-block-image size-full is-resized is-style-default\"><img loading=\"lazy\" decoding=\"async\" src=\"https:\/\/diariotribuna.com.br\/wp-content\/uploads\/2022\/06\/unnamed-file-1.jpg\" alt=\"\" class=\"wp-image-15570\" width=\"461\" height=\"333\" srcset=\"https:\/\/diariotribuna.com.br\/wp-content\/uploads\/2022\/06\/unnamed-file-1.jpg 699w, https:\/\/diariotribuna.com.br\/wp-content\/uploads\/2022\/06\/unnamed-file-1-300x217.jpg 300w, https:\/\/diariotribuna.com.br\/wp-content\/uploads\/2022\/06\/unnamed-file-1-324x235.jpg 324w, https:\/\/diariotribuna.com.br\/wp-content\/uploads\/2022\/06\/unnamed-file-1-696x503.jpg 696w, https:\/\/diariotribuna.com.br\/wp-content\/uploads\/2022\/06\/unnamed-file-1-581x420.jpg 581w\" sizes=\"(max-width: 461px) 100vw, 461px\" \/><\/figure>\n\n\n\n<p>O l\u00edder de uma equipe relatou que, na noite de quarta-feira (08\/06), por volta das 18h30, recebeu um chamado de urg\u00eancia pelo r\u00e1dio HT do policial penal escalado naquele hor\u00e1rio na guarita 03, no Pres\u00eddio de Te\u00f3filo Otoni, no C\u00f3rrego S\u00e3o Miguel do Pita, informando que estaria ocorrendo uma briga na cela 05 do pavilh\u00e3o 02, onde havia um detento ferido, por um objeto met\u00e1lico, segundo informa\u00e7\u00f5es dos detentos do pavilh\u00e3o que chutavam as grades e pediam atendimento.<\/p>\n\n\n\n<p>Ele ent\u00e3o convocou toda a equipe e entraram no pavilh\u00e3o onde depararam com o detento de 25 anos, sendo amparado por um colega de cela. O detento estava com perfura\u00e7\u00f5es pr\u00f3ximo ao pesco\u00e7o, nas costas e no peito, causadas por um chu\u00e7o (peda\u00e7o de vergalh\u00e3o de aproximadamente 18cm). Ao questionar na cela dos autores, tr\u00eas detentos de 23, 24 e 26 anos, se apresentaram como sendo os autores da agress\u00e3o, que s\u00f3 n\u00e3o teve desfecho fatal por interven\u00e7\u00e3o dos outros detentos da cela que apartaram a briga.<\/p>\n\n\n\n<p>O detento ferido foi conduzido imediatamente \u00e0 UPA (Unidade de Pronto Atendimento) para atendimento m\u00e9dico e os tr\u00eas que se apresentaram como autores foram retirados da cela e alocados na su\u00edte para a seguran\u00e7a deles, ficando \u00e0 disposi\u00e7\u00e3o da dire\u00e7\u00e3o do pres\u00eddio. O chu\u00e7o foi recolhido e passado \u00e0 diretoria de seguran\u00e7a para provid\u00eancias cab\u00edveis ao caso. V\u00edtima e suspeitos foram qualificados na ocorr\u00eancia registrada pelo pres\u00eddio, encaminhada \u00e0 delegacia de Pol\u00edcia Civil.<\/p>\n","protected":false},"excerpt":{"rendered":"<p>O l\u00edder de uma equipe relatou que, na noite de quarta-feira (08\/06), por volta das 18h30, recebeu um chamado de urg\u00eancia pelo r\u00e1dio HT do policial penal escalado naquele hor\u00e1rio na guarita 03, no Pres\u00eddio de Te\u00f3filo Otoni, no C\u00f3rrego S\u00e3o Miguel do Pita, informando que estaria ocorrendo uma briga na cela 05 do pavilh\u00e3o [&hellip;]<\/p>\n","protected":false},"author":1,"featured_media":15570,"comment_status":"open","ping_status":"open","sticky":false,"template":"","format":"standard","meta":{"rop_custom_images_group":[],"rop_custom_messages_group":[],"rop_publish_now":"initial","rop_publish_now_accounts":[],"rop_publish_now_history":[],"rop_publish_now_status":"pending","footnotes":""},"categories":[25,17],"tags":[4534,4533,1010,648,75,867],"class_list":["post-15569","post","type-post","status-publish","format-standard","has-post-thumbnail","hentry","category-destaque","category-teofilootoni","tag-chuco","tag-detento-ferido","tag-nordeste-mineiro","tag-presidio","tag-teofilo-otoni","tag-vale-do-mucuri"],"_links":{"self":[{"href":"https:\/\/diariotribuna.com.br\/index.php?rest_route=\/wp\/v2\/posts\/15569"}],"collection":[{"href":"https:\/\/diariotribuna.com.br\/index.php?rest_route=\/wp\/v2\/posts"}],"about":[{"href":"https:\/\/diariotribuna.com.br\/index.php?rest_route=\/wp\/v2\/types\/post"}],"author":[{"embeddable":true,"href":"https:\/\/diariotribuna.com.br\/index.php?rest_route=\/wp\/v2\/users\/1"}],"replies":[{"embeddable":true,"href":"https:\/\/diariotribuna.com.br\/index.php?rest_route=%2Fwp%2Fv2%2Fcomments&post=15569"}],"version-history":[{"count":1,"href":"https:\/\/diariotribuna.com.br\/index.php?rest_route=\/wp\/v2\/posts\/15569\/revisions"}],"predecessor-version":[{"id":15571,"href":"https:\/\/diariotribuna.com.br\/index.php?rest_route=\/wp\/v2\/posts\/15569\/revisions\/15571"}],"wp:featuredmedia":[{"embeddable":true,"href":"https:\/\/diariotribuna.com.br\/index.php?rest_route=\/wp\/v2\/media\/15570"}],"wp:attachment":[{"href":"https:\/\/diariotribuna.com.br\/index.php?rest_route=%2Fwp%2Fv2%2Fmedia&parent=15569"}],"wp:term":[{"taxonomy":"category","embeddable":true,"href":"https:\/\/diariotribuna.com.br\/index.php?rest_route=%2Fwp%2Fv2%2Fcategories&post=15569"},{"taxonomy":"post_tag","embeddable":true,"href":"https:\/\/diariotribuna.com.br\/index.php?rest_route=%2Fwp%2Fv2%2Ftags&post=15569"}],"curies":[{"name":"wp","href":"https:\/\/api.w.org\/{rel}","templated":true}]}}