{"id":15591,"date":"2022-06-15T09:54:07","date_gmt":"2022-06-15T12:54:07","guid":{"rendered":"https:\/\/diariotribuna.com.br\/?p=15591"},"modified":"2022-06-20T09:40:00","modified_gmt":"2022-06-20T12:40:00","slug":"diario-tribuna-15-de-junho-2022-teofilo-otoni-mg","status":"publish","type":"post","link":"https:\/\/diariotribuna.com.br\/?p=15591","title":{"rendered":"Di\u00e1rio Tribuna, 15 de Junho 2022, Te\u00f3filo Otoni &#8211; MG"},"content":{"rendered":"\n<figure class=\"wp-block-image size-full is-resized is-style-default\"><img loading=\"lazy\" decoding=\"async\" src=\"https:\/\/diariotribuna.com.br\/wp-content\/uploads\/2022\/06\/bce72c39-4e8d-4204-98c4-df3500edd3e4.jpg\" alt=\"\" class=\"wp-image-15593\" width=\"416\" height=\"591\" srcset=\"https:\/\/diariotribuna.com.br\/wp-content\/uploads\/2022\/06\/bce72c39-4e8d-4204-98c4-df3500edd3e4.jpg 706w, https:\/\/diariotribuna.com.br\/wp-content\/uploads\/2022\/06\/bce72c39-4e8d-4204-98c4-df3500edd3e4-211x300.jpg 211w, https:\/\/diariotribuna.com.br\/wp-content\/uploads\/2022\/06\/bce72c39-4e8d-4204-98c4-df3500edd3e4-696x989.jpg 696w, https:\/\/diariotribuna.com.br\/wp-content\/uploads\/2022\/06\/bce72c39-4e8d-4204-98c4-df3500edd3e4-296x420.jpg 296w\" sizes=\"(max-width: 416px) 100vw, 416px\" \/><\/figure>\n\n\n\n<h2 class=\"wp-block-heading\"><strong><strong><mark style=\"background-color:rgba(0, 0, 0, 0)\" class=\"has-inline-color has-vivid-red-color\">Acesse o link abaixo e veja a edi\u00e7\u00e3o completa do Di\u00e1rio Tribuna desta quarta-feira (15\/06\/2022)<\/mark><\/strong><\/strong><\/h2>\n\n\n\n<h3 class=\"wp-block-heading\"><a href=\"https:\/\/diariotribuna.com.br\/wp-content\/uploads\/2022\/06\/DIARIO-TRIBUNA-52-ANOS-15-JUNHO-2022.pdf\"><strong><mark style=\"background-color:rgba(0, 0, 0, 0)\" class=\"has-inline-color has-vivid-red-color\">https:\/\/diariotribuna.com.br\/wp-content\/uploads\/2022\/06\/DIARIO-TRIBUNA-52-ANOS-15-JUNHO-2022.pdf<\/mark><\/strong><\/a><\/h3>\n","protected":false},"excerpt":{"rendered":"<p>Acesse o link abaixo e veja a edi\u00e7\u00e3o completa do Di\u00e1rio Tribuna desta quarta-feira (15\/06\/2022) https:\/\/diariotribuna.com.br\/wp-content\/uploads\/2022\/06\/DIARIO-TRIBUNA-52-ANOS-15-JUNHO-2022.pdf<\/p>\n","protected":false},"author":1,"featured_media":15593,"comment_status":"open","ping_status":"open","sticky":false,"template":"","format":"standard","meta":{"rop_custom_images_group":[],"rop_custom_messages_group":[],"rop_publish_now":"initial","rop_publish_now_accounts":[],"rop_publish_now_history":[],"rop_publish_now_status":"pending","footnotes":""},"categories":[17,23],"tags":[4539,42,1010,75,867],"class_list":["post-15591","post","type-post","status-publish","format-standard","has-post-thumbnail","hentry","category-teofilootoni","category-ultimaedicao","tag-15-06-2022","tag-diario-tribuna","tag-nordeste-mineiro","tag-teofilo-otoni","tag-vale-do-mucuri"],"_links":{"self":[{"href":"https:\/\/diariotribuna.com.br\/index.php?rest_route=\/wp\/v2\/posts\/15591"}],"collection":[{"href":"https:\/\/diariotribuna.com.br\/index.php?rest_route=\/wp\/v2\/posts"}],"about":[{"href":"https:\/\/diariotribuna.com.br\/index.php?rest_route=\/wp\/v2\/types\/post"}],"author":[{"embeddable":true,"href":"https:\/\/diariotribuna.com.br\/index.php?rest_route=\/wp\/v2\/users\/1"}],"replies":[{"embeddable":true,"href":"https:\/\/diariotribuna.com.br\/index.php?rest_route=%2Fwp%2Fv2%2Fcomments&post=15591"}],"version-history":[{"count":1,"href":"https:\/\/diariotribuna.com.br\/index.php?rest_route=\/wp\/v2\/posts\/15591\/revisions"}],"predecessor-version":[{"id":15594,"href":"https:\/\/diariotribuna.com.br\/index.php?rest_route=\/wp\/v2\/posts\/15591\/revisions\/15594"}],"wp:featuredmedia":[{"embeddable":true,"href":"https:\/\/diariotribuna.com.br\/index.php?rest_route=\/wp\/v2\/media\/15593"}],"wp:attachment":[{"href":"https:\/\/diariotribuna.com.br\/index.php?rest_route=%2Fwp%2Fv2%2Fmedia&parent=15591"}],"wp:term":[{"taxonomy":"category","embeddable":true,"href":"https:\/\/diariotribuna.com.br\/index.php?rest_route=%2Fwp%2Fv2%2Fcategories&post=15591"},{"taxonomy":"post_tag","embeddable":true,"href":"https:\/\/diariotribuna.com.br\/index.php?rest_route=%2Fwp%2Fv2%2Ftags&post=15591"}],"curies":[{"name":"wp","href":"https:\/\/api.w.org\/{rel}","templated":true}]}}