{"id":15595,"date":"2022-06-15T23:11:35","date_gmt":"2022-06-16T02:11:35","guid":{"rendered":"https:\/\/diariotribuna.com.br\/?p=15595"},"modified":"2022-06-16T15:54:10","modified_gmt":"2022-06-16T18:54:10","slug":"policia-civil-conclui-investigacao-de-homicidio-e-tentativas-de-homicidio-em-rubim","status":"publish","type":"post","link":"https:\/\/diariotribuna.com.br\/?p=15595","title":{"rendered":"Pol\u00edcia Civil conclui investiga\u00e7\u00e3o de homic\u00eddio e tentativas de homic\u00eddio em Rubim"},"content":{"rendered":"\n<figure class=\"wp-block-image size-full is-resized is-style-default\"><img loading=\"lazy\" decoding=\"async\" src=\"https:\/\/diariotribuna.com.br\/wp-content\/uploads\/2022\/06\/14f9e051-acbe-4f67-a650-4753135647cf.jpg\" alt=\"\" class=\"wp-image-15596\" width=\"566\" height=\"363\" srcset=\"https:\/\/diariotribuna.com.br\/wp-content\/uploads\/2022\/06\/14f9e051-acbe-4f67-a650-4753135647cf.jpg 700w, https:\/\/diariotribuna.com.br\/wp-content\/uploads\/2022\/06\/14f9e051-acbe-4f67-a650-4753135647cf-300x192.jpg 300w, https:\/\/diariotribuna.com.br\/wp-content\/uploads\/2022\/06\/14f9e051-acbe-4f67-a650-4753135647cf-696x446.jpg 696w, https:\/\/diariotribuna.com.br\/wp-content\/uploads\/2022\/06\/14f9e051-acbe-4f67-a650-4753135647cf-655x420.jpg 655w\" sizes=\"(max-width: 566px) 100vw, 566px\" \/><\/figure>\n\n\n\n<p>A Pol\u00edcia Civil de Minas Gerais, por meio da 3\u00aa Delegacia Regional de Pol\u00edcia Civil de Almenara, concluiu, na quarta-feira (08\/06), a investiga\u00e7\u00e3o de crime de homic\u00eddio ocorrido em Rubim, na regi\u00e3o do Vale do Jequitinhonha. Segundo a Pol\u00edcia Civil, conforme apurado, no dia 30 de maio\/22, ap\u00f3s um desentendimento em um bar, o investigado teria iniciado uma discuss\u00e3o com as v\u00edtimas e, na posse de uma faca, teria desferido golpes em duas delas.<\/p>\n\n\n\n<p>Uma das v\u00edtimas morreu no local, outra sofreu graves les\u00f5es, foi socorrida e encaminhada a um hospital e passado por interven\u00e7\u00e3o cir\u00fargica. A terceira v\u00edtima n\u00e3o foi atingida, conseguiu fugir do agressor, que a teria perseguido por uma longa dist\u00e2ncia. Duas das v\u00edtimas eram irm\u00e3os, e o terceiro, que morreu no local, sobrinho de ambos.<\/p>\n\n\n\n<p>O investigado, de 32 anos, foi capturado pela Pol\u00edcia Militar no dia dos fatos, e autuado em flagrante pela Pol\u00edcia Civil, que representou pela decreta\u00e7\u00e3o da sua pris\u00e3o preventiva, sendo deferida pelo Poder Judici\u00e1rio ap\u00f3s manifesta\u00e7\u00e3o favor\u00e1vel do Minist\u00e9rio P\u00fablico.<\/p>\n\n\n\n<p>O delegado, dr Thiago de Carvalho Passos, explica que as investiga\u00e7\u00f5es apontam a possibilidade da discuss\u00e3o inicial ter ocorrido por d\u00edvida oriunda de tr\u00e1fico de drogas, em que o investigado teria subtra\u00eddo determinado bem de um dos amigos das v\u00edtimas para quitar uma d\u00edvida. Ao todo, foram ouvidas 16 pessoas no inqu\u00e9rito policial, e, diante dos elementos colhidos, foi conclu\u00eddo com o indiciamento do investigado pelos crimes de homic\u00eddio e tentativas de homic\u00eddio.<\/p>\n\n\n\n<p>\u201cO investigado possui registros da pr\u00e1tica do crime de tr\u00e1fico de drogas, j\u00e1 tendo sido condenado pelos crimes de furto, roubo e corrup\u00e7\u00e3o de adolescentes, e era egresso do sistema prisional\u201d, informou o delegado. (Informa\u00e7\u00f5es\/Foto: PCMG, dr. Thiago Passos).<\/p>\n\n\n\n<h3 class=\"wp-block-heading\"><strong>Visite a PCMG nas redes sociais:<\/strong><\/h3>\n\n\n\n<p><strong>Instagram:<\/strong> @pcmg.oficial<\/p>\n\n\n\n<p><strong>Facebook:<\/strong> @pcmgoficial<\/p>\n\n\n\n<p><strong>Twitter:<\/strong> @pcmgoficial<\/p>\n\n\n\n<p><strong>YouTube:<\/strong> @pcmgoficial<\/p>\n\n\n\n<p><a href=\"http:\/\/www.policiacivil.mg.gov.br\">www.policiacivil.mg.gov.br<\/a><\/p>\n","protected":false},"excerpt":{"rendered":"<p>A Pol\u00edcia Civil de Minas Gerais, por meio da 3\u00aa Delegacia Regional de Pol\u00edcia Civil de Almenara, concluiu, na quarta-feira (08\/06), a investiga\u00e7\u00e3o de crime de homic\u00eddio ocorrido em Rubim, na regi\u00e3o do Vale do Jequitinhonha. Segundo a Pol\u00edcia Civil, conforme apurado, no dia 30 de maio\/22, ap\u00f3s um desentendimento em um bar, o investigado [&hellip;]<\/p>\n","protected":false},"author":1,"featured_media":15596,"comment_status":"open","ping_status":"open","sticky":false,"template":"","format":"standard","meta":{"rop_custom_images_group":[],"rop_custom_messages_group":[],"rop_publish_now":"initial","rop_publish_now_accounts":[],"rop_publish_now_history":[],"rop_publish_now_status":"pending","footnotes":""},"categories":[20],"tags":[107,292,793,2043],"class_list":["post-15595","post","type-post","status-publish","format-standard","has-post-thumbnail","hentry","category-policia","tag-homicidio","tag-policia-civil","tag-rubim","tag-tentativa-de-homicidio"],"_links":{"self":[{"href":"https:\/\/diariotribuna.com.br\/index.php?rest_route=\/wp\/v2\/posts\/15595"}],"collection":[{"href":"https:\/\/diariotribuna.com.br\/index.php?rest_route=\/wp\/v2\/posts"}],"about":[{"href":"https:\/\/diariotribuna.com.br\/index.php?rest_route=\/wp\/v2\/types\/post"}],"author":[{"embeddable":true,"href":"https:\/\/diariotribuna.com.br\/index.php?rest_route=\/wp\/v2\/users\/1"}],"replies":[{"embeddable":true,"href":"https:\/\/diariotribuna.com.br\/index.php?rest_route=%2Fwp%2Fv2%2Fcomments&post=15595"}],"version-history":[{"count":1,"href":"https:\/\/diariotribuna.com.br\/index.php?rest_route=\/wp\/v2\/posts\/15595\/revisions"}],"predecessor-version":[{"id":15597,"href":"https:\/\/diariotribuna.com.br\/index.php?rest_route=\/wp\/v2\/posts\/15595\/revisions\/15597"}],"wp:featuredmedia":[{"embeddable":true,"href":"https:\/\/diariotribuna.com.br\/index.php?rest_route=\/wp\/v2\/media\/15596"}],"wp:attachment":[{"href":"https:\/\/diariotribuna.com.br\/index.php?rest_route=%2Fwp%2Fv2%2Fmedia&parent=15595"}],"wp:term":[{"taxonomy":"category","embeddable":true,"href":"https:\/\/diariotribuna.com.br\/index.php?rest_route=%2Fwp%2Fv2%2Fcategories&post=15595"},{"taxonomy":"post_tag","embeddable":true,"href":"https:\/\/diariotribuna.com.br\/index.php?rest_route=%2Fwp%2Fv2%2Ftags&post=15595"}],"curies":[{"name":"wp","href":"https:\/\/api.w.org\/{rel}","templated":true}]}}