{"id":15598,"date":"2022-06-15T23:46:58","date_gmt":"2022-06-16T02:46:58","guid":{"rendered":"https:\/\/diariotribuna.com.br\/?p=15598"},"modified":"2022-06-16T22:27:58","modified_gmt":"2022-06-17T01:27:58","slug":"policia-militar-prende-homem-que-sequestrou-a-filha-de-um-mes-em-ataleia","status":"publish","type":"post","link":"https:\/\/diariotribuna.com.br\/?p=15598","title":{"rendered":"Pol\u00edcia Militar prende homem que sequestrou a filha de um m\u00eas em Atal\u00e9ia"},"content":{"rendered":"\n<figure class=\"wp-block-image size-full is-resized is-style-default\"><img loading=\"lazy\" decoding=\"async\" src=\"https:\/\/diariotribuna.com.br\/wp-content\/uploads\/2022\/06\/1-O-autor-foi-preso-dentro-do-rio-onde-tentava-fugir.jpg\" alt=\"\" class=\"wp-image-15599\" width=\"599\" height=\"460\" srcset=\"https:\/\/diariotribuna.com.br\/wp-content\/uploads\/2022\/06\/1-O-autor-foi-preso-dentro-do-rio-onde-tentava-fugir.jpg 700w, https:\/\/diariotribuna.com.br\/wp-content\/uploads\/2022\/06\/1-O-autor-foi-preso-dentro-do-rio-onde-tentava-fugir-300x230.jpg 300w, https:\/\/diariotribuna.com.br\/wp-content\/uploads\/2022\/06\/1-O-autor-foi-preso-dentro-do-rio-onde-tentava-fugir-80x60.jpg 80w, https:\/\/diariotribuna.com.br\/wp-content\/uploads\/2022\/06\/1-O-autor-foi-preso-dentro-do-rio-onde-tentava-fugir-696x534.jpg 696w, https:\/\/diariotribuna.com.br\/wp-content\/uploads\/2022\/06\/1-O-autor-foi-preso-dentro-do-rio-onde-tentava-fugir-547x420.jpg 547w\" sizes=\"(max-width: 599px) 100vw, 599px\" \/><figcaption><strong>O autor foi preso dentro do rio onde tentava fugir<\/strong><\/figcaption><\/figure>\n\n\n\n<p>A Pol\u00edcia Militar foi acionada no domingo (12\/06), por volta da meia noite, a comparecer \u00e0 Rua Jos\u00e9 Luiz Pereira, no Distrito de Novo Horizonte, em Atal\u00e9ia. No local, os militares foram informados que uma menina com pouco mais de um m\u00eas, teria sido levada pelo seu pai de 28 anos, sem autoriza\u00e7\u00e3o da m\u00e3e de 14 anos.<\/p>\n\n\n\n<p>A m\u00e3e relatou que nesta noite, por volta das 23h, seu ex-marido, nervoso, agressivo e com \u00e2nimos muito exaltados, invadiu sua resid\u00eancia de posse de uma faca a amea\u00e7ando e tamb\u00e9m sua m\u00e3e, e de forma violenta tirou a crian\u00e7a rec\u00e9m-nascida de sua guarda, saiu correndo pelo port\u00e3o e acessou uma mata que \u00e9 localizada na frente de sua resid\u00eancia.<\/p>\n\n\n\n<p>Ap\u00f3s o ocorrido, a m\u00e3e pediu ajuda aos populares para encontrar seu ex-marido e sua crian\u00e7a. No entanto, algum tempo ap\u00f3s o in\u00edcio das buscas tomou conhecimento por um popular que mora na &#8220;sa\u00edda da rua&#8221; que ali um carro aguardava o pai para dar fuga. Desde a noite de domingo os militares estavam empenhados na ocorr\u00eancia, fizeram v\u00e1rias dilig\u00eancias em locais onde o pai poderia estar homiziado, e na tarde de ter\u00e7a-feira (14) ele foi localizado e preso.<\/p>\n\n\n\n<figure class=\"wp-block-gallery has-nested-images columns-default is-cropped wp-block-gallery-1 is-layout-flex wp-block-gallery-is-layout-flex\">\n<figure class=\"wp-block-image size-large is-style-default\"><img loading=\"lazy\" decoding=\"async\" width=\"700\" height=\"492\" data-id=\"15600\" src=\"https:\/\/diariotribuna.com.br\/wp-content\/uploads\/2022\/06\/e920cb2b-2b48-435d-b563-eb94c8b42d0c.jpg\" alt=\"\" class=\"wp-image-15600\" srcset=\"https:\/\/diariotribuna.com.br\/wp-content\/uploads\/2022\/06\/e920cb2b-2b48-435d-b563-eb94c8b42d0c.jpg 700w, https:\/\/diariotribuna.com.br\/wp-content\/uploads\/2022\/06\/e920cb2b-2b48-435d-b563-eb94c8b42d0c-300x211.jpg 300w, https:\/\/diariotribuna.com.br\/wp-content\/uploads\/2022\/06\/e920cb2b-2b48-435d-b563-eb94c8b42d0c-100x70.jpg 100w, https:\/\/diariotribuna.com.br\/wp-content\/uploads\/2022\/06\/e920cb2b-2b48-435d-b563-eb94c8b42d0c-696x489.jpg 696w, https:\/\/diariotribuna.com.br\/wp-content\/uploads\/2022\/06\/e920cb2b-2b48-435d-b563-eb94c8b42d0c-598x420.jpg 598w\" sizes=\"(max-width: 700px) 100vw, 700px\" \/><\/figure>\n\n\n\n<figure class=\"wp-block-image size-large is-style-default\"><img loading=\"lazy\" decoding=\"async\" width=\"700\" height=\"433\" data-id=\"15601\" src=\"https:\/\/diariotribuna.com.br\/wp-content\/uploads\/2022\/06\/2-Tenente-Vinicius-entregando-a-filha-de-volta-a-mae.jpg\" alt=\"\" class=\"wp-image-15601\" srcset=\"https:\/\/diariotribuna.com.br\/wp-content\/uploads\/2022\/06\/2-Tenente-Vinicius-entregando-a-filha-de-volta-a-mae.jpg 700w, https:\/\/diariotribuna.com.br\/wp-content\/uploads\/2022\/06\/2-Tenente-Vinicius-entregando-a-filha-de-volta-a-mae-300x186.jpg 300w, https:\/\/diariotribuna.com.br\/wp-content\/uploads\/2022\/06\/2-Tenente-Vinicius-entregando-a-filha-de-volta-a-mae-356x220.jpg 356w, https:\/\/diariotribuna.com.br\/wp-content\/uploads\/2022\/06\/2-Tenente-Vinicius-entregando-a-filha-de-volta-a-mae-696x431.jpg 696w, https:\/\/diariotribuna.com.br\/wp-content\/uploads\/2022\/06\/2-Tenente-Vinicius-entregando-a-filha-de-volta-a-mae-679x420.jpg 679w\" sizes=\"(max-width: 700px) 100vw, 700px\" \/><\/figure>\n<\/figure>\n\n\n\n<p>Ainda na ter\u00e7a-feira (14), j\u00e1 havia grande preocupa\u00e7\u00e3o das autoridades e familiares com o estado de sa\u00fade da crian\u00e7a, mas num determinado momento, populares informaram que o pai havia sido visto nas imedia\u00e7\u00f5es do C\u00f3rrego S\u00e3o Mateus, e os militares ent\u00e3o foram ao local onde visualizaram o autor saindo correndo pelos fundos da resid\u00eancia, que d\u00e1 acesso ao rio S\u00e3o Mateus. Ele tentou fugir atravessando o rio, mas foi seguido pelos policiais por uns 1.000 metros, e foi preso dentro do rio.<\/p>\n\n\n\n<p>Ap\u00f3s a pris\u00e3o, os militares foram at\u00e9 a casa onde ele fugiu, e a crian\u00e7a foi encontrada. Com a crian\u00e7a resgatada e o pai preso, as equipes retornaram ao distrito, onde a m\u00e3e e v\u00e1rios populares j\u00e1 aguardavam a chegada da viatura. O tenente Vin\u00edcius e sua equipe devolveram a crian\u00e7a \u00e0 m\u00e3e e acionaram a secretaria de sa\u00fade para avaliar a menina, que felizmente estava bem. O autor foi conduzido \u00e0 delegacia de Pol\u00edcia Civil de Te\u00f3filo Otoni, onde foi autuado em flagrante. (Informa\u00e7\u00f5es\/Fotos: Pol\u00edcia Militar).<\/p>\n","protected":false},"excerpt":{"rendered":"<p>A Pol\u00edcia Militar foi acionada no domingo (12\/06), por volta da meia noite, a comparecer \u00e0 Rua Jos\u00e9 Luiz Pereira, no Distrito de Novo Horizonte, em Atal\u00e9ia. No local, os militares foram informados que uma menina com pouco mais de um m\u00eas, teria sido levada pelo seu pai de 28 anos, sem autoriza\u00e7\u00e3o da m\u00e3e [&hellip;]<\/p>\n","protected":false},"author":1,"featured_media":15599,"comment_status":"open","ping_status":"open","sticky":false,"template":"","format":"standard","meta":{"rop_custom_images_group":[],"rop_custom_messages_group":[],"rop_publish_now":"initial","rop_publish_now_accounts":[],"rop_publish_now_history":[],"rop_publish_now_status":"pending","footnotes":""},"categories":[20],"tags":[1529,4541,76,4540,4542],"class_list":["post-15598","post","type-post","status-publish","format-standard","has-post-thumbnail","hentry","category-policia","tag-ataleia-2","tag-bebe","tag-policia-militar","tag-sequestro","tag-um-mes"],"_links":{"self":[{"href":"https:\/\/diariotribuna.com.br\/index.php?rest_route=\/wp\/v2\/posts\/15598"}],"collection":[{"href":"https:\/\/diariotribuna.com.br\/index.php?rest_route=\/wp\/v2\/posts"}],"about":[{"href":"https:\/\/diariotribuna.com.br\/index.php?rest_route=\/wp\/v2\/types\/post"}],"author":[{"embeddable":true,"href":"https:\/\/diariotribuna.com.br\/index.php?rest_route=\/wp\/v2\/users\/1"}],"replies":[{"embeddable":true,"href":"https:\/\/diariotribuna.com.br\/index.php?rest_route=%2Fwp%2Fv2%2Fcomments&post=15598"}],"version-history":[{"count":3,"href":"https:\/\/diariotribuna.com.br\/index.php?rest_route=\/wp\/v2\/posts\/15598\/revisions"}],"predecessor-version":[{"id":15604,"href":"https:\/\/diariotribuna.com.br\/index.php?rest_route=\/wp\/v2\/posts\/15598\/revisions\/15604"}],"wp:featuredmedia":[{"embeddable":true,"href":"https:\/\/diariotribuna.com.br\/index.php?rest_route=\/wp\/v2\/media\/15599"}],"wp:attachment":[{"href":"https:\/\/diariotribuna.com.br\/index.php?rest_route=%2Fwp%2Fv2%2Fmedia&parent=15598"}],"wp:term":[{"taxonomy":"category","embeddable":true,"href":"https:\/\/diariotribuna.com.br\/index.php?rest_route=%2Fwp%2Fv2%2Fcategories&post=15598"},{"taxonomy":"post_tag","embeddable":true,"href":"https:\/\/diariotribuna.com.br\/index.php?rest_route=%2Fwp%2Fv2%2Ftags&post=15598"}],"curies":[{"name":"wp","href":"https:\/\/api.w.org\/{rel}","templated":true}]}}