{"id":15609,"date":"2022-06-16T15:53:42","date_gmt":"2022-06-16T18:53:42","guid":{"rendered":"https:\/\/diariotribuna.com.br\/?p=15609"},"modified":"2022-06-16T19:56:07","modified_gmt":"2022-06-16T22:56:07","slug":"dr-eder-detrez-recebe-o-titulo-de-garimpeiro-do-ano-de-teofilo-otoni","status":"publish","type":"post","link":"https:\/\/diariotribuna.com.br\/?p=15609","title":{"rendered":"Dr. Eder Detrez recebe o T\u00edtulo de Garimpeiro do Ano de Te\u00f3filo Otoni"},"content":{"rendered":"\n<figure class=\"wp-block-image size-full is-resized is-style-default\"><img loading=\"lazy\" decoding=\"async\" src=\"https:\/\/diariotribuna.com.br\/wp-content\/uploads\/2022\/06\/1-4.jpg\" alt=\"\" class=\"wp-image-15623\" width=\"588\" height=\"442\" srcset=\"https:\/\/diariotribuna.com.br\/wp-content\/uploads\/2022\/06\/1-4.jpg 700w, https:\/\/diariotribuna.com.br\/wp-content\/uploads\/2022\/06\/1-4-300x225.jpg 300w, https:\/\/diariotribuna.com.br\/wp-content\/uploads\/2022\/06\/1-4-80x60.jpg 80w, https:\/\/diariotribuna.com.br\/wp-content\/uploads\/2022\/06\/1-4-265x198.jpg 265w, https:\/\/diariotribuna.com.br\/wp-content\/uploads\/2022\/06\/1-4-696x523.jpg 696w, https:\/\/diariotribuna.com.br\/wp-content\/uploads\/2022\/06\/1-4-559x420.jpg 559w\" sizes=\"(max-width: 588px) 100vw, 588px\" \/><figcaption><strong>Dr. Eder Detrez e a esposa Dra. Luscl\u00e9ia com o assessor do deputado<\/strong><br><strong>federal<\/strong> <strong>A\u00e9cio Neves, Carlos Viana e esposa Carol<\/strong><\/figcaption><\/figure>\n\n\n\n<p>A C\u00e2mara Municipal de Te\u00f3filo Otoni realizou sess\u00e3o solene na noite de sexta-feira, (10\/06\/2022), quando entregou o t\u00edtulo de Garimpeiro do Ano ao Dr. Eder Detrez Silva, m\u00e9dico ortopedista e traumatologista, Mestre em Ortopedia Pela SCMBH, membro da SBOT, SBQ e SBCOC, vice-prefeito de Te\u00f3filo Otoni. O t\u00edtulo foi concedido por indica\u00e7\u00e3o do vereador Robertinho Cresc\u00eancio, aprovado por unanimidade pela Casa Legislativa.<\/p>\n\n\n\n<p>Dr. Eder Detrez graduou-se em Medicina pela Faculdade de Medicina de Barbacena em 1992. \u00c9 diretor t\u00e9cnico, professor titular e coordenador tecn\u00f3logo em Radiologia M\u00e9dica da Faculdade de Tecnologia Eg\u00eddio Jos\u00e9 da Silva \u2013 FATEG\u00cdDIO. \u00c9 o criador do projeto, Adolescentes em A\u00e7\u00e3o, que hoje emprega menores aprendizes em v\u00e1rias empresas de Te\u00f3filo Otoni, contribuindo de forma efetiva para gera\u00e7\u00e3o de emprego e renda no munic\u00edpio. Mais de 3.000 jovens j\u00e1 passaram pelo projeto.<\/p>\n\n\n\n<figure class=\"wp-block-gallery has-nested-images columns-default is-cropped wp-block-gallery-1 is-layout-flex wp-block-gallery-is-layout-flex\">\n<figure class=\"wp-block-image size-large is-style-default\"><img loading=\"lazy\" decoding=\"async\" width=\"600\" height=\"449\" data-id=\"15638\" src=\"https:\/\/diariotribuna.com.br\/wp-content\/uploads\/2022\/06\/8-1.jpg\" alt=\"\" class=\"wp-image-15638\" srcset=\"https:\/\/diariotribuna.com.br\/wp-content\/uploads\/2022\/06\/8-1.jpg 600w, https:\/\/diariotribuna.com.br\/wp-content\/uploads\/2022\/06\/8-1-300x225.jpg 300w, https:\/\/diariotribuna.com.br\/wp-content\/uploads\/2022\/06\/8-1-80x60.jpg 80w, https:\/\/diariotribuna.com.br\/wp-content\/uploads\/2022\/06\/8-1-265x198.jpg 265w, https:\/\/diariotribuna.com.br\/wp-content\/uploads\/2022\/06\/8-1-561x420.jpg 561w\" sizes=\"(max-width: 600px) 100vw, 600px\" \/><\/figure>\n\n\n\n<figure class=\"wp-block-image size-large is-style-default\"><img loading=\"lazy\" decoding=\"async\" width=\"600\" height=\"445\" data-id=\"15637\" src=\"https:\/\/diariotribuna.com.br\/wp-content\/uploads\/2022\/06\/2-3.jpg\" alt=\"\" class=\"wp-image-15637\" srcset=\"https:\/\/diariotribuna.com.br\/wp-content\/uploads\/2022\/06\/2-3.jpg 600w, https:\/\/diariotribuna.com.br\/wp-content\/uploads\/2022\/06\/2-3-300x223.jpg 300w, https:\/\/diariotribuna.com.br\/wp-content\/uploads\/2022\/06\/2-3-80x60.jpg 80w, https:\/\/diariotribuna.com.br\/wp-content\/uploads\/2022\/06\/2-3-265x198.jpg 265w, https:\/\/diariotribuna.com.br\/wp-content\/uploads\/2022\/06\/2-3-566x420.jpg 566w\" sizes=\"(max-width: 600px) 100vw, 600px\" \/><\/figure>\n\n\n\n<figure class=\"wp-block-image size-large is-style-default\"><img loading=\"lazy\" decoding=\"async\" width=\"600\" height=\"397\" data-id=\"15639\" src=\"https:\/\/diariotribuna.com.br\/wp-content\/uploads\/2022\/06\/7-1.jpg\" alt=\"\" class=\"wp-image-15639\" srcset=\"https:\/\/diariotribuna.com.br\/wp-content\/uploads\/2022\/06\/7-1.jpg 600w, https:\/\/diariotribuna.com.br\/wp-content\/uploads\/2022\/06\/7-1-300x199.jpg 300w\" sizes=\"(max-width: 600px) 100vw, 600px\" \/><\/figure>\n<\/figure>\n\n\n\n<p>Durante a solenidade, o Dr. Eder foi surpreendido com a exibi\u00e7\u00e3o de quatro v\u00eddeos no tel\u00e3o, com mensagens de amigos que n\u00e3o puderam estar presentes nesse momento importante da sua vida. O deputado federal A\u00e9cio Neves, o vice-governador de Minas Gerais, Paulo Brant, o Dr. Jos\u00e9 Ant\u00f4nio da Unicred, e o deputado federal Paulo Abi-Ackel, presidente do PSDB em Minas. Em seu pronunciamento, agradeceu a todos presentes, em especial \u00e0 sua esposa a Dra. Luscl\u00e9ia, seus filhos Marina e Eder (Edinho), pela fam\u00edlia que constitu\u00edram juntos. Cumprimentou toda sua fam\u00edlia, o vereador Robertinho, colegas m\u00e9dicos, Carlos Viana e esposa Carol, o prefeito Daniel Sucupira, os jovens aprendizes que fizeram bonito na execu\u00e7\u00e3o do Hino Nacional Brasileiro.<\/p>\n\n\n\n<figure class=\"wp-block-gallery has-nested-images columns-default is-cropped wp-block-gallery-2 is-layout-flex wp-block-gallery-is-layout-flex\">\n<figure class=\"wp-block-image size-large is-style-default\"><img loading=\"lazy\" decoding=\"async\" width=\"600\" height=\"414\" data-id=\"15644\" src=\"https:\/\/diariotribuna.com.br\/wp-content\/uploads\/2022\/06\/11-1.jpg\" alt=\"\" class=\"wp-image-15644\" srcset=\"https:\/\/diariotribuna.com.br\/wp-content\/uploads\/2022\/06\/11-1.jpg 600w, https:\/\/diariotribuna.com.br\/wp-content\/uploads\/2022\/06\/11-1-300x207.jpg 300w, https:\/\/diariotribuna.com.br\/wp-content\/uploads\/2022\/06\/11-1-100x70.jpg 100w, https:\/\/diariotribuna.com.br\/wp-content\/uploads\/2022\/06\/11-1-218x150.jpg 218w\" sizes=\"(max-width: 600px) 100vw, 600px\" \/><\/figure>\n\n\n\n<figure class=\"wp-block-image size-large is-style-default\"><img loading=\"lazy\" decoding=\"async\" width=\"600\" height=\"426\" data-id=\"15643\" src=\"https:\/\/diariotribuna.com.br\/wp-content\/uploads\/2022\/06\/3-5.jpg\" alt=\"\" class=\"wp-image-15643\" srcset=\"https:\/\/diariotribuna.com.br\/wp-content\/uploads\/2022\/06\/3-5.jpg 600w, https:\/\/diariotribuna.com.br\/wp-content\/uploads\/2022\/06\/3-5-300x213.jpg 300w, https:\/\/diariotribuna.com.br\/wp-content\/uploads\/2022\/06\/3-5-100x70.jpg 100w, https:\/\/diariotribuna.com.br\/wp-content\/uploads\/2022\/06\/3-5-592x420.jpg 592w\" sizes=\"(max-width: 600px) 100vw, 600px\" \/><\/figure>\n\n\n\n<figure class=\"wp-block-image size-large is-style-default\"><img loading=\"lazy\" decoding=\"async\" width=\"600\" height=\"397\" data-id=\"15642\" src=\"https:\/\/diariotribuna.com.br\/wp-content\/uploads\/2022\/06\/13-1.jpg\" alt=\"\" class=\"wp-image-15642\" srcset=\"https:\/\/diariotribuna.com.br\/wp-content\/uploads\/2022\/06\/13-1.jpg 600w, https:\/\/diariotribuna.com.br\/wp-content\/uploads\/2022\/06\/13-1-300x199.jpg 300w\" sizes=\"(max-width: 600px) 100vw, 600px\" \/><\/figure>\n\n\n\n<figure class=\"wp-block-image size-large is-style-default\"><img loading=\"lazy\" decoding=\"async\" width=\"600\" height=\"397\" data-id=\"15641\" src=\"https:\/\/diariotribuna.com.br\/wp-content\/uploads\/2022\/06\/12-1.jpg\" alt=\"\" class=\"wp-image-15641\" srcset=\"https:\/\/diariotribuna.com.br\/wp-content\/uploads\/2022\/06\/12-1.jpg 600w, https:\/\/diariotribuna.com.br\/wp-content\/uploads\/2022\/06\/12-1-300x199.jpg 300w\" sizes=\"(max-width: 600px) 100vw, 600px\" \/><\/figure>\n\n\n\n<figure class=\"wp-block-image size-large is-style-default\"><img loading=\"lazy\" decoding=\"async\" width=\"600\" height=\"391\" data-id=\"15640\" src=\"https:\/\/diariotribuna.com.br\/wp-content\/uploads\/2022\/06\/6-1.jpg\" alt=\"\" class=\"wp-image-15640\" srcset=\"https:\/\/diariotribuna.com.br\/wp-content\/uploads\/2022\/06\/6-1.jpg 600w, https:\/\/diariotribuna.com.br\/wp-content\/uploads\/2022\/06\/6-1-300x196.jpg 300w\" sizes=\"(max-width: 600px) 100vw, 600px\" \/><\/figure>\n<\/figure>\n\n\n\n<p>\u201cEu estou muito feliz nesta noite. Quero dizer que, realmente eu estou aqui de forma improvisada, mas, num sentimento de gratid\u00e3o. A Deus pelo dom da vida, pela sa\u00fade que tenho, pelas conquistas conseguidas durante todo esse tempo, nesses 57 anos de idade, vivida para aquele menino nascido, com os tra\u00e7os de an\u00f4nima simplicidade folcl\u00f3rica, filho de Eg\u00eddio, de dona Bones\u00edlia, nascido e criado no Rasta Couro, filho de ferrovi\u00e1rio. Fico muito feliz por ser m\u00e9dico, vice-prefeito de Te\u00f3filo Otoni, por estar recebendo das m\u00e3os de pessoas t\u00e3o admiradas, vereadores que realmente fazem a grande diferen\u00e7a aqui em Te\u00f3filo Otoni, por indica\u00e7\u00e3o de Robertinho Cresc\u00eancio, e aprova\u00e7\u00e3o un\u00e2nime de todos os vereadores. Isso me enche de satisfa\u00e7\u00e3o e de alegria\u201d.<\/p>\n\n\n\n<p>Dr. Eder frisou que essa noite foi simb\u00f3lica e vai ficar na sua mem\u00f3ria. Ele destacou que esses 25 anos de retorno a Te\u00f3filo Otoni, em nenhum momento parou de pensar, de tentar construir alguma coisa, e destacou a sua grande realiza\u00e7\u00e3o, que \u00e9 construir um hospital em Te\u00f3filo Otoni, que ser\u00e1 inaugurado em breve.<\/p>\n\n\n\n<div class=\"wp-block-group\"><div class=\"wp-block-group__inner-container is-layout-flow wp-block-group-is-layout-flow\">\n<figure class=\"wp-block-gallery has-nested-images columns-3 is-cropped wp-block-gallery-3 is-layout-flex wp-block-gallery-is-layout-flex\">\n<figure class=\"wp-block-image size-large is-style-default\"><img loading=\"lazy\" decoding=\"async\" width=\"600\" height=\"397\" src=\"https:\/\/diariotribuna.com.br\/wp-content\/uploads\/2022\/06\/4-5.jpg\" alt=\"\" class=\"wp-image-15648\" srcset=\"https:\/\/diariotribuna.com.br\/wp-content\/uploads\/2022\/06\/4-5.jpg 600w, https:\/\/diariotribuna.com.br\/wp-content\/uploads\/2022\/06\/4-5-300x199.jpg 300w\" sizes=\"(max-width: 600px) 100vw, 600px\" \/><\/figure>\n\n\n\n<figure class=\"wp-block-image size-large is-style-default\"><img loading=\"lazy\" decoding=\"async\" width=\"600\" height=\"414\" src=\"https:\/\/diariotribuna.com.br\/wp-content\/uploads\/2022\/06\/11-2.jpg\" alt=\"\" class=\"wp-image-15646\" srcset=\"https:\/\/diariotribuna.com.br\/wp-content\/uploads\/2022\/06\/11-2.jpg 600w, https:\/\/diariotribuna.com.br\/wp-content\/uploads\/2022\/06\/11-2-300x207.jpg 300w, https:\/\/diariotribuna.com.br\/wp-content\/uploads\/2022\/06\/11-2-100x70.jpg 100w, https:\/\/diariotribuna.com.br\/wp-content\/uploads\/2022\/06\/11-2-218x150.jpg 218w\" sizes=\"(max-width: 600px) 100vw, 600px\" \/><\/figure>\n<\/figure>\n<\/div><\/div>\n\n\n\n<p>O vereador Robertinho Cresc\u00eancio, ressaltou que o Dr. Eder tem um vasto curr\u00edculo que muitos conhecem, e os pronunciamentos sobre o homenageado dispensam a leitura desse vasto e rico curr\u00edculo. Disse que ambos caminharam em caminhos diferentes nas \u00faltimas elei\u00e7\u00f5es, mas logo mais \u00e0 frente, num di\u00e1logo aberto os dois perceberam que falavam a mesma l\u00edngua, pois se identificaram como aqueles que s\u00e3o sens\u00edveis pelas mesmas causas sociais. \u201cAmigo Eder, entendo, que quando reconhecemos o outro nas suas qualidades, e conhecemos a sua hist\u00f3ria de trabalho e luta, revelamos \u00e0 sociedade para quem \u00e9 o que se inclina a nossa admira\u00e7\u00e3o. Receba dessa casa, receba dos colegas vereadores, o reconhecimento da pessoa que o senhor representa, do homem de bem, do pai, do esposo, Eder Detrez. Do fundo do cora\u00e7\u00e3o, n\u00f3s entregamos a voc\u00ea o T\u00edtulo de Garimpeiro do Ano\u201d, disse Cresc\u00eancio.<\/p>\n\n\n\n<pre class=\"wp-block-verse\"><strong>Mensagens ao Dr. Eder Detrez durante solenidade de entrega do t\u00edtulo de Garimpeiro do Ano de Te\u00f3filo Otoni<\/strong><\/pre>\n\n\n\n<figure class=\"wp-block-image size-full is-resized is-style-default\"><img loading=\"lazy\" decoding=\"async\" src=\"https:\/\/diariotribuna.com.br\/wp-content\/uploads\/2022\/06\/Celia-Detrez.jpg\" alt=\"\" class=\"wp-image-15610\" width=\"259\" height=\"311\"\/><\/figure>\n\n\n\n<p>\u201cO t\u00edtulo mais merecedor para esse guerreiro foi esse, garimpeiro. Eu entendo garimpeiro aquele que vai a fundo, busca a pedra, exp\u00f5e a pedra, lapida e transforma essa pedra em trabalho, em dinheiro e futuro para todos\u201d, disse C\u00e9lia Detrez, irm\u00e3 do agraciado. Na oportunidade ela recordou a hist\u00f3ria do seu irm\u00e3o Eder, desde crian\u00e7a, adolesc\u00eancia, at\u00e9 os dias atuais, quando ele se tornou um grande homem, e foram momentos de muita emo\u00e7\u00e3o. \u201c\u00c9 com muito orgulho que digo isso. Eder lutou e venceu. Tem uma garra para o trabalho imensa. \u00c9 lutador, trabalhador, fez grandes amizades\u201d. <strong>(C\u00e9lia Detrez).<\/strong><\/p>\n\n\n\n<figure class=\"wp-block-image size-full is-resized is-style-default\"><img loading=\"lazy\" decoding=\"async\" src=\"https:\/\/diariotribuna.com.br\/wp-content\/uploads\/2022\/06\/Vice-governador-de-Minas-Paulo-Brant.png\" alt=\"\" class=\"wp-image-15613\" width=\"266\" height=\"315\" srcset=\"https:\/\/diariotribuna.com.br\/wp-content\/uploads\/2022\/06\/Vice-governador-de-Minas-Paulo-Brant.png 379w, https:\/\/diariotribuna.com.br\/wp-content\/uploads\/2022\/06\/Vice-governador-de-Minas-Paulo-Brant-253x300.png 253w, https:\/\/diariotribuna.com.br\/wp-content\/uploads\/2022\/06\/Vice-governador-de-Minas-Paulo-Brant-355x420.png 355w\" sizes=\"(max-width: 266px) 100vw, 266px\" \/><\/figure>\n\n\n\n<p>\u201cQuero mandar um grande abra\u00e7o a todo pessoal de Te\u00f3filo Otoni, em especial ao nosso dr. \u00c9der, m\u00e9dico, vice-prefeito, correligion\u00e1rio do PSDB, est\u00e1 recebendo o T\u00edtulo de Garimpeiro do Ano, pelo seu trabalho na \u00e1rea social. Conheci o dr. \u00c9der h\u00e1 muitos anos, um homem que honra a medicina, honra Te\u00f3filo Otoni e honra o PSDB. PSDB na pol\u00edtica brasileira est\u00e1 precisando de homens como o dr. \u00c9der. Um grande abra\u00e7o ao dr. \u00c9der, um grande abra\u00e7o \u00e0 nossa querida Te\u00f3filo Otoni\u201d. <strong>(Vice-governador de Minas Gerais, Paulo Brant).<\/strong><\/p>\n\n\n\n<figure class=\"wp-block-image size-full is-resized is-style-default\"><img loading=\"lazy\" decoding=\"async\" src=\"https:\/\/diariotribuna.com.br\/wp-content\/uploads\/2022\/06\/Dr.-Jose-Antonio-presidente-da-Unicred.png\" alt=\"\" class=\"wp-image-15614\" width=\"292\" height=\"309\" srcset=\"https:\/\/diariotribuna.com.br\/wp-content\/uploads\/2022\/06\/Dr.-Jose-Antonio-presidente-da-Unicred.png 396w, https:\/\/diariotribuna.com.br\/wp-content\/uploads\/2022\/06\/Dr.-Jose-Antonio-presidente-da-Unicred-284x300.png 284w\" sizes=\"(max-width: 292px) 100vw, 292px\" \/><\/figure>\n\n\n\n<p>\u201cParab\u00e9ns ao Eder Detrez pelo merecido reconhecimento da C\u00e2mara Municipal de Te\u00f3filo Otoni. Eder \u00e9 um excelente cooperado, 25 anos como cooperado, com trabalhos exemplares em todos os setores de Te\u00f3filo Otoni, na educa\u00e7\u00e3o e sa\u00fade, excelente m\u00e9dico. Parab\u00e9ns\u201d. <strong>(Dr. Jos\u00e9 Ant\u00f4nio, Unicred)<\/strong>.<\/p>\n\n\n\n<figure class=\"wp-block-image size-full is-resized is-style-default\"><img loading=\"lazy\" decoding=\"async\" src=\"https:\/\/diariotribuna.com.br\/wp-content\/uploads\/2022\/06\/Deputado-Federal-Paulo-Abi-Ackel.png\" alt=\"\" class=\"wp-image-15615\" width=\"308\" height=\"294\" srcset=\"https:\/\/diariotribuna.com.br\/wp-content\/uploads\/2022\/06\/Deputado-Federal-Paulo-Abi-Ackel.png 422w, https:\/\/diariotribuna.com.br\/wp-content\/uploads\/2022\/06\/Deputado-Federal-Paulo-Abi-Ackel-300x286.png 300w\" sizes=\"(max-width: 308px) 100vw, 308px\" \/><\/figure>\n\n\n\n<p>\u201cAmigas e amigos de Te\u00f3filo Otoni, gravo esse v\u00eddeo para dar os parab\u00e9ns ao Eder Detrez, que est\u00e1 sendo agraciado com o t\u00edtulo de Garimpeiro do Ano, uma homenagem concedida a ele pelo Robertinho Cresc\u00eancio. Parab\u00e9ns Eder, deixando o meu abra\u00e7o daqui de Bras\u00edlia a voc\u00ea\u201d. (<strong>Deputado federal Paulo Abi-Ackel, presidente do PSDB em Minas).<\/strong><\/p>\n\n\n\n<figure class=\"wp-block-image size-full is-resized is-style-default\"><img loading=\"lazy\" decoding=\"async\" src=\"https:\/\/diariotribuna.com.br\/wp-content\/uploads\/2022\/06\/DSC_0565.jpg\" alt=\"\" class=\"wp-image-15616\" width=\"317\" height=\"390\" srcset=\"https:\/\/diariotribuna.com.br\/wp-content\/uploads\/2022\/06\/DSC_0565.jpg 450w, https:\/\/diariotribuna.com.br\/wp-content\/uploads\/2022\/06\/DSC_0565-244x300.jpg 244w, https:\/\/diariotribuna.com.br\/wp-content\/uploads\/2022\/06\/DSC_0565-324x400.jpg 324w, https:\/\/diariotribuna.com.br\/wp-content\/uploads\/2022\/06\/DSC_0565-341x420.jpg 341w\" sizes=\"(max-width: 317px) 100vw, 317px\" \/><\/figure>\n\n\n\n<p>\u201cAmigo Eder, quando reconhecemos o outro nas suas qualidades, e conhecemos a sua hist\u00f3ria, revelamos \u00e0 sociedade para quem e o que se inclina a nossa admira\u00e7\u00e3o. Receba dessa Casa Legislativa, dos nossos colegas parlamentares, o reconhecimento da pessoa que o senhor representa para todos n\u00f3s. Do fundo do cora\u00e7\u00e3o, n\u00f3s entregamos a voc\u00ea o T\u00edtulo de Garimpeiro do Ano\u201d. <strong>(Robertinho Cresc\u00eancio).<\/strong><\/p>\n\n\n\n<figure class=\"wp-block-image size-full is-resized is-style-default\"><img loading=\"lazy\" decoding=\"async\" src=\"https:\/\/diariotribuna.com.br\/wp-content\/uploads\/2022\/06\/Deputado-Federal-Aecio-Neves.png\" alt=\"\" class=\"wp-image-15617\" width=\"330\" height=\"408\" srcset=\"https:\/\/diariotribuna.com.br\/wp-content\/uploads\/2022\/06\/Deputado-Federal-Aecio-Neves.png 391w, https:\/\/diariotribuna.com.br\/wp-content\/uploads\/2022\/06\/Deputado-Federal-Aecio-Neves-243x300.png 243w, https:\/\/diariotribuna.com.br\/wp-content\/uploads\/2022\/06\/Deputado-Federal-Aecio-Neves-324x400.png 324w, https:\/\/diariotribuna.com.br\/wp-content\/uploads\/2022\/06\/Deputado-Federal-Aecio-Neves-340x420.png 340w\" sizes=\"(max-width: 330px) 100vw, 330px\" \/><\/figure>\n\n\n\n<p>Amigos e amigas de Te\u00f3filo Otoni \u00e9 com alegria muito grande que eu participo hoje dessa importante homenagem. Essa cidade t\u00e3o marcante na minha trajet\u00f3ria pessoal e pol\u00edtica. Terra do meu av\u00f4 Trist\u00e3o da Cunha. Terra do meu pai A\u00e9cio Cunha, que me ensinaram muito em minha caminhada pol\u00edtica. Eu me orgulho muito, de ao longo de todos esses anos, tendo todas as oportunidades que tive, ter colocado um olhar preferencial para Te\u00f3filo Otoni, os vales do Mucuri, Jequitinhonha e S\u00e3o Mateus.<\/p>\n\n\n\n<p>Mas hoje, a minha alegria \u00e9 muito grande, por poder participar dessa homenagem que recebe o meu querido amigo vice-prefeito Eder. O T\u00edtulo de Garimpeiro do Ano \u00e9 dado para as pessoas que se destacam nas suas a\u00e7\u00f5es sociais, ao longo das suas atividades, sejam elas p\u00fablicas ou privadas. O dr. Eder consegue, aliar, as duas caracter\u00edsticas. Ele come\u00e7a no seu trabalho social muito antes de entrar na pol\u00edtica, seja atrav\u00e9s da Fateg\u00eddio formando profissionais na \u00e1rea da sa\u00fade, seja nos seus programas na forma\u00e7\u00e3o de jovens, ao qual se dedicou ao longo de algumas d\u00e9cadas, seja no seu hospital que j\u00e1 est\u00e1 em fase final, e seja agora na sua vida p\u00fablica, apresentando de forma destacada um projeto ao meu ver, de reden\u00e7\u00e3o econ\u00f4mica de toda regi\u00e3o \u2013 o projeto \u201cTe\u00f3filo Otoni Malha Y\u201d, que ele teve a oportunidade de apresentar ao Ministro dos Transportes h\u00e1 algumas semanas, e que encantou o governo federal.<\/p>\n\n\n\n<p>Pode ser essa nova malha ferrovi\u00e1ria o novo caminho para o desenvolvimento, n\u00e3o s\u00f3 econ\u00f4mico, mas social de toda regi\u00e3o. Por isso eu quero aqui dizer ao presidente F\u00e1bio, ao Robertinho Cresc\u00eancio, autor da proposi\u00e7\u00e3o, que onde eu estiver, saibam que voc\u00eas contar\u00e3o com o meu apoio, minha solidariedade e amizade. Hoje eu tenho um orgulho enorme de ter o meu partido em Te\u00f3filo Otoni, PSDB, presidido pelo dr. Eder, merecedor dessa e de muitas outras homenagens. Tenho certeza que ele ter\u00e1 ainda novas miss\u00f5es na sua vida p\u00fablica. Parab\u00e9ns a todos. Para o amigo Eder, que Deus possa continuar acompanhando e aben\u00e7oando os seus passos\u201d. <strong>(Deputado federal A\u00e9cio Neves).<\/strong><\/p>\n\n\n\n<figure class=\"wp-block-image size-full is-resized is-style-default\"><img loading=\"lazy\" decoding=\"async\" src=\"https:\/\/diariotribuna.com.br\/wp-content\/uploads\/2022\/06\/Grupo-Adolescentes-em-Acao.jpg\" alt=\"\" class=\"wp-image-15619\" width=\"515\" height=\"380\" srcset=\"https:\/\/diariotribuna.com.br\/wp-content\/uploads\/2022\/06\/Grupo-Adolescentes-em-Acao.jpg 700w, https:\/\/diariotribuna.com.br\/wp-content\/uploads\/2022\/06\/Grupo-Adolescentes-em-Acao-300x221.jpg 300w, https:\/\/diariotribuna.com.br\/wp-content\/uploads\/2022\/06\/Grupo-Adolescentes-em-Acao-80x60.jpg 80w, https:\/\/diariotribuna.com.br\/wp-content\/uploads\/2022\/06\/Grupo-Adolescentes-em-Acao-696x513.jpg 696w, https:\/\/diariotribuna.com.br\/wp-content\/uploads\/2022\/06\/Grupo-Adolescentes-em-Acao-570x420.jpg 570w\" sizes=\"(max-width: 515px) 100vw, 515px\" \/><\/figure>\n\n\n\n<p><strong>Jovens do projeto \u201cAdolescentes em A\u00e7\u00e3o \u2013 Menor Aprendiz\u201d<\/strong> cantaram o Hino Nacional Brasileiro. Mais de 3.000 jovens j\u00e1 passaram pelo projeto, muitos engajados no mercado de trabalho, em setores lojistas diversos, com carteira de trabalho assinada. O projeto Adolescentes em A\u00e7\u00e3o, da Funda\u00e7\u00e3o de Apoio \u00e0 Pesquisa e Sa\u00fade, FUNAPES, tem a dire\u00e7\u00e3o do dr. Eder Detrez e sua irm\u00e3 C\u00e9lia Detrez. \u201c\u00c9 de maneira gratificante que a gente coloca isso, porque vem comungar o objetivo real do projeto. S\u00e3o meninos carentes, e isso vem consolidar realmente o seu objetivo\u201d. A proposta da FUNAPES \u00e9 ampliar o projeto, fazer novas parcerias.<\/p>\n\n\n\n<pre class=\"wp-block-verse\"><strong>Durante a solenidade, o Dr. Eder foi surpreendido com a exibi\u00e7\u00e3o de v\u00eddeos no tel\u00e3o, com mensagens de amigos que n\u00e3o puderam estar presentes nesse momento importante da sua vida.<\/strong><\/pre>\n\n\n\n<figure class=\"wp-block-video\"><video controls src=\"https:\/\/diariotribuna.com.br\/wp-content\/uploads\/2022\/06\/VID-20220616-WA0117.mp4\"><\/video><figcaption><strong><mark style=\"background-color:#000000\" class=\"has-inline-color has-white-color\">Deputado Federal &#8211; A\u00e9cio Neves<\/mark><\/strong><\/figcaption><\/figure>\n\n\n\n<figure class=\"wp-block-video\"><video controls src=\"https:\/\/diariotribuna.com.br\/wp-content\/uploads\/2022\/06\/paulo-brants.mp4\"><\/video><figcaption><strong><strong><mark style=\"background-color:#000000\" class=\"has-inline-color has-white-color\">Vice-governador de Minas Gerais, Paulo Brant<\/mark><\/strong><\/strong><\/figcaption><\/figure>\n\n\n\n<figure class=\"wp-block-video\"><video controls src=\"https:\/\/diariotribuna.com.br\/wp-content\/uploads\/2022\/06\/WhatsApp-Video-2022-06-09-at-15.43.44.mp4\"><\/video><figcaption><strong><strong><mark style=\"background-color:#000000\" class=\"has-inline-color has-white-color\">Deputado federal Paulo Abi-Ackel, presidente do PSDB em Minas<\/mark><\/strong><\/strong><\/figcaption><\/figure>\n\n\n\n<figure class=\"wp-block-video\"><video controls src=\"https:\/\/diariotribuna.com.br\/wp-content\/uploads\/2022\/06\/dr-jose-antonio-.mp4\"><\/video><figcaption><strong><strong><mark style=\"background-color:#000000\" class=\"has-inline-color has-white-color\">Dr. Jos\u00e9 Ant\u00f4nio &#8211; Unicred<\/mark><\/strong><\/strong><\/figcaption><\/figure>\n\n\n\n<p><\/p>\n","protected":false},"excerpt":{"rendered":"<p>A C\u00e2mara Municipal de Te\u00f3filo Otoni realizou sess\u00e3o solene na noite de sexta-feira, (10\/06\/2022), quando entregou o t\u00edtulo de Garimpeiro do Ano ao Dr. Eder Detrez Silva, m\u00e9dico ortopedista e traumatologista, Mestre em Ortopedia Pela SCMBH, membro da SBOT, SBQ e SBCOC, vice-prefeito de Te\u00f3filo Otoni. O t\u00edtulo foi concedido por indica\u00e7\u00e3o do vereador Robertinho [&hellip;]<\/p>\n","protected":false},"author":1,"featured_media":15623,"comment_status":"open","ping_status":"open","sticky":false,"template":"","format":"standard","meta":{"rop_custom_images_group":[],"rop_custom_messages_group":[],"rop_publish_now":"initial","rop_publish_now_accounts":[],"rop_publish_now_history":[],"rop_publish_now_status":"pending","footnotes":""},"categories":[25,17],"tags":[1981,42,2293,4544,1084,4545,75],"class_list":["post-15609","post","type-post","status-publish","format-standard","has-post-thumbnail","hentry","category-destaque","category-teofilootoni","tag-camara-municipal","tag-diario-tribuna","tag-eder-detrez","tag-garimpeiro-do-ano","tag-homenagem","tag-robertinho-crescencio","tag-teofilo-otoni"],"_links":{"self":[{"href":"https:\/\/diariotribuna.com.br\/index.php?rest_route=\/wp\/v2\/posts\/15609"}],"collection":[{"href":"https:\/\/diariotribuna.com.br\/index.php?rest_route=\/wp\/v2\/posts"}],"about":[{"href":"https:\/\/diariotribuna.com.br\/index.php?rest_route=\/wp\/v2\/types\/post"}],"author":[{"embeddable":true,"href":"https:\/\/diariotribuna.com.br\/index.php?rest_route=\/wp\/v2\/users\/1"}],"replies":[{"embeddable":true,"href":"https:\/\/diariotribuna.com.br\/index.php?rest_route=%2Fwp%2Fv2%2Fcomments&post=15609"}],"version-history":[{"count":9,"href":"https:\/\/diariotribuna.com.br\/index.php?rest_route=\/wp\/v2\/posts\/15609\/revisions"}],"predecessor-version":[{"id":15656,"href":"https:\/\/diariotribuna.com.br\/index.php?rest_route=\/wp\/v2\/posts\/15609\/revisions\/15656"}],"wp:featuredmedia":[{"embeddable":true,"href":"https:\/\/diariotribuna.com.br\/index.php?rest_route=\/wp\/v2\/media\/15623"}],"wp:attachment":[{"href":"https:\/\/diariotribuna.com.br\/index.php?rest_route=%2Fwp%2Fv2%2Fmedia&parent=15609"}],"wp:term":[{"taxonomy":"category","embeddable":true,"href":"https:\/\/diariotribuna.com.br\/index.php?rest_route=%2Fwp%2Fv2%2Fcategories&post=15609"},{"taxonomy":"post_tag","embeddable":true,"href":"https:\/\/diariotribuna.com.br\/index.php?rest_route=%2Fwp%2Fv2%2Ftags&post=15609"}],"curies":[{"name":"wp","href":"https:\/\/api.w.org\/{rel}","templated":true}]}}