{"id":15680,"date":"2022-06-20T09:36:16","date_gmt":"2022-06-20T12:36:16","guid":{"rendered":"https:\/\/diariotribuna.com.br\/?p=15680"},"modified":"2022-06-21T10:10:45","modified_gmt":"2022-06-21T13:10:45","slug":"diario-tribuna-20-de-junho-2022-teofilo-otoni-mg","status":"publish","type":"post","link":"https:\/\/diariotribuna.com.br\/?p=15680","title":{"rendered":"Di\u00e1rio Tribuna, 20 de Junho 2022, Te\u00f3filo Otoni &#8211; MG"},"content":{"rendered":"\n<figure class=\"wp-block-image size-full is-resized is-style-default\"><img loading=\"lazy\" decoding=\"async\" src=\"https:\/\/diariotribuna.com.br\/wp-content\/uploads\/2022\/06\/7a3f2700-186a-4b93-82b0-1480400e045f.jpg\" alt=\"\" class=\"wp-image-15682\" width=\"361\" height=\"511\" srcset=\"https:\/\/diariotribuna.com.br\/wp-content\/uploads\/2022\/06\/7a3f2700-186a-4b93-82b0-1480400e045f.jpg 704w, https:\/\/diariotribuna.com.br\/wp-content\/uploads\/2022\/06\/7a3f2700-186a-4b93-82b0-1480400e045f-212x300.jpg 212w, https:\/\/diariotribuna.com.br\/wp-content\/uploads\/2022\/06\/7a3f2700-186a-4b93-82b0-1480400e045f-696x985.jpg 696w, https:\/\/diariotribuna.com.br\/wp-content\/uploads\/2022\/06\/7a3f2700-186a-4b93-82b0-1480400e045f-297x420.jpg 297w\" sizes=\"(max-width: 361px) 100vw, 361px\" \/><\/figure>\n\n\n\n<h2 class=\"wp-block-heading\"><strong><strong><mark style=\"background-color:rgba(0, 0, 0, 0)\" class=\"has-inline-color has-vivid-red-color\">Acesse o link abaixo e veja a edi\u00e7\u00e3o completa do Di\u00e1rio Tribuna desta segunda-feira (20\/06\/2022)<\/mark><\/strong><\/strong><\/h2>\n\n\n\n<h3 class=\"wp-block-heading\"><a href=\"https:\/\/diariotribuna.com.br\/wp-content\/uploads\/2022\/06\/DIARIO-TRIBUNA-52-ANOS-20-JUNHO-2022.pdf\"><strong><mark style=\"background-color:rgba(0, 0, 0, 0)\" class=\"has-inline-color has-vivid-red-color\">https:\/\/diariotribuna.com.br\/wp-content\/uploads\/2022\/06\/DIARIO-TRIBUNA-52-ANOS-20-JUNHO-2022.pdf<\/mark><\/strong><\/a><\/h3>\n\n\n\n<p><\/p>\n","protected":false},"excerpt":{"rendered":"<p>Acesse o link abaixo e veja a edi\u00e7\u00e3o completa do Di\u00e1rio Tribuna desta segunda-feira (20\/06\/2022) https:\/\/diariotribuna.com.br\/wp-content\/uploads\/2022\/06\/DIARIO-TRIBUNA-52-ANOS-20-JUNHO-2022.pdf<\/p>\n","protected":false},"author":1,"featured_media":15682,"comment_status":"open","ping_status":"open","sticky":false,"template":"","format":"standard","meta":{"rop_custom_images_group":[],"rop_custom_messages_group":[],"rop_publish_now":"initial","rop_publish_now_accounts":[],"rop_publish_now_history":[],"rop_publish_now_status":"pending","footnotes":""},"categories":[17,23],"tags":[4550,42,1010,75,867],"class_list":["post-15680","post","type-post","status-publish","format-standard","has-post-thumbnail","hentry","category-teofilootoni","category-ultimaedicao","tag-20-06-2022","tag-diario-tribuna","tag-nordeste-mineiro","tag-teofilo-otoni","tag-vale-do-mucuri"],"_links":{"self":[{"href":"https:\/\/diariotribuna.com.br\/index.php?rest_route=\/wp\/v2\/posts\/15680"}],"collection":[{"href":"https:\/\/diariotribuna.com.br\/index.php?rest_route=\/wp\/v2\/posts"}],"about":[{"href":"https:\/\/diariotribuna.com.br\/index.php?rest_route=\/wp\/v2\/types\/post"}],"author":[{"embeddable":true,"href":"https:\/\/diariotribuna.com.br\/index.php?rest_route=\/wp\/v2\/users\/1"}],"replies":[{"embeddable":true,"href":"https:\/\/diariotribuna.com.br\/index.php?rest_route=%2Fwp%2Fv2%2Fcomments&post=15680"}],"version-history":[{"count":1,"href":"https:\/\/diariotribuna.com.br\/index.php?rest_route=\/wp\/v2\/posts\/15680\/revisions"}],"predecessor-version":[{"id":15683,"href":"https:\/\/diariotribuna.com.br\/index.php?rest_route=\/wp\/v2\/posts\/15680\/revisions\/15683"}],"wp:featuredmedia":[{"embeddable":true,"href":"https:\/\/diariotribuna.com.br\/index.php?rest_route=\/wp\/v2\/media\/15682"}],"wp:attachment":[{"href":"https:\/\/diariotribuna.com.br\/index.php?rest_route=%2Fwp%2Fv2%2Fmedia&parent=15680"}],"wp:term":[{"taxonomy":"category","embeddable":true,"href":"https:\/\/diariotribuna.com.br\/index.php?rest_route=%2Fwp%2Fv2%2Fcategories&post=15680"},{"taxonomy":"post_tag","embeddable":true,"href":"https:\/\/diariotribuna.com.br\/index.php?rest_route=%2Fwp%2Fv2%2Ftags&post=15680"}],"curies":[{"name":"wp","href":"https:\/\/api.w.org\/{rel}","templated":true}]}}