{"id":15700,"date":"2022-06-21T23:57:48","date_gmt":"2022-06-22T02:57:48","guid":{"rendered":"https:\/\/diariotribuna.com.br\/?p=15700"},"modified":"2022-06-22T00:18:51","modified_gmt":"2022-06-22T03:18:51","slug":"crianca-de-1-ano-e-10-meses-morre-atropelada-por-caminhao-em-aracuai","status":"publish","type":"post","link":"https:\/\/diariotribuna.com.br\/?p=15700","title":{"rendered":"Crian\u00e7a de 1 ano e 10 meses morre atropelada por caminh\u00e3o em Ara\u00e7ua\u00ed"},"content":{"rendered":"\n<figure class=\"wp-block-gallery has-nested-images columns-2 is-cropped wp-block-gallery-1 is-layout-flex wp-block-gallery-is-layout-flex\">\n<figure class=\"wp-block-image size-large is-style-default\"><img loading=\"lazy\" decoding=\"async\" width=\"700\" height=\"469\" data-id=\"15709\" src=\"https:\/\/diariotribuna.com.br\/wp-content\/uploads\/2022\/06\/1-6.jpg\" alt=\"\" class=\"wp-image-15709\" srcset=\"https:\/\/diariotribuna.com.br\/wp-content\/uploads\/2022\/06\/1-6.jpg 700w, https:\/\/diariotribuna.com.br\/wp-content\/uploads\/2022\/06\/1-6-300x201.jpg 300w, https:\/\/diariotribuna.com.br\/wp-content\/uploads\/2022\/06\/1-6-696x466.jpg 696w, https:\/\/diariotribuna.com.br\/wp-content\/uploads\/2022\/06\/1-6-627x420.jpg 627w\" sizes=\"(max-width: 700px) 100vw, 700px\" \/><\/figure>\n\n\n\n<figure class=\"wp-block-image size-large is-style-default\"><img loading=\"lazy\" decoding=\"async\" width=\"700\" height=\"461\" data-id=\"15712\" src=\"https:\/\/diariotribuna.com.br\/wp-content\/uploads\/2022\/06\/4-8.jpg\" alt=\"\" class=\"wp-image-15712\" srcset=\"https:\/\/diariotribuna.com.br\/wp-content\/uploads\/2022\/06\/4-8.jpg 700w, https:\/\/diariotribuna.com.br\/wp-content\/uploads\/2022\/06\/4-8-300x198.jpg 300w, https:\/\/diariotribuna.com.br\/wp-content\/uploads\/2022\/06\/4-8-696x458.jpg 696w, https:\/\/diariotribuna.com.br\/wp-content\/uploads\/2022\/06\/4-8-638x420.jpg 638w\" sizes=\"(max-width: 700px) 100vw, 700px\" \/><\/figure>\n<\/figure>\n\n\n\n<p>A Pol\u00edcia Militar foi acionada, na manh\u00e3 desta ter\u00e7a-feira (21\/06), para registro de um acidente de tr\u00e2nsito com v\u00edtima, na Rua S\u00e3o Jos\u00e9, no Bairro Lazaredo, em Ara\u00e7ua\u00ed. No local, os militares foram informados que uma menina de 1 ano e 10 meses havia sido atropelada por um caminh\u00e3o que prestava servi\u00e7os para a prefeitura municipal de Ara\u00e7ua\u00ed.<\/p>\n\n\n\n<p>Os militares foram informados ainda que, a crian\u00e7a estava na casa de um tio, sendo que num momento de distra\u00e7\u00e3o ele n\u00e3o teria percebido quando ela saiu pelo port\u00e3o que d\u00e1 acesso \u00e0 rua, e nesse instante, passava pela citada rua um caminh\u00e3o que fazia recolhimento de entulho e a crian\u00e7a foi atropelada.<\/p>\n\n\n\n<p>A v\u00edtima sofreu ferimentos na regi\u00e3o da cabe\u00e7a e nas m\u00e3os, foi conduzida ao hospital S\u00e3o Vicente de Paulo por um carro da prefeitura que passava pelo local, mas infelizmente n\u00e3o resistiu e morreu. O condutor do ve\u00edculo, D.F.S., de 34 anos, e o respons\u00e1vel pela crian\u00e7a foram conduzidos para registro do fato na delegacia, para as provid\u00eancias de pol\u00edcia judici\u00e1ria.<\/p>\n\n\n\n<p>O condutor do caminh\u00e3o disse que estava trafegando pela Rua Jo\u00e3o Barreto, sentido crescente, momento em que reduziu e sinalizou, para acessar \u00e0 esquerda, a Rua S\u00e3o Jos\u00e9. Disse que viu do lado direito da Rua S\u00e3o Jos\u00e9, um homem, sentado no meio fio da cal\u00e7ada ao lado de uma motocicleta, e viu do lado oposto, um port\u00e3o de cor preta aberto.<\/p>\n\n\n\n<p>Quando seguia, ouviu uma mulher (esposa do homem que estava sentado), vindo no meio da rua gritando pra ele parar o caminh\u00e3o, quando ele parou, percebeu pelo retrovisor que havia uma crian\u00e7a deitada no ch\u00e3o, pr\u00f3ximo a roda traseira. Desceu para prestar socorro \u00e0 v\u00edtima, mas o homem que estava na cal\u00e7ada j\u00e1 estava socorrendo.<\/p>\n\n\n\n<figure class=\"wp-block-gallery has-nested-images columns-default is-cropped wp-block-gallery-2 is-layout-flex wp-block-gallery-is-layout-flex\">\n<figure class=\"wp-block-image size-large is-style-default\"><img loading=\"lazy\" decoding=\"async\" width=\"700\" height=\"454\" data-id=\"15715\" src=\"https:\/\/diariotribuna.com.br\/wp-content\/uploads\/2022\/06\/3-8.jpg\" alt=\"\" class=\"wp-image-15715\" srcset=\"https:\/\/diariotribuna.com.br\/wp-content\/uploads\/2022\/06\/3-8.jpg 700w, https:\/\/diariotribuna.com.br\/wp-content\/uploads\/2022\/06\/3-8-300x195.jpg 300w, https:\/\/diariotribuna.com.br\/wp-content\/uploads\/2022\/06\/3-8-696x451.jpg 696w, https:\/\/diariotribuna.com.br\/wp-content\/uploads\/2022\/06\/3-8-648x420.jpg 648w\" sizes=\"(max-width: 700px) 100vw, 700px\" \/><\/figure>\n\n\n\n<figure class=\"wp-block-image size-large is-style-default\"><img loading=\"lazy\" decoding=\"async\" width=\"700\" height=\"458\" data-id=\"15714\" src=\"https:\/\/diariotribuna.com.br\/wp-content\/uploads\/2022\/06\/2-7.jpg\" alt=\"\" class=\"wp-image-15714\" srcset=\"https:\/\/diariotribuna.com.br\/wp-content\/uploads\/2022\/06\/2-7.jpg 700w, https:\/\/diariotribuna.com.br\/wp-content\/uploads\/2022\/06\/2-7-300x196.jpg 300w, https:\/\/diariotribuna.com.br\/wp-content\/uploads\/2022\/06\/2-7-696x455.jpg 696w, https:\/\/diariotribuna.com.br\/wp-content\/uploads\/2022\/06\/2-7-642x420.jpg 642w\" sizes=\"(max-width: 700px) 100vw, 700px\" \/><\/figure>\n<\/figure>\n\n\n\n<p>Ele parou um carro da prefeitura que passava pelo local para levar a menina para o hospital. Um perito criminal na Pol\u00edcia Civil esteve no local dos fatos para os trabalhos de praxe. O corpo da menina foi encaminhado ao Instituto M\u00e9dico Legal de Almenara para necropsia. (Informa\u00e7\u00f5es\/Fotos: PMMG, Ara\u00e7ua\u00ed).<\/p>\n","protected":false},"excerpt":{"rendered":"<p>A Pol\u00edcia Militar foi acionada, na manh\u00e3 desta ter\u00e7a-feira (21\/06), para registro de um acidente de tr\u00e2nsito com v\u00edtima, na Rua S\u00e3o Jos\u00e9, no Bairro Lazaredo, em Ara\u00e7ua\u00ed. No local, os militares foram informados que uma menina de 1 ano e 10 meses havia sido atropelada por um caminh\u00e3o que prestava servi\u00e7os para a prefeitura [&hellip;]<\/p>\n","protected":false},"author":1,"featured_media":15708,"comment_status":"open","ping_status":"open","sticky":false,"template":"","format":"standard","meta":{"rop_custom_images_group":[],"rop_custom_messages_group":[],"rop_publish_now":"initial","rop_publish_now_accounts":[],"rop_publish_now_history":[],"rop_publish_now_status":"pending","footnotes":""},"categories":[25,20],"tags":[380,185,4555,1476,76],"class_list":["post-15700","post","type-post","status-publish","format-standard","has-post-thumbnail","hentry","category-destaque","category-policia","tag-aracuai","tag-caminhao","tag-crianca-atropelada","tag-obito","tag-policia-militar"],"_links":{"self":[{"href":"https:\/\/diariotribuna.com.br\/index.php?rest_route=\/wp\/v2\/posts\/15700"}],"collection":[{"href":"https:\/\/diariotribuna.com.br\/index.php?rest_route=\/wp\/v2\/posts"}],"about":[{"href":"https:\/\/diariotribuna.com.br\/index.php?rest_route=\/wp\/v2\/types\/post"}],"author":[{"embeddable":true,"href":"https:\/\/diariotribuna.com.br\/index.php?rest_route=\/wp\/v2\/users\/1"}],"replies":[{"embeddable":true,"href":"https:\/\/diariotribuna.com.br\/index.php?rest_route=%2Fwp%2Fv2%2Fcomments&post=15700"}],"version-history":[{"count":4,"href":"https:\/\/diariotribuna.com.br\/index.php?rest_route=\/wp\/v2\/posts\/15700\/revisions"}],"predecessor-version":[{"id":15720,"href":"https:\/\/diariotribuna.com.br\/index.php?rest_route=\/wp\/v2\/posts\/15700\/revisions\/15720"}],"wp:featuredmedia":[{"embeddable":true,"href":"https:\/\/diariotribuna.com.br\/index.php?rest_route=\/wp\/v2\/media\/15708"}],"wp:attachment":[{"href":"https:\/\/diariotribuna.com.br\/index.php?rest_route=%2Fwp%2Fv2%2Fmedia&parent=15700"}],"wp:term":[{"taxonomy":"category","embeddable":true,"href":"https:\/\/diariotribuna.com.br\/index.php?rest_route=%2Fwp%2Fv2%2Fcategories&post=15700"},{"taxonomy":"post_tag","embeddable":true,"href":"https:\/\/diariotribuna.com.br\/index.php?rest_route=%2Fwp%2Fv2%2Ftags&post=15700"}],"curies":[{"name":"wp","href":"https:\/\/api.w.org\/{rel}","templated":true}]}}