{"id":15724,"date":"2022-06-22T09:09:13","date_gmt":"2022-06-22T12:09:13","guid":{"rendered":"https:\/\/diariotribuna.com.br\/?p=15724"},"modified":"2022-06-23T10:36:37","modified_gmt":"2022-06-23T13:36:37","slug":"diario-tribuna-22-de-junho-2022-teofilo-otoni-mg","status":"publish","type":"post","link":"https:\/\/diariotribuna.com.br\/?p=15724","title":{"rendered":"Di\u00e1rio Tribuna, 22 de Junho 2022, Te\u00f3filo Otoni &#8211; MG"},"content":{"rendered":"\n<figure class=\"wp-block-image size-full is-resized is-style-default\"><img loading=\"lazy\" decoding=\"async\" src=\"https:\/\/diariotribuna.com.br\/wp-content\/uploads\/2022\/06\/36c65774-1ea1-4a21-bf81-90c32a0ebf02.jpg\" alt=\"\" class=\"wp-image-15726\" width=\"430\" height=\"615\" srcset=\"https:\/\/diariotribuna.com.br\/wp-content\/uploads\/2022\/06\/36c65774-1ea1-4a21-bf81-90c32a0ebf02.jpg 700w, https:\/\/diariotribuna.com.br\/wp-content\/uploads\/2022\/06\/36c65774-1ea1-4a21-bf81-90c32a0ebf02-210x300.jpg 210w, https:\/\/diariotribuna.com.br\/wp-content\/uploads\/2022\/06\/36c65774-1ea1-4a21-bf81-90c32a0ebf02-696x996.jpg 696w, https:\/\/diariotribuna.com.br\/wp-content\/uploads\/2022\/06\/36c65774-1ea1-4a21-bf81-90c32a0ebf02-293x420.jpg 293w\" sizes=\"(max-width: 430px) 100vw, 430px\" \/><\/figure>\n\n\n\n<h2 class=\"wp-block-heading\"><strong><strong><mark style=\"background-color:rgba(0, 0, 0, 0)\" class=\"has-inline-color has-vivid-red-color\">Acesse o link abaixo e veja a edi\u00e7\u00e3o completa do Di\u00e1rio Tribuna desta quarta-feira (22\/06\/2022)<\/mark><\/strong><\/strong><\/h2>\n\n\n\n<h3 class=\"wp-block-heading\"><a href=\"https:\/\/diariotribuna.com.br\/wp-content\/uploads\/2022\/06\/DIARIO-TRIBUNA-52-ANOS-22-JUNHO-2022.pdf\"><strong><mark style=\"background-color:rgba(0, 0, 0, 0)\" class=\"has-inline-color has-vivid-red-color\">https:\/\/diariotribuna.com.br\/wp-content\/uploads\/2022\/06\/DIARIO-TRIBUNA-52-ANOS-22-JUNHO-2022.pdf<\/mark><\/strong><\/a><\/h3>\n","protected":false},"excerpt":{"rendered":"<p>Acesse o link abaixo e veja a edi\u00e7\u00e3o completa do Di\u00e1rio Tribuna desta quarta-feira (22\/06\/2022) https:\/\/diariotribuna.com.br\/wp-content\/uploads\/2022\/06\/DIARIO-TRIBUNA-52-ANOS-22-JUNHO-2022.pdf<\/p>\n","protected":false},"author":1,"featured_media":15726,"comment_status":"open","ping_status":"open","sticky":false,"template":"","format":"standard","meta":{"rop_custom_images_group":[],"rop_custom_messages_group":[],"rop_publish_now":"initial","rop_publish_now_accounts":[],"rop_publish_now_history":[],"rop_publish_now_status":"pending","footnotes":""},"categories":[17,23],"tags":[4560,42,1010,75,867],"class_list":["post-15724","post","type-post","status-publish","format-standard","has-post-thumbnail","hentry","category-teofilootoni","category-ultimaedicao","tag-22-06-2022","tag-diario-tribuna","tag-nordeste-mineiro","tag-teofilo-otoni","tag-vale-do-mucuri"],"_links":{"self":[{"href":"https:\/\/diariotribuna.com.br\/index.php?rest_route=\/wp\/v2\/posts\/15724"}],"collection":[{"href":"https:\/\/diariotribuna.com.br\/index.php?rest_route=\/wp\/v2\/posts"}],"about":[{"href":"https:\/\/diariotribuna.com.br\/index.php?rest_route=\/wp\/v2\/types\/post"}],"author":[{"embeddable":true,"href":"https:\/\/diariotribuna.com.br\/index.php?rest_route=\/wp\/v2\/users\/1"}],"replies":[{"embeddable":true,"href":"https:\/\/diariotribuna.com.br\/index.php?rest_route=%2Fwp%2Fv2%2Fcomments&post=15724"}],"version-history":[{"count":2,"href":"https:\/\/diariotribuna.com.br\/index.php?rest_route=\/wp\/v2\/posts\/15724\/revisions"}],"predecessor-version":[{"id":15736,"href":"https:\/\/diariotribuna.com.br\/index.php?rest_route=\/wp\/v2\/posts\/15724\/revisions\/15736"}],"wp:featuredmedia":[{"embeddable":true,"href":"https:\/\/diariotribuna.com.br\/index.php?rest_route=\/wp\/v2\/media\/15726"}],"wp:attachment":[{"href":"https:\/\/diariotribuna.com.br\/index.php?rest_route=%2Fwp%2Fv2%2Fmedia&parent=15724"}],"wp:term":[{"taxonomy":"category","embeddable":true,"href":"https:\/\/diariotribuna.com.br\/index.php?rest_route=%2Fwp%2Fv2%2Fcategories&post=15724"},{"taxonomy":"post_tag","embeddable":true,"href":"https:\/\/diariotribuna.com.br\/index.php?rest_route=%2Fwp%2Fv2%2Ftags&post=15724"}],"curies":[{"name":"wp","href":"https:\/\/api.w.org\/{rel}","templated":true}]}}