{"id":15729,"date":"2022-06-22T22:57:44","date_gmt":"2022-06-23T01:57:44","guid":{"rendered":"https:\/\/diariotribuna.com.br\/?p=15729"},"modified":"2022-06-22T22:57:45","modified_gmt":"2022-06-23T01:57:45","slug":"policia-civil-prende-condenado-por-trafico-de-drogas-em-campanario","status":"publish","type":"post","link":"https:\/\/diariotribuna.com.br\/?p=15729","title":{"rendered":"Pol\u00edcia Civil prende condenado por tr\u00e1fico de drogas em Campan\u00e1rio"},"content":{"rendered":"\n<figure class=\"wp-block-image size-full is-resized is-style-default\"><img loading=\"lazy\" decoding=\"async\" src=\"https:\/\/diariotribuna.com.br\/wp-content\/uploads\/2022\/06\/7d10e636-f16d-4135-9563-415b021c4d32.jpg\" alt=\"\" class=\"wp-image-15730\" width=\"531\" height=\"379\" srcset=\"https:\/\/diariotribuna.com.br\/wp-content\/uploads\/2022\/06\/7d10e636-f16d-4135-9563-415b021c4d32.jpg 700w, https:\/\/diariotribuna.com.br\/wp-content\/uploads\/2022\/06\/7d10e636-f16d-4135-9563-415b021c4d32-300x214.jpg 300w, https:\/\/diariotribuna.com.br\/wp-content\/uploads\/2022\/06\/7d10e636-f16d-4135-9563-415b021c4d32-100x70.jpg 100w, https:\/\/diariotribuna.com.br\/wp-content\/uploads\/2022\/06\/7d10e636-f16d-4135-9563-415b021c4d32-696x496.jpg 696w, https:\/\/diariotribuna.com.br\/wp-content\/uploads\/2022\/06\/7d10e636-f16d-4135-9563-415b021c4d32-589x420.jpg 589w\" sizes=\"(max-width: 531px) 100vw, 531px\" \/><\/figure>\n\n\n\n<p>A Pol\u00edcia Civil de Minas Gerais, por meio da 5\u00aa Delegacia de Pol\u00edcia Civil de Itambacuri, no final da tarde de ter\u00e7a-feira (21\/06), cumpriu mandado de pris\u00e3o de N.A.S., de 40 anos, condenado pela pr\u00e1tica de crime de tr\u00e1fico de drogas e associa\u00e7\u00e3o ao tr\u00e1fico. O delegado titular de Itambacuri, dr. Eduardo Gil, disse que \u201cfoi apurada a conduta il\u00edcita de N.A.S. por meio de procedimento investigativo instaurado em 2019, que foram relacionadas, em rol cristalino, as provas dos crimes capitaneados pelo autor e seus asseclas\u201d.<\/p>\n\n\n\n<p>Disse que, naquela ocasi\u00e3o, o autor traficava entorpecentes na cidade de Campan\u00e1rio, tendo unido esfor\u00e7os com outros partid\u00e1rios do mesmo crime para impor o poder de mando na comunidade. Com as dilig\u00eancias ultimadas e, formado o contexto probat\u00f3rio, o Minist\u00e9rio P\u00fablico formulou den\u00fancia seguindo a mesma linha investigativa, culminando com o decreto judicial de pris\u00e3o dos autores ap\u00f3s senten\u00e7a condenat\u00f3ria.<\/p>\n\n\n\n<p>\u201cO N.A.S foi um dos integrantes de uma organiza\u00e7\u00e3o criminosa composta por mais 03 traficantes, dos quais 01 tamb\u00e9m j\u00e1 foi preso, ao passo que outro est\u00e1 foragido e o derradeiro foi morto pelo pr\u00f3prio integrante do bando\u201d, disse o dr. Eduardo. Ap\u00f3s a formaliza\u00e7\u00e3o do mandado de pris\u00e3o, o condenado foi encaminhado ao pres\u00eddio de Itambacuri, permanecendo \u00e0 disposi\u00e7\u00e3o da Justi\u00e7a Criminal da Comarca. <strong>Equipe Policia Civil:<\/strong> Eduardo Gil (Delegado de Pol\u00edcia). Anderson Schultz, Glauzelanio \u201cBota\u201d e Raimundo Filho (Investigadores).<\/p>\n\n\n\n<p><strong>(Informa\u00e7\u00f5es\/Foto: PCMG, dr. Eduardo Gil).<\/strong><\/p>\n","protected":false},"excerpt":{"rendered":"<p>A Pol\u00edcia Civil de Minas Gerais, por meio da 5\u00aa Delegacia de Pol\u00edcia Civil de Itambacuri, no final da tarde de ter\u00e7a-feira (21\/06), cumpriu mandado de pris\u00e3o de N.A.S., de 40 anos, condenado pela pr\u00e1tica de crime de tr\u00e1fico de drogas e associa\u00e7\u00e3o ao tr\u00e1fico. O delegado titular de Itambacuri, dr. Eduardo Gil, disse que [&hellip;]<\/p>\n","protected":false},"author":1,"featured_media":15730,"comment_status":"open","ping_status":"open","sticky":false,"template":"","format":"standard","meta":{"rop_custom_images_group":[],"rop_custom_messages_group":[],"rop_publish_now":"initial","rop_publish_now_accounts":[],"rop_publish_now_history":[],"rop_publish_now_status":"pending","footnotes":""},"categories":[25,20],"tags":[834,96,1176,292,1410],"class_list":["post-15729","post","type-post","status-publish","format-standard","has-post-thumbnail","hentry","category-destaque","category-policia","tag-campanario","tag-itambacuri","tag-mandado-de-prisao","tag-policia-civil","tag-traficante"],"_links":{"self":[{"href":"https:\/\/diariotribuna.com.br\/index.php?rest_route=\/wp\/v2\/posts\/15729"}],"collection":[{"href":"https:\/\/diariotribuna.com.br\/index.php?rest_route=\/wp\/v2\/posts"}],"about":[{"href":"https:\/\/diariotribuna.com.br\/index.php?rest_route=\/wp\/v2\/types\/post"}],"author":[{"embeddable":true,"href":"https:\/\/diariotribuna.com.br\/index.php?rest_route=\/wp\/v2\/users\/1"}],"replies":[{"embeddable":true,"href":"https:\/\/diariotribuna.com.br\/index.php?rest_route=%2Fwp%2Fv2%2Fcomments&post=15729"}],"version-history":[{"count":1,"href":"https:\/\/diariotribuna.com.br\/index.php?rest_route=\/wp\/v2\/posts\/15729\/revisions"}],"predecessor-version":[{"id":15731,"href":"https:\/\/diariotribuna.com.br\/index.php?rest_route=\/wp\/v2\/posts\/15729\/revisions\/15731"}],"wp:featuredmedia":[{"embeddable":true,"href":"https:\/\/diariotribuna.com.br\/index.php?rest_route=\/wp\/v2\/media\/15730"}],"wp:attachment":[{"href":"https:\/\/diariotribuna.com.br\/index.php?rest_route=%2Fwp%2Fv2%2Fmedia&parent=15729"}],"wp:term":[{"taxonomy":"category","embeddable":true,"href":"https:\/\/diariotribuna.com.br\/index.php?rest_route=%2Fwp%2Fv2%2Fcategories&post=15729"},{"taxonomy":"post_tag","embeddable":true,"href":"https:\/\/diariotribuna.com.br\/index.php?rest_route=%2Fwp%2Fv2%2Ftags&post=15729"}],"curies":[{"name":"wp","href":"https:\/\/api.w.org\/{rel}","templated":true}]}}