{"id":15748,"date":"2022-06-25T23:54:27","date_gmt":"2022-06-26T02:54:27","guid":{"rendered":"https:\/\/diariotribuna.com.br\/?p=15748"},"modified":"2022-06-27T14:55:23","modified_gmt":"2022-06-27T17:55:23","slug":"policia-militar-e-corpo-de-bombeiros-realizam-campanha-inverno-solidario","status":"publish","type":"post","link":"https:\/\/diariotribuna.com.br\/?p=15748","title":{"rendered":"Pol\u00edcia Militar e Corpo de Bombeiros realizam campanha Inverno Solid\u00e1rio"},"content":{"rendered":"\n<figure class=\"wp-block-image size-full is-resized is-style-default\"><img loading=\"lazy\" decoding=\"async\" src=\"https:\/\/diariotribuna.com.br\/wp-content\/uploads\/2022\/06\/32148898-f410-400b-bb87-5422f0d9267e.jpg\" alt=\"\" class=\"wp-image-15749\" width=\"453\" height=\"432\" srcset=\"https:\/\/diariotribuna.com.br\/wp-content\/uploads\/2022\/06\/32148898-f410-400b-bb87-5422f0d9267e.jpg 700w, https:\/\/diariotribuna.com.br\/wp-content\/uploads\/2022\/06\/32148898-f410-400b-bb87-5422f0d9267e-300x286.jpg 300w, https:\/\/diariotribuna.com.br\/wp-content\/uploads\/2022\/06\/32148898-f410-400b-bb87-5422f0d9267e-696x664.jpg 696w, https:\/\/diariotribuna.com.br\/wp-content\/uploads\/2022\/06\/32148898-f410-400b-bb87-5422f0d9267e-440x420.jpg 440w\" sizes=\"(max-width: 453px) 100vw, 453px\" \/><\/figure>\n\n\n\n<p><strong>Te\u00f3filo Otoni &#8211;<\/strong> A Pol\u00edcia Militar e o Corpo de Bombeiros, lan\u00e7aram em Te\u00f3filo Otoni a campanha Inverno Solid\u00e1rio 2022, para arrecadar alimentos, agasalhos e cobertores para poderem aquecer o inverno de fam\u00edlias carentes da regi\u00e3o. H\u00e1 pontos de arrecada\u00e7\u00e3o por toda \u00e1rea urbana da cidade e tamb\u00e9m na \u00e1rea rural. O slogan \u00e9 \u201cJuntos, vamos ajudar a quem precisa\u201d.<\/p>\n\n\n\n<p><strong>Pontos de arrecada\u00e7\u00e3o: <\/strong>Base de Seguran\u00e7a Comunit\u00e1ria da Pol\u00edcia Militar na Pra\u00e7a Tiradentes, Base de Seguran\u00e7a Comunit\u00e1ria do Bairro Bela Vista, sede do 19\u00ba Batalh\u00e3o, sede do Corpo de Bombeiros, Base Comunit\u00e1ria M\u00f3vel Rural e Patrulha Rural. <strong>Per\u00edodo da Campanha:<\/strong> de 15 de Junho a 1\u00ba de Agosto. (Assessoria de comunica\u00e7\u00e3o do 19\u00ba BPM, Te\u00f3filo Otoni).<\/p>\n","protected":false},"excerpt":{"rendered":"<p>Te\u00f3filo Otoni &#8211; A Pol\u00edcia Militar e o Corpo de Bombeiros, lan\u00e7aram em Te\u00f3filo Otoni a campanha Inverno Solid\u00e1rio 2022, para arrecadar alimentos, agasalhos e cobertores para poderem aquecer o inverno de fam\u00edlias carentes da regi\u00e3o. H\u00e1 pontos de arrecada\u00e7\u00e3o por toda \u00e1rea urbana da cidade e tamb\u00e9m na \u00e1rea rural. O slogan \u00e9 \u201cJuntos, [&hellip;]<\/p>\n","protected":false},"author":1,"featured_media":15749,"comment_status":"open","ping_status":"open","sticky":false,"template":"","format":"standard","meta":{"rop_custom_images_group":[],"rop_custom_messages_group":[],"rop_publish_now":"initial","rop_publish_now_accounts":[],"rop_publish_now_history":[],"rop_publish_now_status":"pending","footnotes":""},"categories":[17],"tags":[383,382,4566,76,75],"class_list":["post-15748","post","type-post","status-publish","format-standard","has-post-thumbnail","hentry","category-teofilootoni","tag-agasalho","tag-corpo-de-bombeiros","tag-inverno","tag-policia-militar","tag-teofilo-otoni"],"_links":{"self":[{"href":"https:\/\/diariotribuna.com.br\/index.php?rest_route=\/wp\/v2\/posts\/15748"}],"collection":[{"href":"https:\/\/diariotribuna.com.br\/index.php?rest_route=\/wp\/v2\/posts"}],"about":[{"href":"https:\/\/diariotribuna.com.br\/index.php?rest_route=\/wp\/v2\/types\/post"}],"author":[{"embeddable":true,"href":"https:\/\/diariotribuna.com.br\/index.php?rest_route=\/wp\/v2\/users\/1"}],"replies":[{"embeddable":true,"href":"https:\/\/diariotribuna.com.br\/index.php?rest_route=%2Fwp%2Fv2%2Fcomments&post=15748"}],"version-history":[{"count":2,"href":"https:\/\/diariotribuna.com.br\/index.php?rest_route=\/wp\/v2\/posts\/15748\/revisions"}],"predecessor-version":[{"id":15752,"href":"https:\/\/diariotribuna.com.br\/index.php?rest_route=\/wp\/v2\/posts\/15748\/revisions\/15752"}],"wp:featuredmedia":[{"embeddable":true,"href":"https:\/\/diariotribuna.com.br\/index.php?rest_route=\/wp\/v2\/media\/15749"}],"wp:attachment":[{"href":"https:\/\/diariotribuna.com.br\/index.php?rest_route=%2Fwp%2Fv2%2Fmedia&parent=15748"}],"wp:term":[{"taxonomy":"category","embeddable":true,"href":"https:\/\/diariotribuna.com.br\/index.php?rest_route=%2Fwp%2Fv2%2Fcategories&post=15748"},{"taxonomy":"post_tag","embeddable":true,"href":"https:\/\/diariotribuna.com.br\/index.php?rest_route=%2Fwp%2Fv2%2Ftags&post=15748"}],"curies":[{"name":"wp","href":"https:\/\/api.w.org\/{rel}","templated":true}]}}