{"id":15753,"date":"2022-06-26T23:28:46","date_gmt":"2022-06-27T02:28:46","guid":{"rendered":"https:\/\/diariotribuna.com.br\/?p=15753"},"modified":"2022-06-28T14:50:05","modified_gmt":"2022-06-28T17:50:05","slug":"tjmg-publica-edital-de-concurso","status":"publish","type":"post","link":"https:\/\/diariotribuna.com.br\/?p=15753","title":{"rendered":"TJMG publica edital de concurso"},"content":{"rendered":"\n<h2 class=\"wp-block-heading\"><strong>As inscri\u00e7\u00f5es devem ser feitas de 30\/08\/2022 a 29\/09\/2022<\/strong><\/h2>\n\n\n\n<figure class=\"wp-block-image size-full is-resized is-style-default\"><img loading=\"lazy\" decoding=\"async\" src=\"https:\/\/diariotribuna.com.br\/wp-content\/uploads\/2022\/06\/02d9a5d2-e04d-40ad-a881-65069cb94d71.jpg\" alt=\"\" class=\"wp-image-15754\" width=\"568\" height=\"377\" srcset=\"https:\/\/diariotribuna.com.br\/wp-content\/uploads\/2022\/06\/02d9a5d2-e04d-40ad-a881-65069cb94d71.jpg 700w, https:\/\/diariotribuna.com.br\/wp-content\/uploads\/2022\/06\/02d9a5d2-e04d-40ad-a881-65069cb94d71-300x199.jpg 300w, https:\/\/diariotribuna.com.br\/wp-content\/uploads\/2022\/06\/02d9a5d2-e04d-40ad-a881-65069cb94d71-696x461.jpg 696w, https:\/\/diariotribuna.com.br\/wp-content\/uploads\/2022\/06\/02d9a5d2-e04d-40ad-a881-65069cb94d71-634x420.jpg 634w\" sizes=\"(max-width: 568px) 100vw, 568px\" \/><figcaption><strong><em>Concurso ser\u00e1 para provimento de vagas existentes e forma\u00e7\u00e3o de<\/em><\/strong><br><strong><em>Cadastro de Reserva (Cr\u00e9dito: Cecilia Pederzoli\/TJMG)<\/em><\/strong><\/figcaption><\/figure>\n\n\n\n<p>O presidente do Tribunal de Justi\u00e7a de Minas Gerais, desembargador Gilson Soares Lemes, anunciou, na quinta-feira (23\/06), a divulga\u00e7\u00e3o do edital de concurso p\u00fablico para provimento de vagas existentes e forma\u00e7\u00e3o de cadastro de reserva para cargos efetivos do quadro de pessoal dos servidores do Poder Judici\u00e1rio. O edital est\u00e1 disponibilizado<a href=\"https:\/\/www.tjmg.jus.br\/data\/files\/74\/03\/33\/4B\/B13918109ED3F3185ECB08A8\/ADM20220623.pdf\">&nbsp;na edi\u00e7\u00e3o do DJe de quinta-feira (23\/06)<\/a>.<\/p>\n\n\n\n<p>O presidente Gilson Lemes disse que este \u00e9 um concurso muito aguardado por todos. \u201cAgrade\u00e7o ao caro amigo e Segundo Vice-Presidente do Tribunal de Justi\u00e7a de Minas Gerais, desembargador Tiago Pinto, por ter empreendido todos os esfor\u00e7os para a conclus\u00e3o do edital\u201d, afirmou. &nbsp;<\/p>\n\n\n\n<pre class=\"wp-block-verse\">O concurso \u00e9 destinado ao provimento de vagas existentes, por cargo\/especialidade, discriminadas por unidade, e \u00e0 forma\u00e7\u00e3o de cadastro de reserva para provimento de vagas que vierem a surgir e que n\u00e3o forem preenchidas por remo\u00e7\u00e3o ou revers\u00e3o, durante o prazo de validade do certame, dos cargos efetivos de oficial judici\u00e1rio e analista judici\u00e1rio. <strong>As especialidades s\u00e3o as seguintes:<\/strong><\/pre>\n\n\n\n<p><em><strong>Cargo de oficial judici\u00e1rio ( Classe D)<\/strong><\/em><\/p>\n\n\n\n<p>&#8211; Assistente t\u00e9cnico de controle financeiro<br>&#8211; Oficial de justi\u00e7a<\/p>\n\n\n\n<p><em><strong>Cargo de analista judici\u00e1rio (Classe C)<\/strong><\/em><\/p>\n\n\n\n<p>&#8211; Administrador<br>&#8211; Analista de tecnologia da informa\u00e7\u00e3o<br>&#8211; Analista judici\u00e1rio<br>&#8211; Assistente social<br>&#8211; Bibliotec\u00e1rio<br>&#8211; Contador<br>&#8211; Enfermeiro<br>&#8211; Engenheiro civil<br>&#8211; Engenheiro eletricista<br>&#8211; Engenheiro mec\u00e2nico<br>&#8211; M\u00e9dico<br>&#8211; Psic\u00f3logo<br>&#8211; Revisor judici\u00e1rio<\/p>\n\n\n\n<p><strong>Inscri\u00e7\u00f5es&nbsp;&#8211;<\/strong> Os candidatos devem realizar as inscri\u00e7\u00f5es no endere\u00e7o eletr\u00f4nico&nbsp;<a href=\"http:\/\/www.ibfc.org.br\/\">www.ibfc.org.br<\/a>&nbsp;das 10h do dia 30 de agosto de 2022 \u00e0s 23h59 do dia 29 de setembro de 2022. As provas ser\u00e3o aplicadas no dia 4 de dezembro de 2022, nas cidades de Belo Horizonte, Betim, Contagem, Diamantina, Governador Valadares, Juiz de Fora, Montes Claros, Uberl\u00e2ndia e Varginha.<\/p>\n\n\n\n<p><strong>Palavra do presidente<\/strong> &#8211; O presidente do TJMG, desembargador Gilson Soares Lemes, ao se dirigir aos futuros servidores do Tribunal de Justi\u00e7a de Minas Gerais, segunda maior Corte do pa\u00eds, desejou, \u201csob a prote\u00e7\u00e3o de Deus, uma carreira prof\u00edcua e em favor do povo mineiro\u201d.<\/p>\n\n\n\n<p>Ele ressaltou ainda que \u00e9 \u201cservidor p\u00fablico h\u00e1 mais de 30 anos, com ingresso por concurso p\u00fablico, sabendo da import\u00e2ncia dos servidores para a Administra\u00e7\u00e3o P\u00fablica\u201d. Reafirmou que \u201co trabalho do servidor \u00e9 fundamental para o sucesso da Institui\u00e7\u00e3o no atingimento de sua miss\u00e3o e na propaga\u00e7\u00e3o de seus valores, sendo de suma import\u00e2ncia sua valoriza\u00e7\u00e3o. Agrade\u00e7o o empenho e a dedica\u00e7\u00e3o de todo o corpo funcional deste Tribunal de Justi\u00e7a\u201d.<\/p>\n\n\n\n<p>Acesse o&nbsp;<em><a href=\"https:\/\/www.tjmg.jus.br\/data\/files\/74\/03\/33\/4B\/B13918109ED3F3185ECB08A8\/ADM20220623.pdf\">link&nbsp;<\/a><\/em>do edital.<\/p>\n\n\n\n<p>(<strong>Diretoria de Comunica\u00e7\u00e3o Institucional \u2013 Dircom\/ Tribunal de Justi\u00e7a de Minas Gerais \u2013 TJMG<\/strong>)<\/p>\n","protected":false},"excerpt":{"rendered":"<p>As inscri\u00e7\u00f5es devem ser feitas de 30\/08\/2022 a 29\/09\/2022 O presidente do Tribunal de Justi\u00e7a de Minas Gerais, desembargador Gilson Soares Lemes, anunciou, na quinta-feira (23\/06), a divulga\u00e7\u00e3o do edital de concurso p\u00fablico para provimento de vagas existentes e forma\u00e7\u00e3o de cadastro de reserva para cargos efetivos do quadro de pessoal dos servidores do Poder [&hellip;]<\/p>\n","protected":false},"author":1,"featured_media":15754,"comment_status":"open","ping_status":"open","sticky":false,"template":"","format":"standard","meta":{"rop_custom_images_group":[],"rop_custom_messages_group":[],"rop_publish_now":"initial","rop_publish_now_accounts":[],"rop_publish_now_history":[],"rop_publish_now_status":"pending","footnotes":""},"categories":[31],"tags":[4034,4567,2070,53],"class_list":["post-15753","post","type-post","status-publish","format-standard","has-post-thumbnail","hentry","category-juridico","tag-4034","tag-edital-de-concurso","tag-inscricoes","tag-tjmg"],"_links":{"self":[{"href":"https:\/\/diariotribuna.com.br\/index.php?rest_route=\/wp\/v2\/posts\/15753"}],"collection":[{"href":"https:\/\/diariotribuna.com.br\/index.php?rest_route=\/wp\/v2\/posts"}],"about":[{"href":"https:\/\/diariotribuna.com.br\/index.php?rest_route=\/wp\/v2\/types\/post"}],"author":[{"embeddable":true,"href":"https:\/\/diariotribuna.com.br\/index.php?rest_route=\/wp\/v2\/users\/1"}],"replies":[{"embeddable":true,"href":"https:\/\/diariotribuna.com.br\/index.php?rest_route=%2Fwp%2Fv2%2Fcomments&post=15753"}],"version-history":[{"count":3,"href":"https:\/\/diariotribuna.com.br\/index.php?rest_route=\/wp\/v2\/posts\/15753\/revisions"}],"predecessor-version":[{"id":15781,"href":"https:\/\/diariotribuna.com.br\/index.php?rest_route=\/wp\/v2\/posts\/15753\/revisions\/15781"}],"wp:featuredmedia":[{"embeddable":true,"href":"https:\/\/diariotribuna.com.br\/index.php?rest_route=\/wp\/v2\/media\/15754"}],"wp:attachment":[{"href":"https:\/\/diariotribuna.com.br\/index.php?rest_route=%2Fwp%2Fv2%2Fmedia&parent=15753"}],"wp:term":[{"taxonomy":"category","embeddable":true,"href":"https:\/\/diariotribuna.com.br\/index.php?rest_route=%2Fwp%2Fv2%2Fcategories&post=15753"},{"taxonomy":"post_tag","embeddable":true,"href":"https:\/\/diariotribuna.com.br\/index.php?rest_route=%2Fwp%2Fv2%2Ftags&post=15753"}],"curies":[{"name":"wp","href":"https:\/\/api.w.org\/{rel}","templated":true}]}}