{"id":15762,"date":"2022-06-27T14:54:46","date_gmt":"2022-06-27T17:54:46","guid":{"rendered":"https:\/\/diariotribuna.com.br\/?p=15762"},"modified":"2022-06-30T12:49:53","modified_gmt":"2022-06-30T15:49:53","slug":"morador-de-rua-morre-apos-ser-atropelado-em-teofilo-otoni","status":"publish","type":"post","link":"https:\/\/diariotribuna.com.br\/?p=15762","title":{"rendered":"Morador de rua morre ap\u00f3s ser atropelado em Te\u00f3filo Otoni"},"content":{"rendered":"\n<p><strong><em>Sinvaldo Pereira estava deitado na entrada da garagem de um pr\u00e9dio no centro da cidade, o condutor n\u00e3o percebeu e o atropelou<\/em><\/strong><\/p>\n\n\n\n<figure class=\"wp-block-image size-full is-resized is-style-default\"><img loading=\"lazy\" decoding=\"async\" src=\"https:\/\/diariotribuna.com.br\/wp-content\/uploads\/2022\/06\/e62bd955-c3e9-498d-b2e1-562b828383af.jpg\" alt=\"\" class=\"wp-image-15763\" width=\"513\" height=\"311\" srcset=\"https:\/\/diariotribuna.com.br\/wp-content\/uploads\/2022\/06\/e62bd955-c3e9-498d-b2e1-562b828383af.jpg 655w, https:\/\/diariotribuna.com.br\/wp-content\/uploads\/2022\/06\/e62bd955-c3e9-498d-b2e1-562b828383af-300x182.jpg 300w\" sizes=\"(max-width: 513px) 100vw, 513px\" \/><\/figure>\n\n\n\n<p>O acidente aconteceu na noite de s\u00e1bado (25\/06), por volta das 22h, na Avenida Doutor Luiz Boali Porto Salman, centro de Te\u00f3filo Otoni. A Pol\u00edcia Militar foi acionada e compareceu ao local, onde C.C.S.A., de 40 anos, relatou que ap\u00f3s entrar com seu ve\u00edculo Jeep Land Rover, na garagem do pr\u00e9dio onde reside, percebeu que havia passado por cima de algo, e ap\u00f3s desembarcar do ve\u00edculo, verificou que havia um corpo ca\u00eddo no ch\u00e3o, atravessado em frente \u00e0 entrada da garagem do pr\u00e9dio.<\/p>\n\n\n\n<p>Segundo o condutor, ap\u00f3s o ocorrido ele acionou o SAMU comparecendo ao local o m\u00e9dico plantonista que confirmou o \u00f3bito da v\u00edtima. Ap\u00f3s a confirma\u00e7\u00e3o do \u00f3bito, a Pol\u00edcia Militar acionou a per\u00edcia t\u00e9cnica da Pol\u00edcia Civil, e ap\u00f3s os trabalhos periciais o corpo da v\u00edtima foi removido ao Instituto M\u00e9dico Legal para necropsia, e o ve\u00edculo foi liberado para o propriet\u00e1rio. O condutor foi encaminhado at\u00e9 a delegacia de Pol\u00edcia Civil para as provid\u00eancias de pol\u00edcia judici\u00e1ria.<\/p>\n\n\n\n<p>Os militares fizeram contato com a coordenadora do Centro Pop, e ela informou que a v\u00edtima seria Sinvaldo Pereira dos Santos, de aproximadamente 55 anos, assistido do Centro Pop, mas n\u00e3o sabia a origem dele. Segundo a Pol\u00edcia Militar, o condutor disse que, como de praxe acionou o controle para abrir a garagem, quando entrou com seu ve\u00edculo, percebeu ter passado por algo, e foi sobre Sinvaldo. A entrada da garagem \u00e9 uma descida, isso pode ter contribu\u00eddo pra que o condutor n\u00e3o notasse a presen\u00e7a da v\u00edtima que estava dormindo no local. (Informa\u00e7\u00f5es: PMMG\/ Fotos: Divulga\u00e7\u00e3o).<\/p>\n","protected":false},"excerpt":{"rendered":"<p>Sinvaldo Pereira estava deitado na entrada da garagem de um pr\u00e9dio no centro da cidade, o condutor n\u00e3o percebeu e o atropelou O acidente aconteceu na noite de s\u00e1bado (25\/06), por volta das 22h, na Avenida Doutor Luiz Boali Porto Salman, centro de Te\u00f3filo Otoni. A Pol\u00edcia Militar foi acionada e compareceu ao local, onde [&hellip;]<\/p>\n","protected":false},"author":1,"featured_media":15763,"comment_status":"open","ping_status":"open","sticky":false,"template":"","format":"standard","meta":{"rop_custom_images_group":[],"rop_custom_messages_group":[],"rop_publish_now":"initial","rop_publish_now_accounts":[],"rop_publish_now_history":[],"rop_publish_now_status":"pending","footnotes":""},"categories":[20],"tags":[542,1127,4569,1476,75],"class_list":["post-15762","post","type-post","status-publish","format-standard","has-post-thumbnail","hentry","category-policia","tag-atropelamento","tag-centro","tag-morador-de-rua","tag-obito","tag-teofilo-otoni"],"_links":{"self":[{"href":"https:\/\/diariotribuna.com.br\/index.php?rest_route=\/wp\/v2\/posts\/15762"}],"collection":[{"href":"https:\/\/diariotribuna.com.br\/index.php?rest_route=\/wp\/v2\/posts"}],"about":[{"href":"https:\/\/diariotribuna.com.br\/index.php?rest_route=\/wp\/v2\/types\/post"}],"author":[{"embeddable":true,"href":"https:\/\/diariotribuna.com.br\/index.php?rest_route=\/wp\/v2\/users\/1"}],"replies":[{"embeddable":true,"href":"https:\/\/diariotribuna.com.br\/index.php?rest_route=%2Fwp%2Fv2%2Fcomments&post=15762"}],"version-history":[{"count":1,"href":"https:\/\/diariotribuna.com.br\/index.php?rest_route=\/wp\/v2\/posts\/15762\/revisions"}],"predecessor-version":[{"id":15764,"href":"https:\/\/diariotribuna.com.br\/index.php?rest_route=\/wp\/v2\/posts\/15762\/revisions\/15764"}],"wp:featuredmedia":[{"embeddable":true,"href":"https:\/\/diariotribuna.com.br\/index.php?rest_route=\/wp\/v2\/media\/15763"}],"wp:attachment":[{"href":"https:\/\/diariotribuna.com.br\/index.php?rest_route=%2Fwp%2Fv2%2Fmedia&parent=15762"}],"wp:term":[{"taxonomy":"category","embeddable":true,"href":"https:\/\/diariotribuna.com.br\/index.php?rest_route=%2Fwp%2Fv2%2Fcategories&post=15762"},{"taxonomy":"post_tag","embeddable":true,"href":"https:\/\/diariotribuna.com.br\/index.php?rest_route=%2Fwp%2Fv2%2Ftags&post=15762"}],"curies":[{"name":"wp","href":"https:\/\/api.w.org\/{rel}","templated":true}]}}