{"id":15765,"date":"2022-06-27T23:38:25","date_gmt":"2022-06-28T02:38:25","guid":{"rendered":"https:\/\/diariotribuna.com.br\/?p=15765"},"modified":"2022-06-28T14:20:14","modified_gmt":"2022-06-28T17:20:14","slug":"justica-eleitoral-recebe-mais-de-206-mil-novas-urnas-que-serao-utilizadas-nas-eleicoes-2022","status":"publish","type":"post","link":"https:\/\/diariotribuna.com.br\/?p=15765","title":{"rendered":"Justi\u00e7a Eleitoral recebe mais de 206 mil novas urnas que ser\u00e3o utilizadas nas Elei\u00e7\u00f5es 2022"},"content":{"rendered":"\n<p><strong><em>Ao todo, o pleito deste ano contar\u00e1 com 577 mil urnas eletr\u00f4nicas. Desse total, 224.999 equipamentos s\u00e3o do modelo UE2020<\/em><\/strong><\/p>\n\n\n\n<figure class=\"wp-block-image size-full is-style-default\"><img loading=\"lazy\" decoding=\"async\" width=\"620\" height=\"300\" src=\"https:\/\/diariotribuna.com.br\/wp-content\/uploads\/2022\/06\/84fab04a-20db-456a-9f08-02d88bc1b65e.jpeg\" alt=\"\" class=\"wp-image-15766\" srcset=\"https:\/\/diariotribuna.com.br\/wp-content\/uploads\/2022\/06\/84fab04a-20db-456a-9f08-02d88bc1b65e.jpeg 620w, https:\/\/diariotribuna.com.br\/wp-content\/uploads\/2022\/06\/84fab04a-20db-456a-9f08-02d88bc1b65e-300x145.jpeg 300w\" sizes=\"(max-width: 620px) 100vw, 620px\" \/><\/figure>\n\n\n\n<p>O Tribunal Superior Eleitoral (TSE) e os 27 Tribunais Regionais Eleitorais (TREs) do pa\u00eds receberam at\u00e9 semana passada 206.199 urnas eletr\u00f4nicas do modelo UE2020, de um total de 224.999 previstas para serem entregues at\u00e9 outubro pela empresa Positivo Tecnologia. Ao todo, nas Elei\u00e7\u00f5es Gerais de 2022, ser\u00e3o utilizadas 577 mil urnas.<\/p>\n\n\n\n<p>Vinte e um TREs j\u00e1 receberam a quantidade prevista de unidades dos novos equipamentos. Apenas os Regionais da Bahia, Cear\u00e1, Para\u00edba, Rio de Janeiro, Rio Grande do Norte e Roraima, al\u00e9m do TSE, ainda aguardam o recebimento de algumas urnas.<\/p>\n\n\n\n<p>Os novos aparelhos permitir\u00e3o a renova\u00e7\u00e3o do parque da Justi\u00e7a Eleitoral, j\u00e1 que a vida \u00fatil de uma urna eletr\u00f4nica \u00e9 de 10 a 12 anos. Para estas elei\u00e7\u00f5es, as urnas fabricadas em 2006 e em 2008 ser\u00e3o substitu\u00eddas pelos novos modelos.<\/p>\n\n\n\n<p><strong>Licita\u00e7\u00e3o &#8211;<\/strong> Em julho de 2020, a empresa Positivo Tecnologia venceu a licita\u00e7\u00e3o para a produ\u00e7\u00e3o dos novos modelos da urna eletr\u00f4nica. Todas as fases de fabrica\u00e7\u00e3o dos equipamentos s\u00e3o acompanhadas de perto pela equipe da Coordenadoria de Tecnologia Eleitoral (Cotel) da Secretaria de Tecnologia da Informa\u00e7\u00e3o do TSE.<\/p>\n\n\n\n<p>Em dezembro de 2021, representantes do TSE, incluindo o ent\u00e3o presidente da Corte, ministro Lu\u00eds Roberto Barroso, e o corregedor-geral da Justi\u00e7a Eleitoral, ministro Mauro Campbell Marques, visitaram as instala\u00e7\u00f5es das f\u00e1bricas das urnas nas cidades de Manaus (AM) e Ilh\u00e9us (BA), e puderam observar in loco os rigorosos padr\u00f5es de seguran\u00e7a adotados pela empresa do in\u00edcio ao fim da produ\u00e7\u00e3o do equipamento.<\/p>\n\n\n\n<p><strong>Modelo UE2020 &#8211;<\/strong> As urnas modelo UE2020, al\u00e9m de um novo design, possuem um processador 18 vezes mais r\u00e1pido que o da vers\u00e3o anterior. O teclado foi aprimorado e a bateria ter\u00e1 dura\u00e7\u00e3o por toda a vida \u00fatil do equipamento. <strong>O terminal do mes\u00e1rio tamb\u00e9m passou por uma moderniza\u00e7\u00e3o:<\/strong> deixou de ter teclado f\u00edsico e agora conta com tela sens\u00edvel ao toque. Assim, enquanto uma pessoa vota, outra poder\u00e1 ser identificada pelo mes\u00e1rio, o que aumenta o n\u00famero de eleitores por se\u00e7\u00e3o ou diminui eventuais filas.<\/p>\n\n\n\n<p><strong>Acessibilidade &#8211;<\/strong> As novas urnas eletr\u00f4nicas que ser\u00e3o utilizadas nas Elei\u00e7\u00f5es 2022 contar\u00e3o com outras duas grandes novidades em termos de acessibilidade, uma voltada para pessoas com defici\u00eancia visual e outra para eleitores com defici\u00eancia auditiva. Essa preocupa\u00e7\u00e3o com a inclus\u00e3o de todo o eleitorado \u00e9 constante na Justi\u00e7a Eleitoral. Assim, desde a cria\u00e7\u00e3o da urna eletr\u00f4nica, diversos recursos v\u00eam sendo implementados para que todos tenham a oportunidade de votar. (Informa\u00e7\u00f5es\/Foto: TSE).<\/p>\n","protected":false},"excerpt":{"rendered":"<p>Ao todo, o pleito deste ano contar\u00e1 com 577 mil urnas eletr\u00f4nicas. Desse total, 224.999 equipamentos s\u00e3o do modelo UE2020 O Tribunal Superior Eleitoral (TSE) e os 27 Tribunais Regionais Eleitorais (TREs) do pa\u00eds receberam at\u00e9 semana passada 206.199 urnas eletr\u00f4nicas do modelo UE2020, de um total de 224.999 previstas para serem entregues at\u00e9 outubro [&hellip;]<\/p>\n","protected":false},"author":1,"featured_media":15766,"comment_status":"open","ping_status":"open","sticky":false,"template":"","format":"standard","meta":{"rop_custom_images_group":[],"rop_custom_messages_group":[],"rop_publish_now":"initial","rop_publish_now_accounts":[],"rop_publish_now_history":[],"rop_publish_now_status":"pending","footnotes":""},"categories":[21],"tags":[4170,1357,4438],"class_list":["post-15765","post","type-post","status-publish","format-standard","has-post-thumbnail","hentry","category-politica","tag-eleicoes-2022","tag-tse","tag-urnas-eletronicas"],"_links":{"self":[{"href":"https:\/\/diariotribuna.com.br\/index.php?rest_route=\/wp\/v2\/posts\/15765"}],"collection":[{"href":"https:\/\/diariotribuna.com.br\/index.php?rest_route=\/wp\/v2\/posts"}],"about":[{"href":"https:\/\/diariotribuna.com.br\/index.php?rest_route=\/wp\/v2\/types\/post"}],"author":[{"embeddable":true,"href":"https:\/\/diariotribuna.com.br\/index.php?rest_route=\/wp\/v2\/users\/1"}],"replies":[{"embeddable":true,"href":"https:\/\/diariotribuna.com.br\/index.php?rest_route=%2Fwp%2Fv2%2Fcomments&post=15765"}],"version-history":[{"count":1,"href":"https:\/\/diariotribuna.com.br\/index.php?rest_route=\/wp\/v2\/posts\/15765\/revisions"}],"predecessor-version":[{"id":15767,"href":"https:\/\/diariotribuna.com.br\/index.php?rest_route=\/wp\/v2\/posts\/15765\/revisions\/15767"}],"wp:featuredmedia":[{"embeddable":true,"href":"https:\/\/diariotribuna.com.br\/index.php?rest_route=\/wp\/v2\/media\/15766"}],"wp:attachment":[{"href":"https:\/\/diariotribuna.com.br\/index.php?rest_route=%2Fwp%2Fv2%2Fmedia&parent=15765"}],"wp:term":[{"taxonomy":"category","embeddable":true,"href":"https:\/\/diariotribuna.com.br\/index.php?rest_route=%2Fwp%2Fv2%2Fcategories&post=15765"},{"taxonomy":"post_tag","embeddable":true,"href":"https:\/\/diariotribuna.com.br\/index.php?rest_route=%2Fwp%2Fv2%2Ftags&post=15765"}],"curies":[{"name":"wp","href":"https:\/\/api.w.org\/{rel}","templated":true}]}}