{"id":15792,"date":"2022-06-29T20:38:07","date_gmt":"2022-06-29T23:38:07","guid":{"rendered":"https:\/\/diariotribuna.com.br\/?p=15792"},"modified":"2022-06-29T20:38:09","modified_gmt":"2022-06-29T23:38:09","slug":"operacao-das-policias-civil-e-militar-apreende-mais-de-r-10-mil-em-notas-falsas-e-prende-foragido-da-justica","status":"publish","type":"post","link":"https:\/\/diariotribuna.com.br\/?p=15792","title":{"rendered":"Opera\u00e7\u00e3o das pol\u00edcias Civil e Militar apreende mais de R$ 10 mil em notas falsas e prende foragido da justi\u00e7a"},"content":{"rendered":"\n<figure class=\"wp-block-image size-full is-resized is-style-default\"><img loading=\"lazy\" decoding=\"async\" src=\"https:\/\/diariotribuna.com.br\/wp-content\/uploads\/2022\/06\/15fed167-5d54-4766-b700-bb83725f8dbf.jpg\" alt=\"\" class=\"wp-image-15793\" width=\"675\" height=\"370\" srcset=\"https:\/\/diariotribuna.com.br\/wp-content\/uploads\/2022\/06\/15fed167-5d54-4766-b700-bb83725f8dbf.jpg 700w, https:\/\/diariotribuna.com.br\/wp-content\/uploads\/2022\/06\/15fed167-5d54-4766-b700-bb83725f8dbf-300x165.jpg 300w, https:\/\/diariotribuna.com.br\/wp-content\/uploads\/2022\/06\/15fed167-5d54-4766-b700-bb83725f8dbf-696x382.jpg 696w\" sizes=\"(max-width: 675px) 100vw, 675px\" \/><\/figure>\n\n\n\n<p><strong>Ponto dos Volantes &#8211;<\/strong> A Pol\u00edcia Civil de Minas Gerais (PCMG), por meio das delegacias de Pol\u00edcia Civil em Medina e em Itaobim, em conjunto com a Pol\u00edcia Militar de Minas Gerais (PMMG), realizou, na ter\u00e7a-feira (28\/06), uma opera\u00e7\u00e3o conjunta no munic\u00edpio de Ponto dos Volantes, localizado na regi\u00e3o do Vale do Jequitinhonha.<\/p>\n\n\n\n<p>A a\u00e7\u00e3o integrada da PCMG e PMMG visou o cumprimento de mandados de busca e apreens\u00e3o contra alvo ligado ao com\u00e9rcio ilegal de armas de fogo e outros crimes, al\u00e9m da captura de um foragido da Justi\u00e7a. Segundo a Pol\u00edcia Civil, as buscas resultaram na apreens\u00e3o de mais de R$10.000,00 em moeda falsa, dois encartuchados de subst\u00e2ncia explosiva, dentre outros materiais de origem possivelmente il\u00edcita.<\/p>\n\n\n\n<figure class=\"wp-block-image size-full is-resized is-style-default\"><img loading=\"lazy\" decoding=\"async\" src=\"https:\/\/diariotribuna.com.br\/wp-content\/uploads\/2022\/06\/06febf3c-8f9f-428e-a78e-e6593bbe3225.jpg\" alt=\"\" class=\"wp-image-15794\" width=\"603\" height=\"332\" srcset=\"https:\/\/diariotribuna.com.br\/wp-content\/uploads\/2022\/06\/06febf3c-8f9f-428e-a78e-e6593bbe3225.jpg 700w, https:\/\/diariotribuna.com.br\/wp-content\/uploads\/2022\/06\/06febf3c-8f9f-428e-a78e-e6593bbe3225-300x165.jpg 300w, https:\/\/diariotribuna.com.br\/wp-content\/uploads\/2022\/06\/06febf3c-8f9f-428e-a78e-e6593bbe3225-696x383.jpg 696w\" sizes=\"(max-width: 603px) 100vw, 603px\" \/><figcaption>A<strong>preens\u00e3o de mais de R$10.000,00 em moeda falsa<\/strong><\/figcaption><\/figure>\n\n\n\n<p>A opera\u00e7\u00e3o resultou ainda, na captura de um homem de 20 anos, que estava foragido ap\u00f3s a pr\u00e1tica de crime de roubo contra um produtor rural no munic\u00edpio de Santa Rita do Itueto, na regi\u00e3o leste do Estado, fato que causou repercuss\u00e3o, segundo o delegado respons\u00e1vel pelas investiga\u00e7\u00f5es, dr. Thiago de Carvalho Passos, sendo dado cumprimento ao mandado de pris\u00e3o e encaminhado o preso ao Departamento Penitenci\u00e1rio em Itaobim.<\/p>\n\n\n\n<p>A a\u00e7\u00e3o \u00e9 resultado de investiga\u00e7\u00f5es realizadas pela Delegacia de Pol\u00edcia Civil em Medina, que j\u00e1 duram tr\u00eas meses. Segundo a Pol\u00edcia Civil as investiga\u00e7\u00f5es prosseguem com vistas \u00e0 responsabiliza\u00e7\u00e3o do investigado pelos crimes praticados. (Informa\u00e7\u00f5es\/Fotos: PCMG).<\/p>\n","protected":false},"excerpt":{"rendered":"<p>Ponto dos Volantes &#8211; A Pol\u00edcia Civil de Minas Gerais (PCMG), por meio das delegacias de Pol\u00edcia Civil em Medina e em Itaobim, em conjunto com a Pol\u00edcia Militar de Minas Gerais (PMMG), realizou, na ter\u00e7a-feira (28\/06), uma opera\u00e7\u00e3o conjunta no munic\u00edpio de Ponto dos Volantes, localizado na regi\u00e3o do Vale do Jequitinhonha. A a\u00e7\u00e3o [&hellip;]<\/p>\n","protected":false},"author":1,"featured_media":15793,"comment_status":"open","ping_status":"open","sticky":false,"template":"","format":"standard","meta":{"rop_custom_images_group":[],"rop_custom_messages_group":[],"rop_publish_now":"initial","rop_publish_now_accounts":[],"rop_publish_now_history":[],"rop_publish_now_status":"pending","footnotes":""},"categories":[25,20],"tags":[989,504,80,292,76,4574],"class_list":["post-15792","post","type-post","status-publish","format-standard","has-post-thumbnail","hentry","category-destaque","category-policia","tag-foragido-da-justica","tag-notas-falsas","tag-operacao","tag-policia-civil","tag-policia-militar","tag-ponto-dos-volantes"],"_links":{"self":[{"href":"https:\/\/diariotribuna.com.br\/index.php?rest_route=\/wp\/v2\/posts\/15792"}],"collection":[{"href":"https:\/\/diariotribuna.com.br\/index.php?rest_route=\/wp\/v2\/posts"}],"about":[{"href":"https:\/\/diariotribuna.com.br\/index.php?rest_route=\/wp\/v2\/types\/post"}],"author":[{"embeddable":true,"href":"https:\/\/diariotribuna.com.br\/index.php?rest_route=\/wp\/v2\/users\/1"}],"replies":[{"embeddable":true,"href":"https:\/\/diariotribuna.com.br\/index.php?rest_route=%2Fwp%2Fv2%2Fcomments&post=15792"}],"version-history":[{"count":1,"href":"https:\/\/diariotribuna.com.br\/index.php?rest_route=\/wp\/v2\/posts\/15792\/revisions"}],"predecessor-version":[{"id":15795,"href":"https:\/\/diariotribuna.com.br\/index.php?rest_route=\/wp\/v2\/posts\/15792\/revisions\/15795"}],"wp:featuredmedia":[{"embeddable":true,"href":"https:\/\/diariotribuna.com.br\/index.php?rest_route=\/wp\/v2\/media\/15793"}],"wp:attachment":[{"href":"https:\/\/diariotribuna.com.br\/index.php?rest_route=%2Fwp%2Fv2%2Fmedia&parent=15792"}],"wp:term":[{"taxonomy":"category","embeddable":true,"href":"https:\/\/diariotribuna.com.br\/index.php?rest_route=%2Fwp%2Fv2%2Fcategories&post=15792"},{"taxonomy":"post_tag","embeddable":true,"href":"https:\/\/diariotribuna.com.br\/index.php?rest_route=%2Fwp%2Fv2%2Ftags&post=15792"}],"curies":[{"name":"wp","href":"https:\/\/api.w.org\/{rel}","templated":true}]}}