{"id":15859,"date":"2022-07-05T23:48:12","date_gmt":"2022-07-06T02:48:12","guid":{"rendered":"https:\/\/diariotribuna.com.br\/?p=15859"},"modified":"2022-07-05T23:50:05","modified_gmt":"2022-07-06T02:50:05","slug":"realizado-em-ladainha-treinamento-com-equipes-de-endemias-e-zoonoses","status":"publish","type":"post","link":"https:\/\/diariotribuna.com.br\/?p=15859","title":{"rendered":"Realizado em Ladainha treinamento com equipes de endemias e zoonoses"},"content":{"rendered":"\n<h3 class=\"wp-block-heading\"><strong><em>As equipes receberam instru\u00e7\u00f5es te\u00f3ricas e pr\u00e1ticas do Programa Controle de Doen\u00e7a de Chagas (PCDCH)<\/em><\/strong><\/h3>\n\n\n\n<figure class=\"wp-block-image size-full is-resized is-style-default\"><img loading=\"lazy\" decoding=\"async\" src=\"https:\/\/diariotribuna.com.br\/wp-content\/uploads\/2022\/07\/3-1.jpg\" alt=\"\" class=\"wp-image-15860\" width=\"545\" height=\"343\" srcset=\"https:\/\/diariotribuna.com.br\/wp-content\/uploads\/2022\/07\/3-1.jpg 700w, https:\/\/diariotribuna.com.br\/wp-content\/uploads\/2022\/07\/3-1-300x189.jpg 300w, https:\/\/diariotribuna.com.br\/wp-content\/uploads\/2022\/07\/3-1-696x438.jpg 696w, https:\/\/diariotribuna.com.br\/wp-content\/uploads\/2022\/07\/3-1-667x420.jpg 667w\" sizes=\"(max-width: 545px) 100vw, 545px\" \/><\/figure>\n\n\n\n<p>Realizado no munic\u00edpio de Ladainha, de 28 de junho a 1\u00ba de julho, um treinamento muito produtivo com as equipes de endemias e zoonoses, ministrado pelas refer\u00eancias da Ger\u00eancia Regional de Sa\u00fade de Te\u00f3filo Otoni (GRS), Maurit\u00f4nio e Edmilson. Participaram do evento os agentes de endemias dos munic\u00edpios de Ladainha, Novo Cruzeiro e de Pot\u00e9.<\/p>\n\n\n\n<p>O treinamento com o tema Sistemas de Informa\u00e7\u00f5es de Endemias &#8211; Sistema de Localidade (SISLOC), teve muito mais que teoria, teve atividade de campo focada para o Programa Controle Doen\u00e7a de Chagas (PCDCH) que consiste na captura do barbeiro e a aplica\u00e7\u00e3o de inseticida nos casos necess\u00e1rios.<\/p>\n\n\n\n<figure class=\"wp-block-gallery has-nested-images columns-default is-cropped wp-block-gallery-1 is-layout-flex wp-block-gallery-is-layout-flex\">\n<figure class=\"wp-block-image size-large is-style-default\"><img loading=\"lazy\" decoding=\"async\" width=\"600\" height=\"440\" data-id=\"15865\" src=\"https:\/\/diariotribuna.com.br\/wp-content\/uploads\/2022\/07\/4-1.jpg\" alt=\"\" class=\"wp-image-15865\" srcset=\"https:\/\/diariotribuna.com.br\/wp-content\/uploads\/2022\/07\/4-1.jpg 600w, https:\/\/diariotribuna.com.br\/wp-content\/uploads\/2022\/07\/4-1-300x220.jpg 300w, https:\/\/diariotribuna.com.br\/wp-content\/uploads\/2022\/07\/4-1-80x60.jpg 80w, https:\/\/diariotribuna.com.br\/wp-content\/uploads\/2022\/07\/4-1-573x420.jpg 573w\" sizes=\"(max-width: 600px) 100vw, 600px\" \/><\/figure>\n\n\n\n<figure class=\"wp-block-image size-large is-style-default\"><img loading=\"lazy\" decoding=\"async\" width=\"600\" height=\"334\" data-id=\"15866\" src=\"https:\/\/diariotribuna.com.br\/wp-content\/uploads\/2022\/07\/6.jpg\" alt=\"\" class=\"wp-image-15866\" srcset=\"https:\/\/diariotribuna.com.br\/wp-content\/uploads\/2022\/07\/6.jpg 600w, https:\/\/diariotribuna.com.br\/wp-content\/uploads\/2022\/07\/6-300x167.jpg 300w\" sizes=\"(max-width: 600px) 100vw, 600px\" \/><\/figure>\n<\/figure>\n\n\n\n<p>A secret\u00e1ria municipal de Sa\u00fade de Ladainha, Ingrid Alves, destaca que a equipe de endemias est\u00e1 sempre se qualificando atrav\u00e9s dos treinamentos para poderem ofertar um servi\u00e7o de excel\u00eancia no munic\u00edpio. \u201cAgradecemos imensamente nossas refer\u00eancias da GRS e todos os colegas das cidades vizinhas que compareceram, \u00e0 nossa equipe de Ladainha muita gratid\u00e3o pelo comprometimento\u201d, disse.<\/p>\n\n\n\n<figure class=\"wp-block-gallery has-nested-images columns-default is-cropped wp-block-gallery-2 is-layout-flex wp-block-gallery-is-layout-flex\">\n<figure class=\"wp-block-image size-large is-style-default\"><img loading=\"lazy\" decoding=\"async\" width=\"600\" height=\"361\" data-id=\"15867\" src=\"https:\/\/diariotribuna.com.br\/wp-content\/uploads\/2022\/07\/1b19336f-9a34-4c46-aa37-6a901467d265.jpg\" alt=\"\" class=\"wp-image-15867\" srcset=\"https:\/\/diariotribuna.com.br\/wp-content\/uploads\/2022\/07\/1b19336f-9a34-4c46-aa37-6a901467d265.jpg 600w, https:\/\/diariotribuna.com.br\/wp-content\/uploads\/2022\/07\/1b19336f-9a34-4c46-aa37-6a901467d265-300x181.jpg 300w\" sizes=\"(max-width: 600px) 100vw, 600px\" \/><\/figure>\n\n\n\n<figure class=\"wp-block-image size-large is-style-default\"><img loading=\"lazy\" decoding=\"async\" width=\"700\" height=\"394\" data-id=\"15870\" src=\"https:\/\/diariotribuna.com.br\/wp-content\/uploads\/2022\/07\/2-2.jpg\" alt=\"\" class=\"wp-image-15870\" srcset=\"https:\/\/diariotribuna.com.br\/wp-content\/uploads\/2022\/07\/2-2.jpg 700w, https:\/\/diariotribuna.com.br\/wp-content\/uploads\/2022\/07\/2-2-300x169.jpg 300w, https:\/\/diariotribuna.com.br\/wp-content\/uploads\/2022\/07\/2-2-696x392.jpg 696w\" sizes=\"(max-width: 700px) 100vw, 700px\" \/><\/figure>\n\n\n\n<figure class=\"wp-block-image size-large is-style-default\"><img loading=\"lazy\" decoding=\"async\" width=\"600\" height=\"396\" data-id=\"15869\" src=\"https:\/\/diariotribuna.com.br\/wp-content\/uploads\/2022\/07\/1-3.jpg\" alt=\"\" class=\"wp-image-15869\" srcset=\"https:\/\/diariotribuna.com.br\/wp-content\/uploads\/2022\/07\/1-3.jpg 600w, https:\/\/diariotribuna.com.br\/wp-content\/uploads\/2022\/07\/1-3-300x198.jpg 300w\" sizes=\"(max-width: 600px) 100vw, 600px\" \/><\/figure>\n<\/figure>\n\n\n\n<p>Ressalta-se que a parte pr\u00e1tica da t\u00e9cnica de borrifa\u00e7\u00e3o e montagem da bomba foi realizada com a bomba virgem e limpa usando \u00e1gua pura, por isso as equipes n\u00e3o utilizaram Equipamento de Prote\u00e7\u00e3o Individual (EPI), mas todos s\u00e3o muito bem capacitados e conscientes da obrigatoriedade de usar no manejo de inseticida. (Informa\u00e7\u00f5es\/Fotos: assessoria de comunica\u00e7\u00e3o da Prefeitura de Ladainha).<\/p>\n","protected":false},"excerpt":{"rendered":"<p>As equipes receberam instru\u00e7\u00f5es te\u00f3ricas e pr\u00e1ticas do Programa Controle de Doen\u00e7a de Chagas (PCDCH) Realizado no munic\u00edpio de Ladainha, de 28 de junho a 1\u00ba de julho, um treinamento muito produtivo com as equipes de endemias e zoonoses, ministrado pelas refer\u00eancias da Ger\u00eancia Regional de Sa\u00fade de Te\u00f3filo Otoni (GRS), Maurit\u00f4nio e Edmilson. Participaram [&hellip;]<\/p>\n","protected":false},"author":1,"featured_media":15860,"comment_status":"open","ping_status":"open","sticky":false,"template":"","format":"standard","meta":{"rop_custom_images_group":[],"rop_custom_messages_group":[],"rop_publish_now":"initial","rop_publish_now_accounts":[],"rop_publish_now_history":[],"rop_publish_now_status":"pending","footnotes":""},"categories":[18],"tags":[4588,4590,86,75,1628,4589],"class_list":["post-15859","post","type-post","status-publish","format-standard","has-post-thumbnail","hentry","category-regiao","tag-endemia","tag-grs","tag-ladainha","tag-teofilo-otoni","tag-treinamento","tag-zoonose"],"_links":{"self":[{"href":"https:\/\/diariotribuna.com.br\/index.php?rest_route=\/wp\/v2\/posts\/15859"}],"collection":[{"href":"https:\/\/diariotribuna.com.br\/index.php?rest_route=\/wp\/v2\/posts"}],"about":[{"href":"https:\/\/diariotribuna.com.br\/index.php?rest_route=\/wp\/v2\/types\/post"}],"author":[{"embeddable":true,"href":"https:\/\/diariotribuna.com.br\/index.php?rest_route=\/wp\/v2\/users\/1"}],"replies":[{"embeddable":true,"href":"https:\/\/diariotribuna.com.br\/index.php?rest_route=%2Fwp%2Fv2%2Fcomments&post=15859"}],"version-history":[{"count":2,"href":"https:\/\/diariotribuna.com.br\/index.php?rest_route=\/wp\/v2\/posts\/15859\/revisions"}],"predecessor-version":[{"id":15872,"href":"https:\/\/diariotribuna.com.br\/index.php?rest_route=\/wp\/v2\/posts\/15859\/revisions\/15872"}],"wp:featuredmedia":[{"embeddable":true,"href":"https:\/\/diariotribuna.com.br\/index.php?rest_route=\/wp\/v2\/media\/15860"}],"wp:attachment":[{"href":"https:\/\/diariotribuna.com.br\/index.php?rest_route=%2Fwp%2Fv2%2Fmedia&parent=15859"}],"wp:term":[{"taxonomy":"category","embeddable":true,"href":"https:\/\/diariotribuna.com.br\/index.php?rest_route=%2Fwp%2Fv2%2Fcategories&post=15859"},{"taxonomy":"post_tag","embeddable":true,"href":"https:\/\/diariotribuna.com.br\/index.php?rest_route=%2Fwp%2Fv2%2Ftags&post=15859"}],"curies":[{"name":"wp","href":"https:\/\/api.w.org\/{rel}","templated":true}]}}