{"id":15880,"date":"2022-07-06T23:59:11","date_gmt":"2022-07-07T02:59:11","guid":{"rendered":"https:\/\/diariotribuna.com.br\/?p=15880"},"modified":"2022-07-07T00:22:35","modified_gmt":"2022-07-07T03:22:35","slug":"realizada-mais-uma-plenaria-da-cdl-jovem-de-teofilo-otoni","status":"publish","type":"post","link":"https:\/\/diariotribuna.com.br\/?p=15880","title":{"rendered":"Realizada mais uma plen\u00e1ria da CDL Jovem de Te\u00f3filo Otoni"},"content":{"rendered":"\n<figure class=\"wp-block-image size-full is-resized is-style-default\"><img loading=\"lazy\" decoding=\"async\" src=\"https:\/\/diariotribuna.com.br\/wp-content\/uploads\/2022\/07\/1-Plenaria-da-CDL-Jovem-de-Teofilo-Otoni-realizada-na-terca-feira-28-06.jpg\" alt=\"\" class=\"wp-image-15881\" width=\"606\" height=\"369\" srcset=\"https:\/\/diariotribuna.com.br\/wp-content\/uploads\/2022\/07\/1-Plenaria-da-CDL-Jovem-de-Teofilo-Otoni-realizada-na-terca-feira-28-06.jpg 700w, https:\/\/diariotribuna.com.br\/wp-content\/uploads\/2022\/07\/1-Plenaria-da-CDL-Jovem-de-Teofilo-Otoni-realizada-na-terca-feira-28-06-300x183.jpg 300w, https:\/\/diariotribuna.com.br\/wp-content\/uploads\/2022\/07\/1-Plenaria-da-CDL-Jovem-de-Teofilo-Otoni-realizada-na-terca-feira-28-06-696x424.jpg 696w, https:\/\/diariotribuna.com.br\/wp-content\/uploads\/2022\/07\/1-Plenaria-da-CDL-Jovem-de-Teofilo-Otoni-realizada-na-terca-feira-28-06-690x420.jpg 690w\" sizes=\"(max-width: 606px) 100vw, 606px\" \/><\/figure>\n\n\n\n<p>Foi realizada mais uma plen\u00e1ria da CDL Jovem de Te\u00f3filo Otoni, na ter\u00e7a-feira (28\/06), com a presen\u00e7a da diretoria e tamb\u00e9m dos participantes da CDL Jovem, empres\u00e1rios que est\u00e3o engajados para trazer novos projetos e fomentar ainda mais o com\u00e9rcio local. O evento contou com a participa\u00e7\u00e3o do empres\u00e1rio Giovani Cota, que levou v\u00e1rias reflex\u00f5es para o grupo dentre elas: Pra que estamos aqui? Qual o nosso prop\u00f3sito? E muitas outras informa\u00e7\u00f5es e dicas para contribuir com os convidados.<\/p>\n\n\n\n<figure class=\"wp-block-gallery has-nested-images columns-default is-cropped wp-block-gallery-1 is-layout-flex wp-block-gallery-is-layout-flex\">\n<figure class=\"wp-block-image size-large is-style-default\"><img loading=\"lazy\" decoding=\"async\" width=\"332\" height=\"249\" data-id=\"15886\" src=\"https:\/\/diariotribuna.com.br\/wp-content\/uploads\/2022\/07\/7-O-evento-contou-com-a-participacao-do-empresario-Giovani-Cota.jpg\" alt=\"\" class=\"wp-image-15886\" srcset=\"https:\/\/diariotribuna.com.br\/wp-content\/uploads\/2022\/07\/7-O-evento-contou-com-a-participacao-do-empresario-Giovani-Cota.jpg 332w, https:\/\/diariotribuna.com.br\/wp-content\/uploads\/2022\/07\/7-O-evento-contou-com-a-participacao-do-empresario-Giovani-Cota-300x225.jpg 300w, https:\/\/diariotribuna.com.br\/wp-content\/uploads\/2022\/07\/7-O-evento-contou-com-a-participacao-do-empresario-Giovani-Cota-80x60.jpg 80w, https:\/\/diariotribuna.com.br\/wp-content\/uploads\/2022\/07\/7-O-evento-contou-com-a-participacao-do-empresario-Giovani-Cota-265x198.jpg 265w\" sizes=\"(max-width: 332px) 100vw, 332px\" \/><figcaption><strong>Participa\u00e7\u00e3o do empres\u00e1rio Giovani Cota<\/strong><\/figcaption><\/figure>\n\n\n\n<figure class=\"wp-block-image size-large is-style-default\"><img loading=\"lazy\" decoding=\"async\" width=\"473\" height=\"338\" data-id=\"15887\" src=\"https:\/\/diariotribuna.com.br\/wp-content\/uploads\/2022\/07\/4-Empresario-Diego-Pimenta-falou-sobre-a-Campanha-do-Agasalho.jpg\" alt=\"\" class=\"wp-image-15887\" srcset=\"https:\/\/diariotribuna.com.br\/wp-content\/uploads\/2022\/07\/4-Empresario-Diego-Pimenta-falou-sobre-a-Campanha-do-Agasalho.jpg 473w, https:\/\/diariotribuna.com.br\/wp-content\/uploads\/2022\/07\/4-Empresario-Diego-Pimenta-falou-sobre-a-Campanha-do-Agasalho-300x214.jpg 300w, https:\/\/diariotribuna.com.br\/wp-content\/uploads\/2022\/07\/4-Empresario-Diego-Pimenta-falou-sobre-a-Campanha-do-Agasalho-100x70.jpg 100w\" sizes=\"(max-width: 473px) 100vw, 473px\" \/><figcaption><strong>Diego Pimenta falou sobre a Campanha do Agasalho<\/strong><\/figcaption><\/figure>\n\n\n\n<figure class=\"wp-block-image size-large is-style-default\"><img loading=\"lazy\" decoding=\"async\" width=\"481\" height=\"354\" data-id=\"15888\" src=\"https:\/\/diariotribuna.com.br\/wp-content\/uploads\/2022\/07\/5-Vitor-Salazar-falou-sobre-o-Curso-de-Vendedores-da-CDL.jpg\" alt=\"\" class=\"wp-image-15888\" srcset=\"https:\/\/diariotribuna.com.br\/wp-content\/uploads\/2022\/07\/5-Vitor-Salazar-falou-sobre-o-Curso-de-Vendedores-da-CDL.jpg 481w, https:\/\/diariotribuna.com.br\/wp-content\/uploads\/2022\/07\/5-Vitor-Salazar-falou-sobre-o-Curso-de-Vendedores-da-CDL-300x221.jpg 300w, https:\/\/diariotribuna.com.br\/wp-content\/uploads\/2022\/07\/5-Vitor-Salazar-falou-sobre-o-Curso-de-Vendedores-da-CDL-80x60.jpg 80w\" sizes=\"(max-width: 481px) 100vw, 481px\" \/><figcaption><strong>Vitor Salazar falou sobre o Curso de Vendedores da CDL<\/strong><\/figcaption><\/figure>\n<\/figure>\n\n\n\n<p>O empres\u00e1rio Diego Pimenta falou sobre a Campanha do Agasalho realizada pela CDL, ICETAS e outros parceiros, totalizando uma arrecada\u00e7\u00e3o de 90 cobertores, 800 pe\u00e7as de roupas e 36 cal\u00e7ados, e a distribui\u00e7\u00e3o ser\u00e1 para diversas entidades. Teve ainda a participa\u00e7\u00e3o do empres\u00e1rio Victor Salazar que falou sobre o Curso de Vendedores da CDL, que aconteceu no per\u00edodo de 24\/05 a 14\/06. Ele fez uma explana\u00e7\u00e3o de como foi proveitoso para a equipe da Delevy participar do treinamento e da import\u00e2ncia da CDL levar novas turmas para capacitarem mais pessoas.<\/p>\n\n\n\n<figure class=\"wp-block-image size-full is-resized is-style-default\"><img loading=\"lazy\" decoding=\"async\" src=\"https:\/\/diariotribuna.com.br\/wp-content\/uploads\/2022\/07\/6-Jessyca-Penaa-presentacao-o-Curso-de-Formacao-de-Gerentes-CDL-1.jpg\" alt=\"\" class=\"wp-image-15890\" width=\"442\" height=\"312\" srcset=\"https:\/\/diariotribuna.com.br\/wp-content\/uploads\/2022\/07\/6-Jessyca-Penaa-presentacao-o-Curso-de-Formacao-de-Gerentes-CDL-1.jpg 600w, https:\/\/diariotribuna.com.br\/wp-content\/uploads\/2022\/07\/6-Jessyca-Penaa-presentacao-o-Curso-de-Formacao-de-Gerentes-CDL-1-300x212.jpg 300w, https:\/\/diariotribuna.com.br\/wp-content\/uploads\/2022\/07\/6-Jessyca-Penaa-presentacao-o-Curso-de-Formacao-de-Gerentes-CDL-1-100x70.jpg 100w, https:\/\/diariotribuna.com.br\/wp-content\/uploads\/2022\/07\/6-Jessyca-Penaa-presentacao-o-Curso-de-Formacao-de-Gerentes-CDL-1-594x420.jpg 594w\" sizes=\"(max-width: 442px) 100vw, 442px\" \/><figcaption><strong>J\u00e9ssyca Pena fez uma apresenta\u00e7\u00e3o do Curso de<\/strong><br><strong>Forma\u00e7\u00e3o de Gerentes CDL<\/strong><\/figcaption><\/figure>\n\n\n\n<p>Para finalizar a plen\u00e1ria, a empres\u00e1ria J\u00e9ssyca Pena fez uma apresenta\u00e7\u00e3o sobre o Curso de Forma\u00e7\u00e3o de Gerentes CDL, que acontecer\u00e1 de 21\/07 a 29\/08 de 2022. Ser\u00e1 uma imers\u00e3o de seis finais de semanas, e durante todo o per\u00edodo ser\u00e1 acompanhada a evolu\u00e7\u00e3o dos participantes. Ter\u00e1 uma equipe de professores que atuam na \u00e1rea da disciplina que ser\u00e1 aplicada, sendo assim os participantes conseguir\u00e3o sanar todas as suas d\u00favidas. O Curso \u00e9 um sucesso, j\u00e1 est\u00e1 na 6\u00aa edi\u00e7\u00e3o. J\u00e9ssyca mencionou sobre a import\u00e2ncia de os empres\u00e1rios capacitarem os seus colaboradores, pra que eles (empres\u00e1rios) possam realizar suas atividades dentro das empresas com mais tranquilidade, tendo a oportunidade de atuarem em outras frentes, contribuindo ainda mais com a sociedade.<\/p>\n\n\n\n<figure class=\"wp-block-gallery has-nested-images columns-default is-cropped wp-block-gallery-2 is-layout-flex wp-block-gallery-is-layout-flex\">\n<figure class=\"wp-block-image size-large is-style-default\"><img loading=\"lazy\" decoding=\"async\" width=\"673\" height=\"505\" data-id=\"15891\" src=\"https:\/\/diariotribuna.com.br\/wp-content\/uploads\/2022\/07\/2-Presidente-da-CDL-Jovem-Kiara-Guimaraes.jpg\" alt=\"\" class=\"wp-image-15891\" srcset=\"https:\/\/diariotribuna.com.br\/wp-content\/uploads\/2022\/07\/2-Presidente-da-CDL-Jovem-Kiara-Guimaraes.jpg 673w, https:\/\/diariotribuna.com.br\/wp-content\/uploads\/2022\/07\/2-Presidente-da-CDL-Jovem-Kiara-Guimaraes-300x225.jpg 300w, https:\/\/diariotribuna.com.br\/wp-content\/uploads\/2022\/07\/2-Presidente-da-CDL-Jovem-Kiara-Guimaraes-80x60.jpg 80w, https:\/\/diariotribuna.com.br\/wp-content\/uploads\/2022\/07\/2-Presidente-da-CDL-Jovem-Kiara-Guimaraes-265x198.jpg 265w, https:\/\/diariotribuna.com.br\/wp-content\/uploads\/2022\/07\/2-Presidente-da-CDL-Jovem-Kiara-Guimaraes-560x420.jpg 560w\" sizes=\"(max-width: 673px) 100vw, 673px\" \/><figcaption><strong>Presidente da CDL Jovem, Kiara Guimar\u00e3es<\/strong><\/figcaption><\/figure>\n\n\n\n<figure class=\"wp-block-image size-large is-style-default\"><img loading=\"lazy\" decoding=\"async\" width=\"791\" height=\"613\" data-id=\"15892\" src=\"https:\/\/diariotribuna.com.br\/wp-content\/uploads\/2022\/07\/3-Vice-presidente-da-CDL-Jovem-Othon-Sucupira.jpg\" alt=\"\" class=\"wp-image-15892\" srcset=\"https:\/\/diariotribuna.com.br\/wp-content\/uploads\/2022\/07\/3-Vice-presidente-da-CDL-Jovem-Othon-Sucupira.jpg 791w, https:\/\/diariotribuna.com.br\/wp-content\/uploads\/2022\/07\/3-Vice-presidente-da-CDL-Jovem-Othon-Sucupira-300x232.jpg 300w, https:\/\/diariotribuna.com.br\/wp-content\/uploads\/2022\/07\/3-Vice-presidente-da-CDL-Jovem-Othon-Sucupira-768x595.jpg 768w, https:\/\/diariotribuna.com.br\/wp-content\/uploads\/2022\/07\/3-Vice-presidente-da-CDL-Jovem-Othon-Sucupira-696x539.jpg 696w, https:\/\/diariotribuna.com.br\/wp-content\/uploads\/2022\/07\/3-Vice-presidente-da-CDL-Jovem-Othon-Sucupira-542x420.jpg 542w\" sizes=\"(max-width: 791px) 100vw, 791px\" \/><figcaption><strong>Vice-presidente da CDL Jovem, Othon Sucupira<\/strong><\/figcaption><\/figure>\n<\/figure>\n\n\n\n<p>A Diretoria da CDL Jovem, atrav\u00e9s da sua presidente Kiara Guimar\u00e3es e do seu vice-presidente Othon Sucupira, agradece a todos pela participa\u00e7\u00e3o. (Informa\u00e7\u00f5es\/Fotos: CDL-TO).<\/p>\n","protected":false},"excerpt":{"rendered":"<p>Foi realizada mais uma plen\u00e1ria da CDL Jovem de Te\u00f3filo Otoni, na ter\u00e7a-feira (28\/06), com a presen\u00e7a da diretoria e tamb\u00e9m dos participantes da CDL Jovem, empres\u00e1rios que est\u00e3o engajados para trazer novos projetos e fomentar ainda mais o com\u00e9rcio local. O evento contou com a participa\u00e7\u00e3o do empres\u00e1rio Giovani Cota, que levou v\u00e1rias reflex\u00f5es [&hellip;]<\/p>\n","protected":false},"author":1,"featured_media":15881,"comment_status":"open","ping_status":"open","sticky":false,"template":"","format":"standard","meta":{"rop_custom_images_group":[],"rop_custom_messages_group":[],"rop_publish_now":"initial","rop_publish_now_accounts":[],"rop_publish_now_history":[],"rop_publish_now_status":"pending","footnotes":""},"categories":[17],"tags":[4595,1089,4596,75],"class_list":["post-15880","post","type-post","status-publish","format-standard","has-post-thumbnail","hentry","category-teofilootoni","tag-cdl-jovem","tag-cdl-to","tag-plenaria","tag-teofilo-otoni"],"_links":{"self":[{"href":"https:\/\/diariotribuna.com.br\/index.php?rest_route=\/wp\/v2\/posts\/15880"}],"collection":[{"href":"https:\/\/diariotribuna.com.br\/index.php?rest_route=\/wp\/v2\/posts"}],"about":[{"href":"https:\/\/diariotribuna.com.br\/index.php?rest_route=\/wp\/v2\/types\/post"}],"author":[{"embeddable":true,"href":"https:\/\/diariotribuna.com.br\/index.php?rest_route=\/wp\/v2\/users\/1"}],"replies":[{"embeddable":true,"href":"https:\/\/diariotribuna.com.br\/index.php?rest_route=%2Fwp%2Fv2%2Fcomments&post=15880"}],"version-history":[{"count":5,"href":"https:\/\/diariotribuna.com.br\/index.php?rest_route=\/wp\/v2\/posts\/15880\/revisions"}],"predecessor-version":[{"id":15895,"href":"https:\/\/diariotribuna.com.br\/index.php?rest_route=\/wp\/v2\/posts\/15880\/revisions\/15895"}],"wp:featuredmedia":[{"embeddable":true,"href":"https:\/\/diariotribuna.com.br\/index.php?rest_route=\/wp\/v2\/media\/15881"}],"wp:attachment":[{"href":"https:\/\/diariotribuna.com.br\/index.php?rest_route=%2Fwp%2Fv2%2Fmedia&parent=15880"}],"wp:term":[{"taxonomy":"category","embeddable":true,"href":"https:\/\/diariotribuna.com.br\/index.php?rest_route=%2Fwp%2Fv2%2Fcategories&post=15880"},{"taxonomy":"post_tag","embeddable":true,"href":"https:\/\/diariotribuna.com.br\/index.php?rest_route=%2Fwp%2Fv2%2Ftags&post=15880"}],"curies":[{"name":"wp","href":"https:\/\/api.w.org\/{rel}","templated":true}]}}