{"id":15907,"date":"2022-07-08T11:35:26","date_gmt":"2022-07-08T14:35:26","guid":{"rendered":"https:\/\/diariotribuna.com.br\/?p=15907"},"modified":"2022-07-13T23:58:14","modified_gmt":"2022-07-14T02:58:14","slug":"procon-de-teofilo-otoni-monitora-e-fiscaliza-postos-de-combustiveis","status":"publish","type":"post","link":"https:\/\/diariotribuna.com.br\/?p=15907","title":{"rendered":"Procon de Te\u00f3filo Otoni monitora e fiscaliza postos de combust\u00edveis"},"content":{"rendered":"\n<p><strong><em>O coordenador do Procon municipal, dr. Yuri Rocha, afirma que a cidade est\u00e1 dando exemplo com a baixa dos pre\u00e7os dos combust\u00edveis<\/em><\/strong><\/p>\n\n\n\n<figure class=\"wp-block-gallery has-nested-images columns-default is-cropped wp-block-gallery-1 is-layout-flex wp-block-gallery-is-layout-flex\">\n<figure class=\"wp-block-image size-large is-style-default\"><img loading=\"lazy\" decoding=\"async\" width=\"700\" height=\"459\" data-id=\"15909\" src=\"https:\/\/diariotribuna.com.br\/wp-content\/uploads\/2022\/07\/f47cf2ae-155a-46f6-b2de-0e47cb48dd9b.jpg\" alt=\"\" class=\"wp-image-15909\" srcset=\"https:\/\/diariotribuna.com.br\/wp-content\/uploads\/2022\/07\/f47cf2ae-155a-46f6-b2de-0e47cb48dd9b.jpg 700w, https:\/\/diariotribuna.com.br\/wp-content\/uploads\/2022\/07\/f47cf2ae-155a-46f6-b2de-0e47cb48dd9b-300x197.jpg 300w, https:\/\/diariotribuna.com.br\/wp-content\/uploads\/2022\/07\/f47cf2ae-155a-46f6-b2de-0e47cb48dd9b-696x456.jpg 696w, https:\/\/diariotribuna.com.br\/wp-content\/uploads\/2022\/07\/f47cf2ae-155a-46f6-b2de-0e47cb48dd9b-641x420.jpg 641w\" sizes=\"(max-width: 700px) 100vw, 700px\" \/><\/figure>\n\n\n\n<figure class=\"wp-block-image size-large is-style-default\"><img loading=\"lazy\" decoding=\"async\" width=\"700\" height=\"675\" data-id=\"15908\" src=\"https:\/\/diariotribuna.com.br\/wp-content\/uploads\/2022\/07\/1ce3b904-c8c2-4698-8152-7ee098919dcd.jpg\" alt=\"\" class=\"wp-image-15908\" srcset=\"https:\/\/diariotribuna.com.br\/wp-content\/uploads\/2022\/07\/1ce3b904-c8c2-4698-8152-7ee098919dcd.jpg 700w, https:\/\/diariotribuna.com.br\/wp-content\/uploads\/2022\/07\/1ce3b904-c8c2-4698-8152-7ee098919dcd-300x289.jpg 300w, https:\/\/diariotribuna.com.br\/wp-content\/uploads\/2022\/07\/1ce3b904-c8c2-4698-8152-7ee098919dcd-696x671.jpg 696w, https:\/\/diariotribuna.com.br\/wp-content\/uploads\/2022\/07\/1ce3b904-c8c2-4698-8152-7ee098919dcd-436x420.jpg 436w\" sizes=\"(max-width: 700px) 100vw, 700px\" \/><\/figure>\n<\/figure>\n\n\n\n<p>O Procon de Te\u00f3filo Otoni monitora e fiscaliza o mercado de revendas de combust\u00edveis da cidade, e nesta quinta-feira (07\/07), foi poss\u00edvel observar que a gasolina j\u00e1 \u00e9 vendida a R$6,19 em alguns postos. Segundo o \u00f3rg\u00e3o, a baixa \u00e9 decorrente da LCP 194\/2022 (Lei Complementar) que zerou impostos federais (PIS, CIDE E COFINS), relativamente a gasolina e etanol, at\u00e9 dezembro de 2022, acompanhando a mesma regra para o diesel.<\/p>\n\n\n\n<p>Aliado a essa legisla\u00e7\u00e3o, foi publicado o decreto 48.456 pelo Governo do Estado, reduzindo a al\u00edquota de ICMS de 31% para 18% para a gasolina. Novo decreto governamental publicado em 06\/07\/2022, recomenda que os postos de combust\u00edveis apresentem de forma ostensiva, os valores praticados em 22\/06\/2022, per\u00edodo imediatamente anterior a redu\u00e7\u00e3o dos impostos federais e estadual. Trata-se de orienta\u00e7\u00e3o.<\/p>\n\n\n\n<p>Contudo, o consumidor deve atentar-se ao valor do d\u00f3lar, causa principal dos aumentos sucessivos promovidos pela Petrobras, em raz\u00e3o da PPI &#8211; Pre\u00e7o de Paridade de Importa\u00e7\u00e3o. Orienta-se aos consumidores a baixarem o aplicativo: Educa\u00e7\u00e3o Fiscal MG, ferramenta importante para pesquisa de pre\u00e7os e escolha da melhor op\u00e7\u00e3o num raio de 20 Km.<\/p>\n\n\n\n<p>Orienta-se, ainda, a solicitar o cupom fiscal, e observar se as al\u00edquotas de impostos est\u00e3o corretas, lembrando que o posto \u00e9 apenas substituto tribut\u00e1rio, sendo respons\u00e1vel pelo recolhimento antecipado dos impostos, at\u00e9 a sua sa\u00edda para o consumidor final.<\/p>\n\n\n\n<p>\u201cFeitas essas considera\u00e7\u00f5es, o Procon parabeniza aqueles que v\u00eam colaborando com as novas regras, e segue vigilante quanto a eventuais pr\u00e1ticas lesivas em detrimento dos consumidores\u201d, disse o coordenador do Procon municipal de Te\u00f3filo Otoni, dr. Yuri Rocha. (Informa\u00e7\u00f5es\/Fotos: Procon Te\u00f3filo Otoni).<\/p>\n","protected":false},"excerpt":{"rendered":"<p>O coordenador do Procon municipal, dr. Yuri Rocha, afirma que a cidade est\u00e1 dando exemplo com a baixa dos pre\u00e7os dos combust\u00edveis O Procon de Te\u00f3filo Otoni monitora e fiscaliza o mercado de revendas de combust\u00edveis da cidade, e nesta quinta-feira (07\/07), foi poss\u00edvel observar que a gasolina j\u00e1 \u00e9 vendida a R$6,19 em alguns [&hellip;]<\/p>\n","protected":false},"author":1,"featured_media":15909,"comment_status":"open","ping_status":"open","sticky":false,"template":"","format":"standard","meta":{"rop_custom_images_group":[],"rop_custom_messages_group":[],"rop_publish_now":"initial","rop_publish_now_accounts":[],"rop_publish_now_history":[],"rop_publish_now_status":"pending","footnotes":""},"categories":[17],"tags":[4601,785,4600,4602,75],"class_list":["post-15907","post","type-post","status-publish","format-standard","has-post-thumbnail","hentry","category-teofilootoni","tag-baixa","tag-combustiveis","tag-precos","tag-procon","tag-teofilo-otoni"],"_links":{"self":[{"href":"https:\/\/diariotribuna.com.br\/index.php?rest_route=\/wp\/v2\/posts\/15907"}],"collection":[{"href":"https:\/\/diariotribuna.com.br\/index.php?rest_route=\/wp\/v2\/posts"}],"about":[{"href":"https:\/\/diariotribuna.com.br\/index.php?rest_route=\/wp\/v2\/types\/post"}],"author":[{"embeddable":true,"href":"https:\/\/diariotribuna.com.br\/index.php?rest_route=\/wp\/v2\/users\/1"}],"replies":[{"embeddable":true,"href":"https:\/\/diariotribuna.com.br\/index.php?rest_route=%2Fwp%2Fv2%2Fcomments&post=15907"}],"version-history":[{"count":1,"href":"https:\/\/diariotribuna.com.br\/index.php?rest_route=\/wp\/v2\/posts\/15907\/revisions"}],"predecessor-version":[{"id":15910,"href":"https:\/\/diariotribuna.com.br\/index.php?rest_route=\/wp\/v2\/posts\/15907\/revisions\/15910"}],"wp:featuredmedia":[{"embeddable":true,"href":"https:\/\/diariotribuna.com.br\/index.php?rest_route=\/wp\/v2\/media\/15909"}],"wp:attachment":[{"href":"https:\/\/diariotribuna.com.br\/index.php?rest_route=%2Fwp%2Fv2%2Fmedia&parent=15907"}],"wp:term":[{"taxonomy":"category","embeddable":true,"href":"https:\/\/diariotribuna.com.br\/index.php?rest_route=%2Fwp%2Fv2%2Fcategories&post=15907"},{"taxonomy":"post_tag","embeddable":true,"href":"https:\/\/diariotribuna.com.br\/index.php?rest_route=%2Fwp%2Fv2%2Ftags&post=15907"}],"curies":[{"name":"wp","href":"https:\/\/api.w.org\/{rel}","templated":true}]}}