{"id":15911,"date":"2022-07-08T14:13:12","date_gmt":"2022-07-08T17:13:12","guid":{"rendered":"https:\/\/diariotribuna.com.br\/?p=15911"},"modified":"2022-07-12T23:40:23","modified_gmt":"2022-07-13T02:40:23","slug":"o-festival-de-quadrilhas-de-teofilo-otoni-fesquato-foi-realizado-com-sucesso-na-praca-tiradentes","status":"publish","type":"post","link":"https:\/\/diariotribuna.com.br\/?p=15911","title":{"rendered":"O Festival de Quadrilhas de Te\u00f3filo Otoni \u2013 FESQUATO foi realizado com sucesso na Pra\u00e7a Tiradentes"},"content":{"rendered":"\n<h3 class=\"wp-block-heading\"><strong><em><mark style=\"background-color:rgba(0, 0, 0, 0)\" class=\"has-inline-color has-vivid-red-color\">E, voltou para matar a saudade dos foli\u00f5es, foi uma grande comemora\u00e7\u00e3o que se pode avaliar pela alegria espont\u00e2nea de todos, durante os quatro dias que durou, e foi pouco<\/mark><\/em><\/strong><\/h3>\n\n\n\n<figure class=\"wp-block-image size-full is-style-default\"><img loading=\"lazy\" decoding=\"async\" width=\"700\" height=\"466\" src=\"https:\/\/diariotribuna.com.br\/wp-content\/uploads\/2022\/07\/2-Uma-multidao-compareceu-a-Praca-Tiradentes-nos-quatro-dias-de-festa-1.jpg\" alt=\"\" class=\"wp-image-15916\" srcset=\"https:\/\/diariotribuna.com.br\/wp-content\/uploads\/2022\/07\/2-Uma-multidao-compareceu-a-Praca-Tiradentes-nos-quatro-dias-de-festa-1.jpg 700w, https:\/\/diariotribuna.com.br\/wp-content\/uploads\/2022\/07\/2-Uma-multidao-compareceu-a-Praca-Tiradentes-nos-quatro-dias-de-festa-1-300x200.jpg 300w, https:\/\/diariotribuna.com.br\/wp-content\/uploads\/2022\/07\/2-Uma-multidao-compareceu-a-Praca-Tiradentes-nos-quatro-dias-de-festa-1-696x463.jpg 696w, https:\/\/diariotribuna.com.br\/wp-content\/uploads\/2022\/07\/2-Uma-multidao-compareceu-a-Praca-Tiradentes-nos-quatro-dias-de-festa-1-631x420.jpg 631w\" sizes=\"(max-width: 700px) 100vw, 700px\" \/><figcaption><strong>Uma multid\u00e3o compareceu \u00e0 Pra\u00e7a Tiradentes nos quatro dias de festa<\/strong><\/figcaption><\/figure>\n\n\n\n<p>Quatro dias de muita anima\u00e7\u00e3o, alegria e forr\u00f3. Assim foi o Festival de Quadrilhas de Te\u00f3filo Otoni \u2013 Fesquato, que superlotou a Pra\u00e7a Tiradentes com crian\u00e7as, jovens, adultos e a melhor idade. A festividade que \u00e9 uma das maiores express\u00f5es da cultura popular da regi\u00e3o movimentou um p\u00fablico diverso na pra\u00e7a com uma extensa programa\u00e7\u00e3o. Teve festival de quadrilha infantil e de adulto, apresenta\u00e7\u00e3o de quadrilha Forr\u00f3 da Melhor Idade, concursos, shows com artistas da cidade, e de n\u00edvel regional e nacional.<\/p>\n\n\n\n<p>O primeiro dia do evento foi na quinta-feira (30\/06), j\u00e1 come\u00e7ou muito animado com show do Trio Forroz\u00e3o. Na sexta-feira (1\u00ba\/07), Koringuinha do Forr\u00f3 animou a festa. No s\u00e1bado (02), teve a grande atra\u00e7\u00e3o do Fesquato, o show com Teodoro e Sampaio, e o povo cantou junto. Na sequ\u00eancia Paulo Treme Terra fechou a noite. No domingo (03) a festa continuou, teve a quadrilha Forr\u00f3 da Melhor Idade, show com Jo\u00e3ozinho e Seus Teclados, com a Banda Balan\u00e7a\u00ea e com Walter Pirad\u00e3o.<\/p>\n\n\n\n<p>Os organizadores comemoraram o retorno das animadas quadrilhas e j\u00e1 com o sucesso do evento. Os quadrilheiros se esbanjaram, fizeram um verdadeiro espet\u00e1culo na avenida, com apresenta\u00e7\u00f5es que resgataram a cultura das festas juninas. Foram dois dias de apresenta\u00e7\u00e3o de quadrilhas, com turmas infantil e adulto. O evento contou com uma banca de jurados que, com certeza, tiveram dificuldades para votar, pois foi uma competi\u00e7\u00e3o acirrada, cada apresenta\u00e7\u00e3o melhor que a outra.<\/p>\n\n\n\n<figure class=\"wp-block-gallery has-nested-images columns-default is-cropped wp-block-gallery-1 is-layout-flex wp-block-gallery-is-layout-flex\">\n<figure class=\"wp-block-image size-large is-style-default\"><img loading=\"lazy\" decoding=\"async\" width=\"600\" height=\"424\" data-id=\"15913\" src=\"https:\/\/diariotribuna.com.br\/wp-content\/uploads\/2022\/07\/14.jpg\" alt=\"\" class=\"wp-image-15913\" srcset=\"https:\/\/diariotribuna.com.br\/wp-content\/uploads\/2022\/07\/14.jpg 600w, https:\/\/diariotribuna.com.br\/wp-content\/uploads\/2022\/07\/14-300x212.jpg 300w, https:\/\/diariotribuna.com.br\/wp-content\/uploads\/2022\/07\/14-100x70.jpg 100w, https:\/\/diariotribuna.com.br\/wp-content\/uploads\/2022\/07\/14-594x420.jpg 594w\" sizes=\"(max-width: 600px) 100vw, 600px\" \/><\/figure>\n\n\n\n<figure class=\"wp-block-image size-large is-style-default\"><img loading=\"lazy\" decoding=\"async\" width=\"600\" height=\"396\" data-id=\"15914\" src=\"https:\/\/diariotribuna.com.br\/wp-content\/uploads\/2022\/07\/10-O-Grupo-Hidro-Idade-na-coordenacao-da-ativista-Cida-Johnson.jpg\" alt=\"\" class=\"wp-image-15914\" srcset=\"https:\/\/diariotribuna.com.br\/wp-content\/uploads\/2022\/07\/10-O-Grupo-Hidro-Idade-na-coordenacao-da-ativista-Cida-Johnson.jpg 600w, https:\/\/diariotribuna.com.br\/wp-content\/uploads\/2022\/07\/10-O-Grupo-Hidro-Idade-na-coordenacao-da-ativista-Cida-Johnson-300x198.jpg 300w\" sizes=\"(max-width: 600px) 100vw, 600px\" \/><\/figure>\n\n\n\n<figure class=\"wp-block-image size-large is-style-default\"><img loading=\"lazy\" decoding=\"async\" width=\"600\" height=\"457\" data-id=\"15915\" src=\"https:\/\/diariotribuna.com.br\/wp-content\/uploads\/2022\/07\/11-As-criancas-tambem-tiveram-espaco-no-Fesquato-e-apresentaram-linda-quadrilha.jpg\" alt=\"\" class=\"wp-image-15915\" srcset=\"https:\/\/diariotribuna.com.br\/wp-content\/uploads\/2022\/07\/11-As-criancas-tambem-tiveram-espaco-no-Fesquato-e-apresentaram-linda-quadrilha.jpg 600w, https:\/\/diariotribuna.com.br\/wp-content\/uploads\/2022\/07\/11-As-criancas-tambem-tiveram-espaco-no-Fesquato-e-apresentaram-linda-quadrilha-300x229.jpg 300w, https:\/\/diariotribuna.com.br\/wp-content\/uploads\/2022\/07\/11-As-criancas-tambem-tiveram-espaco-no-Fesquato-e-apresentaram-linda-quadrilha-80x60.jpg 80w, https:\/\/diariotribuna.com.br\/wp-content\/uploads\/2022\/07\/11-As-criancas-tambem-tiveram-espaco-no-Fesquato-e-apresentaram-linda-quadrilha-551x420.jpg 551w\" sizes=\"(max-width: 600px) 100vw, 600px\" \/><\/figure>\n<\/figure>\n\n\n\n<p><strong>Fesquato \u2013 resultado concurso: Classifica\u00e7\u00e3o categoria adulto<\/strong>, no quesito quadrilha, 1\u00b0 Lugar: Grupo Vai-Vai. 2\u00ba Lugar: Grupo Arrasta P\u00e9. 3\u00b0 Lugar: Grupo P\u00e9 Quente. No quesito casamento, 1\u00ba lugar: Arrasta P\u00e9. 2\u00ba lugar: Vai-Vai. 3\u00ba lugar: P\u00e9 Quente. No quesito marcador, 1\u00ba lugar: Vai-Vai. 2\u00ba lugar: Arrasta P\u00e9. 3\u00ba lugar: P\u00e9 Quente. <strong>Classifica\u00e7\u00e3o categoria infantil<\/strong>, no quesito quadrilha, 1\u00ba lugar: Vai-Vai. 2\u00ba lugar: Arrasta P\u00e9. 3\u00ba lugar: P\u00e9 Quente. No quesito casamento, 1\u00ba lugar: Vai-Vai. 2\u00ba lugar: Arrasta P\u00e9. 3\u00ba lugar: P\u00e9 Quente. No quesito marcador, 1\u00ba lugar: Vai-Vai. 2\u00ba lugar: Arrasta P\u00e9. 3\u00ba lugar: P\u00e9 Quente.<\/p>\n\n\n\n<p>\u201cEu agrade\u00e7o a cada um de voc\u00eas que acreditam no meu sonho, porque a Vai-Vai n\u00e3o \u00e9 s\u00f3 uma quadrilha, ela \u00e9 um sonho, nasceu dentro de mim, e voc\u00eas me ajudaram a realiz\u00e1-lo\u201d, disse o marcador da Vai-Vai, Fagner Rosa. O marcador do Arrasta P\u00e9, Jo\u00e3o Teixeira tamb\u00e9m agradeceu a todos que foram prestigiar as apresenta\u00e7\u00f5es das quadrilhas. \u201cS\u00f3 de ensaio s\u00e3o 3 a 4 meses, fora os bastidores que a gente trabalha antes\u201d, disse.<\/p>\n\n\n\n<figure class=\"wp-block-gallery has-nested-images columns-default is-cropped wp-block-gallery-2 is-layout-flex wp-block-gallery-is-layout-flex\">\n<figure class=\"wp-block-image size-large is-style-default\"><img loading=\"lazy\" decoding=\"async\" width=\"600\" height=\"413\" data-id=\"15924\" src=\"https:\/\/diariotribuna.com.br\/wp-content\/uploads\/2022\/07\/15.jpg\" alt=\"\" class=\"wp-image-15924\" srcset=\"https:\/\/diariotribuna.com.br\/wp-content\/uploads\/2022\/07\/15.jpg 600w, https:\/\/diariotribuna.com.br\/wp-content\/uploads\/2022\/07\/15-300x207.jpg 300w, https:\/\/diariotribuna.com.br\/wp-content\/uploads\/2022\/07\/15-100x70.jpg 100w, https:\/\/diariotribuna.com.br\/wp-content\/uploads\/2022\/07\/15-218x150.jpg 218w\" sizes=\"(max-width: 600px) 100vw, 600px\" \/><figcaption>Fesquato na Pra\u00e7a Tiradentes<\/figcaption><\/figure>\n\n\n\n<figure class=\"wp-block-image size-large is-style-default\"><img loading=\"lazy\" decoding=\"async\" width=\"600\" height=\"399\" data-id=\"15921\" src=\"https:\/\/diariotribuna.com.br\/wp-content\/uploads\/2022\/07\/8-Show-com-Jardel-Colares-antecedendo-o-Trio-Forrozao.jpg\" alt=\"\" class=\"wp-image-15921\" srcset=\"https:\/\/diariotribuna.com.br\/wp-content\/uploads\/2022\/07\/8-Show-com-Jardel-Colares-antecedendo-o-Trio-Forrozao.jpg 600w, https:\/\/diariotribuna.com.br\/wp-content\/uploads\/2022\/07\/8-Show-com-Jardel-Colares-antecedendo-o-Trio-Forrozao-300x200.jpg 300w\" sizes=\"(max-width: 600px) 100vw, 600px\" \/><figcaption><strong>Jardel Colares<\/strong><\/figcaption><\/figure>\n\n\n\n<figure class=\"wp-block-image size-large is-style-default\"><img loading=\"lazy\" decoding=\"async\" width=\"600\" height=\"389\" data-id=\"15920\" src=\"https:\/\/diariotribuna.com.br\/wp-content\/uploads\/2022\/07\/7-O-Trio-Forrozao-abriu-as-festividades-na-quinta-feira-30-06.jpg\" alt=\"\" class=\"wp-image-15920\" srcset=\"https:\/\/diariotribuna.com.br\/wp-content\/uploads\/2022\/07\/7-O-Trio-Forrozao-abriu-as-festividades-na-quinta-feira-30-06.jpg 600w, https:\/\/diariotribuna.com.br\/wp-content\/uploads\/2022\/07\/7-O-Trio-Forrozao-abriu-as-festividades-na-quinta-feira-30-06-300x195.jpg 300w\" sizes=\"(max-width: 600px) 100vw, 600px\" \/><figcaption><strong>Trio Forroz\u00e3o<\/strong><\/figcaption><\/figure>\n\n\n\n<figure class=\"wp-block-image size-large is-style-default\"><img loading=\"lazy\" decoding=\"async\" width=\"600\" height=\"435\" data-id=\"15919\" src=\"https:\/\/diariotribuna.com.br\/wp-content\/uploads\/2022\/07\/4-A-Banda-Forro-Balancae-animou-o-publico-na-noite-de-domingo-3.jpg\" alt=\"\" class=\"wp-image-15919\" srcset=\"https:\/\/diariotribuna.com.br\/wp-content\/uploads\/2022\/07\/4-A-Banda-Forro-Balancae-animou-o-publico-na-noite-de-domingo-3.jpg 600w, https:\/\/diariotribuna.com.br\/wp-content\/uploads\/2022\/07\/4-A-Banda-Forro-Balancae-animou-o-publico-na-noite-de-domingo-3-300x218.jpg 300w, https:\/\/diariotribuna.com.br\/wp-content\/uploads\/2022\/07\/4-A-Banda-Forro-Balancae-animou-o-publico-na-noite-de-domingo-3-324x235.jpg 324w, https:\/\/diariotribuna.com.br\/wp-content\/uploads\/2022\/07\/4-A-Banda-Forro-Balancae-animou-o-publico-na-noite-de-domingo-3-579x420.jpg 579w\" sizes=\"(max-width: 600px) 100vw, 600px\" \/><figcaption><strong>Forr\u00f3 Balan\u00e7a\u00ea<\/strong><\/figcaption><\/figure>\n\n\n\n<figure class=\"wp-block-image size-large is-style-default\"><img loading=\"lazy\" decoding=\"async\" width=\"600\" height=\"410\" data-id=\"15918\" src=\"https:\/\/diariotribuna.com.br\/wp-content\/uploads\/2022\/07\/6-Apresentacao-do-Trio-Laco-de-Chita-prata-da-casa.jpg\" alt=\"\" class=\"wp-image-15918\" srcset=\"https:\/\/diariotribuna.com.br\/wp-content\/uploads\/2022\/07\/6-Apresentacao-do-Trio-Laco-de-Chita-prata-da-casa.jpg 600w, https:\/\/diariotribuna.com.br\/wp-content\/uploads\/2022\/07\/6-Apresentacao-do-Trio-Laco-de-Chita-prata-da-casa-300x205.jpg 300w, https:\/\/diariotribuna.com.br\/wp-content\/uploads\/2022\/07\/6-Apresentacao-do-Trio-Laco-de-Chita-prata-da-casa-218x150.jpg 218w\" sizes=\"(max-width: 600px) 100vw, 600px\" \/><figcaption><strong>Trio La\u00e7o de Chita, prata da casa<\/strong><\/figcaption><\/figure>\n\n\n\n<figure class=\"wp-block-image size-large is-style-default\"><img loading=\"lazy\" decoding=\"async\" width=\"600\" height=\"444\" data-id=\"15917\" src=\"https:\/\/diariotribuna.com.br\/wp-content\/uploads\/2022\/07\/5-Show-com-Teodoro-e-Sampaio-animou-a-cidade-no-sabado-02.jpg\" alt=\"\" class=\"wp-image-15917\" srcset=\"https:\/\/diariotribuna.com.br\/wp-content\/uploads\/2022\/07\/5-Show-com-Teodoro-e-Sampaio-animou-a-cidade-no-sabado-02.jpg 600w, https:\/\/diariotribuna.com.br\/wp-content\/uploads\/2022\/07\/5-Show-com-Teodoro-e-Sampaio-animou-a-cidade-no-sabado-02-300x222.jpg 300w, https:\/\/diariotribuna.com.br\/wp-content\/uploads\/2022\/07\/5-Show-com-Teodoro-e-Sampaio-animou-a-cidade-no-sabado-02-80x60.jpg 80w, https:\/\/diariotribuna.com.br\/wp-content\/uploads\/2022\/07\/5-Show-com-Teodoro-e-Sampaio-animou-a-cidade-no-sabado-02-568x420.jpg 568w\" sizes=\"(max-width: 600px) 100vw, 600px\" \/><figcaption><strong>Teodoro e Sampaio<\/strong><\/figcaption><\/figure>\n<\/figure>\n\n\n\n<p>\u201cEsse evento eu nunca vi t\u00e3o lindo. Talvez seja o primeiro pela expectativa de um evento depois de dois anos de recesso total por conta da pandemia. Depois, pelo investimento que nosso prefeito, que fez quest\u00e3o de caprichar, n\u00e3o mediu esfor\u00e7os, atrav\u00e9s, tanto da sua pessoa quanto de todo o secretariado\u201d, disse a secret\u00e1ria municipal de cultura, Munira Molaib, explicando que foi um trabalho feito a muitas m\u00e3os, pois n\u00e3o tem como fazer um evento grandioso desse, com tamanha participa\u00e7\u00e3o, com tamanho sucesso, se n\u00e3o for com muitas m\u00e3os. \u201cN\u00e3o \u00e9 uma secretaria, n\u00e3o \u00e9 apenas o prefeito, \u00e9 a boa vontade e a for\u00e7a coletiva desse governo Daniel Sucupira\u201d, disse Munira.<\/p>\n\n\n\n<p>A secret\u00e1ria municipal de A\u00e7\u00e3o Social, Maria Helena Salim destacou a beleza junina na pra\u00e7a, mas, para ela, a beleza maior estava nas pessoas que participaram do evento, nos quadrilheiros que foram fundamentais para embelezar a festa. Ela tamb\u00e9m agradeceu ao prefeito Daniel Sucupira que n\u00e3o mediu esfor\u00e7os e exigiu que fosse feita uma festa dessa envergadura, porque o povo de Te\u00f3filo Otoni merece. Agradeceu todas as secretarias que colaboraram para a realiza\u00e7\u00e3o do evento.<\/p>\n\n\n\n<figure class=\"wp-block-gallery has-nested-images columns-default is-cropped wp-block-gallery-3 is-layout-flex wp-block-gallery-is-layout-flex\">\n<figure class=\"wp-block-image size-large is-style-default\"><img loading=\"lazy\" decoding=\"async\" width=\"600\" height=\"454\" data-id=\"15928\" src=\"https:\/\/diariotribuna.com.br\/wp-content\/uploads\/2022\/07\/13-Secretaria-de-Acao-Social-Maria-Helena-Costa-Salim-com-sua-equipe.jpg\" alt=\"\" class=\"wp-image-15928\" srcset=\"https:\/\/diariotribuna.com.br\/wp-content\/uploads\/2022\/07\/13-Secretaria-de-Acao-Social-Maria-Helena-Costa-Salim-com-sua-equipe.jpg 600w, https:\/\/diariotribuna.com.br\/wp-content\/uploads\/2022\/07\/13-Secretaria-de-Acao-Social-Maria-Helena-Costa-Salim-com-sua-equipe-300x227.jpg 300w, https:\/\/diariotribuna.com.br\/wp-content\/uploads\/2022\/07\/13-Secretaria-de-Acao-Social-Maria-Helena-Costa-Salim-com-sua-equipe-80x60.jpg 80w, https:\/\/diariotribuna.com.br\/wp-content\/uploads\/2022\/07\/13-Secretaria-de-Acao-Social-Maria-Helena-Costa-Salim-com-sua-equipe-555x420.jpg 555w\" sizes=\"(max-width: 600px) 100vw, 600px\" \/><\/figure>\n\n\n\n<figure class=\"wp-block-image size-large is-style-default\"><img loading=\"lazy\" decoding=\"async\" width=\"600\" height=\"420\" data-id=\"15927\" src=\"https:\/\/diariotribuna.com.br\/wp-content\/uploads\/2022\/07\/12-Banca-de-jurados-do-concurso-de-quadrilhas-no-Fesquato-2022.jpg\" alt=\"\" class=\"wp-image-15927\" srcset=\"https:\/\/diariotribuna.com.br\/wp-content\/uploads\/2022\/07\/12-Banca-de-jurados-do-concurso-de-quadrilhas-no-Fesquato-2022.jpg 600w, https:\/\/diariotribuna.com.br\/wp-content\/uploads\/2022\/07\/12-Banca-de-jurados-do-concurso-de-quadrilhas-no-Fesquato-2022-300x210.jpg 300w, https:\/\/diariotribuna.com.br\/wp-content\/uploads\/2022\/07\/12-Banca-de-jurados-do-concurso-de-quadrilhas-no-Fesquato-2022-100x70.jpg 100w\" sizes=\"(max-width: 600px) 100vw, 600px\" \/><\/figure>\n\n\n\n<figure class=\"wp-block-image size-large is-style-default\"><img loading=\"lazy\" decoding=\"async\" width=\"600\" height=\"374\" data-id=\"15925\" src=\"https:\/\/diariotribuna.com.br\/wp-content\/uploads\/2022\/07\/18.jpg\" alt=\"\" class=\"wp-image-15925\" srcset=\"https:\/\/diariotribuna.com.br\/wp-content\/uploads\/2022\/07\/18.jpg 600w, https:\/\/diariotribuna.com.br\/wp-content\/uploads\/2022\/07\/18-300x187.jpg 300w\" sizes=\"(max-width: 600px) 100vw, 600px\" \/><\/figure>\n\n\n\n<figure class=\"wp-block-image size-large is-style-default\"><img loading=\"lazy\" decoding=\"async\" width=\"600\" height=\"412\" data-id=\"15926\" src=\"https:\/\/diariotribuna.com.br\/wp-content\/uploads\/2022\/07\/9-O-concurso-de-qusdrilhas-da-cidade-foi-bastante-prestigiado.jpg\" alt=\"\" class=\"wp-image-15926\" srcset=\"https:\/\/diariotribuna.com.br\/wp-content\/uploads\/2022\/07\/9-O-concurso-de-qusdrilhas-da-cidade-foi-bastante-prestigiado.jpg 600w, https:\/\/diariotribuna.com.br\/wp-content\/uploads\/2022\/07\/9-O-concurso-de-qusdrilhas-da-cidade-foi-bastante-prestigiado-300x206.jpg 300w, https:\/\/diariotribuna.com.br\/wp-content\/uploads\/2022\/07\/9-O-concurso-de-qusdrilhas-da-cidade-foi-bastante-prestigiado-100x70.jpg 100w, https:\/\/diariotribuna.com.br\/wp-content\/uploads\/2022\/07\/9-O-concurso-de-qusdrilhas-da-cidade-foi-bastante-prestigiado-218x150.jpg 218w\" sizes=\"(max-width: 600px) 100vw, 600px\" \/><figcaption><strong>Concurso de quadrilhas da cidade foi bastante prestigiado<\/strong><\/figcaption><\/figure>\n\n\n\n<figure class=\"wp-block-image size-large is-style-default\"><img loading=\"lazy\" decoding=\"async\" width=\"600\" height=\"434\" data-id=\"15923\" src=\"https:\/\/diariotribuna.com.br\/wp-content\/uploads\/2022\/07\/3-Prefeito-Daniel-Sucupira-abriu-oficialmente-o-Fesquato-e-prometeu-que-ano-que-vem-tem-mais-1.jpg\" alt=\"\" class=\"wp-image-15923\" srcset=\"https:\/\/diariotribuna.com.br\/wp-content\/uploads\/2022\/07\/3-Prefeito-Daniel-Sucupira-abriu-oficialmente-o-Fesquato-e-prometeu-que-ano-que-vem-tem-mais-1.jpg 600w, https:\/\/diariotribuna.com.br\/wp-content\/uploads\/2022\/07\/3-Prefeito-Daniel-Sucupira-abriu-oficialmente-o-Fesquato-e-prometeu-que-ano-que-vem-tem-mais-1-300x217.jpg 300w, https:\/\/diariotribuna.com.br\/wp-content\/uploads\/2022\/07\/3-Prefeito-Daniel-Sucupira-abriu-oficialmente-o-Fesquato-e-prometeu-que-ano-que-vem-tem-mais-1-324x235.jpg 324w, https:\/\/diariotribuna.com.br\/wp-content\/uploads\/2022\/07\/3-Prefeito-Daniel-Sucupira-abriu-oficialmente-o-Fesquato-e-prometeu-que-ano-que-vem-tem-mais-1-581x420.jpg 581w\" sizes=\"(max-width: 600px) 100vw, 600px\" \/><figcaption><strong>Prefeito Daniel Sucupira prometeu que ano que vem tem mais<\/strong><\/figcaption><\/figure>\n<\/figure>\n\n\n\n<p>\u201cFoi um fest\u00e3o, j\u00e1 deixou saudade. Fechamos o nosso evento com chave de ouro\u201d, comemorou o prefeito Daniel Sucupira garantindo que ano que vem tem mais Fesquato e muita alegria para o povo teofilotonense. \u201cMilhares de pessoas lotaram a Pra\u00e7a Tiradentes e mostraram porque somos o maior festival da regi\u00e3o. Obrigado, pessoal. Ano que vem tem mais gera\u00e7\u00e3o de renda, inclus\u00e3o, alegria, forr\u00f3 e anima\u00e7\u00e3o\u201d, completou. (Fotos: PMTO).<\/p>\n\n\n\n<figure class=\"wp-block-image size-full is-resized is-style-default\"><img loading=\"lazy\" decoding=\"async\" src=\"https:\/\/diariotribuna.com.br\/wp-content\/uploads\/2022\/07\/16-1.jpg\" alt=\"\" class=\"wp-image-15930\" width=\"700\" height=\"420\" srcset=\"https:\/\/diariotribuna.com.br\/wp-content\/uploads\/2022\/07\/16-1.jpg 600w, https:\/\/diariotribuna.com.br\/wp-content\/uploads\/2022\/07\/16-1-300x180.jpg 300w\" sizes=\"(max-width: 700px) 100vw, 700px\" \/><\/figure>\n","protected":false},"excerpt":{"rendered":"<p>E, voltou para matar a saudade dos foli\u00f5es, foi uma grande comemora\u00e7\u00e3o que se pode avaliar pela alegria espont\u00e2nea de todos, durante os quatro dias que durou, e foi pouco Quatro dias de muita anima\u00e7\u00e3o, alegria e forr\u00f3. Assim foi o Festival de Quadrilhas de Te\u00f3filo Otoni \u2013 Fesquato, que superlotou a Pra\u00e7a Tiradentes com [&hellip;]<\/p>\n","protected":false},"author":1,"featured_media":15912,"comment_status":"open","ping_status":"open","sticky":false,"template":"","format":"standard","meta":{"rop_custom_images_group":[],"rop_custom_messages_group":[],"rop_publish_now":"initial","rop_publish_now_accounts":[],"rop_publish_now_history":[],"rop_publish_now_status":"pending","footnotes":""},"categories":[17],"tags":[4603,4606,3514,4604,4605,75],"class_list":["post-15911","post","type-post","status-publish","format-standard","has-post-thumbnail","hentry","category-teofilootoni","tag-fesquato","tag-festa","tag-pmto","tag-quadrilhas","tag-shows","tag-teofilo-otoni"],"_links":{"self":[{"href":"https:\/\/diariotribuna.com.br\/index.php?rest_route=\/wp\/v2\/posts\/15911"}],"collection":[{"href":"https:\/\/diariotribuna.com.br\/index.php?rest_route=\/wp\/v2\/posts"}],"about":[{"href":"https:\/\/diariotribuna.com.br\/index.php?rest_route=\/wp\/v2\/types\/post"}],"author":[{"embeddable":true,"href":"https:\/\/diariotribuna.com.br\/index.php?rest_route=\/wp\/v2\/users\/1"}],"replies":[{"embeddable":true,"href":"https:\/\/diariotribuna.com.br\/index.php?rest_route=%2Fwp%2Fv2%2Fcomments&post=15911"}],"version-history":[{"count":3,"href":"https:\/\/diariotribuna.com.br\/index.php?rest_route=\/wp\/v2\/posts\/15911\/revisions"}],"predecessor-version":[{"id":15935,"href":"https:\/\/diariotribuna.com.br\/index.php?rest_route=\/wp\/v2\/posts\/15911\/revisions\/15935"}],"wp:featuredmedia":[{"embeddable":true,"href":"https:\/\/diariotribuna.com.br\/index.php?rest_route=\/wp\/v2\/media\/15912"}],"wp:attachment":[{"href":"https:\/\/diariotribuna.com.br\/index.php?rest_route=%2Fwp%2Fv2%2Fmedia&parent=15911"}],"wp:term":[{"taxonomy":"category","embeddable":true,"href":"https:\/\/diariotribuna.com.br\/index.php?rest_route=%2Fwp%2Fv2%2Fcategories&post=15911"},{"taxonomy":"post_tag","embeddable":true,"href":"https:\/\/diariotribuna.com.br\/index.php?rest_route=%2Fwp%2Fv2%2Ftags&post=15911"}],"curies":[{"name":"wp","href":"https:\/\/api.w.org\/{rel}","templated":true}]}}