{"id":15936,"date":"2022-07-08T23:50:17","date_gmt":"2022-07-09T02:50:17","guid":{"rendered":"https:\/\/diariotribuna.com.br\/?p=15936"},"modified":"2022-07-09T00:12:07","modified_gmt":"2022-07-09T03:12:07","slug":"19o-batalhao-de-policia-militar-realiza-formatura-de-600-alunos-do-proerd","status":"publish","type":"post","link":"https:\/\/diariotribuna.com.br\/?p=15936","title":{"rendered":"19\u00ba Batalh\u00e3o de Pol\u00edcia Militar realiza formatura de 600 alunos do PROERD"},"content":{"rendered":"\n<figure class=\"wp-block-image size-full is-resized is-style-default\"><img loading=\"lazy\" decoding=\"async\" src=\"https:\/\/diariotribuna.com.br\/wp-content\/uploads\/2022\/07\/3-2.jpg\" alt=\"\" class=\"wp-image-15937\" width=\"570\" height=\"379\" srcset=\"https:\/\/diariotribuna.com.br\/wp-content\/uploads\/2022\/07\/3-2.jpg 700w, https:\/\/diariotribuna.com.br\/wp-content\/uploads\/2022\/07\/3-2-300x200.jpg 300w, https:\/\/diariotribuna.com.br\/wp-content\/uploads\/2022\/07\/3-2-696x463.jpg 696w, https:\/\/diariotribuna.com.br\/wp-content\/uploads\/2022\/07\/3-2-631x420.jpg 631w\" sizes=\"(max-width: 570px) 100vw, 570px\" \/><\/figure>\n\n\n\n<p>O 19\u00ba Batalh\u00e3o de Pol\u00edcia Militar realizou na quarta-feira (06\/07), solenidade de formatura do Programa Educacional de Resist\u00eancia \u00e0s Drogas (PROERD), conclus\u00e3o dos trabalhos do primeiro semestre de 2022, no Centro de Conven\u00e7\u00f5es Expominas. O cabo Pires, instrutor do programa, destaca que esse \u00e9 um momento muito esperado pelas crian\u00e7as e pelo corpo docente das escolas. Todos ficam ansiosos para a formatura, que conta com a presen\u00e7a dos familiares dos formandos num momento t\u00e3o importante na vida deles.<\/p>\n\n\n\n<figure class=\"wp-block-gallery has-nested-images columns-default is-cropped wp-block-gallery-1 is-layout-flex wp-block-gallery-is-layout-flex\">\n<figure class=\"wp-block-image size-large is-style-default\"><img loading=\"lazy\" decoding=\"async\" width=\"600\" height=\"404\" data-id=\"15942\" src=\"https:\/\/diariotribuna.com.br\/wp-content\/uploads\/2022\/07\/4-2.jpg\" alt=\"\" class=\"wp-image-15942\" srcset=\"https:\/\/diariotribuna.com.br\/wp-content\/uploads\/2022\/07\/4-2.jpg 600w, https:\/\/diariotribuna.com.br\/wp-content\/uploads\/2022\/07\/4-2-300x202.jpg 300w\" sizes=\"(max-width: 600px) 100vw, 600px\" \/><\/figure>\n\n\n\n<figure class=\"wp-block-image size-large is-style-default\"><img loading=\"lazy\" decoding=\"async\" width=\"600\" height=\"399\" data-id=\"15941\" src=\"https:\/\/diariotribuna.com.br\/wp-content\/uploads\/2022\/07\/2-3.jpg\" alt=\"\" class=\"wp-image-15941\" srcset=\"https:\/\/diariotribuna.com.br\/wp-content\/uploads\/2022\/07\/2-3.jpg 600w, https:\/\/diariotribuna.com.br\/wp-content\/uploads\/2022\/07\/2-3-300x200.jpg 300w\" sizes=\"(max-width: 600px) 100vw, 600px\" \/><\/figure>\n\n\n\n<figure class=\"wp-block-image size-large is-style-default\"><img loading=\"lazy\" decoding=\"async\" width=\"600\" height=\"449\" data-id=\"15940\" src=\"https:\/\/diariotribuna.com.br\/wp-content\/uploads\/2022\/07\/1-4.jpg\" alt=\"\" class=\"wp-image-15940\" srcset=\"https:\/\/diariotribuna.com.br\/wp-content\/uploads\/2022\/07\/1-4.jpg 600w, https:\/\/diariotribuna.com.br\/wp-content\/uploads\/2022\/07\/1-4-300x225.jpg 300w, https:\/\/diariotribuna.com.br\/wp-content\/uploads\/2022\/07\/1-4-80x60.jpg 80w, https:\/\/diariotribuna.com.br\/wp-content\/uploads\/2022\/07\/1-4-265x198.jpg 265w, https:\/\/diariotribuna.com.br\/wp-content\/uploads\/2022\/07\/1-4-561x420.jpg 561w\" sizes=\"(max-width: 600px) 100vw, 600px\" \/><\/figure>\n<\/figure>\n\n\n\n<p>O PROERD consiste em um esfor\u00e7o cooperativo da Pol\u00edcia Militar, escola e fam\u00edlia, para oferecer atividades educacionais em sala de aula, a fim de prevenir ou reduzir o uso de drogas entre as crian\u00e7as e os adolescentes. A \u00eanfase do programa est\u00e1 em auxiliar os estudantes a reconhecerem e resistirem \u00e0s press\u00f5es diretas ou indiretas que os influenciariam a experimentar bebidas alco\u00f3licas, maconha, inalantes e outras drogas ou at\u00e9 mesmo se engajarem em atividades violentas.<\/p>\n\n\n\n<p>O programa oferece ainda, estrat\u00e9gias preventivas para refor\u00e7ar os fatores de prote\u00e7\u00e3o em especial referentes \u00e0 fam\u00edlia, escola e comunidade, que favorecem o desenvolvimento da resist\u00eancia em jovens que poderiam correr risco de se envolverem com drogas e problemas de comportamento social. O cabo Pires informa que acontece uma aula por semana, s\u00e3o dez encontros, e ap\u00f3s tem a formatura do Proerd.<\/p>\n\n\n\n<figure class=\"wp-block-gallery has-nested-images columns-default is-cropped wp-block-gallery-2 is-layout-flex wp-block-gallery-is-layout-flex\">\n<figure class=\"wp-block-image size-large is-style-default\"><img loading=\"lazy\" decoding=\"async\" width=\"600\" height=\"401\" data-id=\"15946\" src=\"https:\/\/diariotribuna.com.br\/wp-content\/uploads\/2022\/07\/7-1.jpg\" alt=\"\" class=\"wp-image-15946\" srcset=\"https:\/\/diariotribuna.com.br\/wp-content\/uploads\/2022\/07\/7-1.jpg 600w, https:\/\/diariotribuna.com.br\/wp-content\/uploads\/2022\/07\/7-1-300x201.jpg 300w\" sizes=\"(max-width: 600px) 100vw, 600px\" \/><\/figure>\n\n\n\n<figure class=\"wp-block-image size-large is-style-default\"><img loading=\"lazy\" decoding=\"async\" width=\"600\" height=\"453\" data-id=\"15948\" src=\"https:\/\/diariotribuna.com.br\/wp-content\/uploads\/2022\/07\/8-1.jpg\" alt=\"\" class=\"wp-image-15948\" srcset=\"https:\/\/diariotribuna.com.br\/wp-content\/uploads\/2022\/07\/8-1.jpg 600w, https:\/\/diariotribuna.com.br\/wp-content\/uploads\/2022\/07\/8-1-300x227.jpg 300w, https:\/\/diariotribuna.com.br\/wp-content\/uploads\/2022\/07\/8-1-80x60.jpg 80w, https:\/\/diariotribuna.com.br\/wp-content\/uploads\/2022\/07\/8-1-556x420.jpg 556w\" sizes=\"(max-width: 600px) 100vw, 600px\" \/><\/figure>\n\n\n\n<figure class=\"wp-block-image size-large is-style-default\"><img loading=\"lazy\" decoding=\"async\" width=\"600\" height=\"459\" data-id=\"15947\" src=\"https:\/\/diariotribuna.com.br\/wp-content\/uploads\/2022\/07\/6-2.jpg\" alt=\"\" class=\"wp-image-15947\" srcset=\"https:\/\/diariotribuna.com.br\/wp-content\/uploads\/2022\/07\/6-2.jpg 600w, https:\/\/diariotribuna.com.br\/wp-content\/uploads\/2022\/07\/6-2-300x230.jpg 300w, https:\/\/diariotribuna.com.br\/wp-content\/uploads\/2022\/07\/6-2-80x60.jpg 80w, https:\/\/diariotribuna.com.br\/wp-content\/uploads\/2022\/07\/6-2-549x420.jpg 549w\" sizes=\"(max-width: 600px) 100vw, 600px\" \/><\/figure>\n<\/figure>\n\n\n\n<p>Nesta data foi a formatura de 600 alunos do 5\u00ba ano das escolas p\u00fablicas de Te\u00f3filo Otoni. Nesse primeiro semestre foram atendidas 12 escolas. Na cidade a equipe \u00e9 composta por dois instrutores, cabo Pires e cabo Jeferson. Cabo Pires informou que foi feita uma rifa para angariar fundos para a formatura, e nesta data foi sorteada 01 bicicleta, e as crian\u00e7as que fizeram as melhores reda\u00e7\u00f5es tamb\u00e9m ganharam 01 bicicleta.<\/p>\n\n\n\n<figure class=\"wp-block-gallery has-nested-images columns-default is-cropped wp-block-gallery-3 is-layout-flex wp-block-gallery-is-layout-flex\">\n<figure class=\"wp-block-image size-large is-style-default\"><img loading=\"lazy\" decoding=\"async\" width=\"600\" height=\"467\" data-id=\"15950\" src=\"https:\/\/diariotribuna.com.br\/wp-content\/uploads\/2022\/07\/9.jpg\" alt=\"\" class=\"wp-image-15950\" srcset=\"https:\/\/diariotribuna.com.br\/wp-content\/uploads\/2022\/07\/9.jpg 600w, https:\/\/diariotribuna.com.br\/wp-content\/uploads\/2022\/07\/9-300x234.jpg 300w, https:\/\/diariotribuna.com.br\/wp-content\/uploads\/2022\/07\/9-540x420.jpg 540w\" sizes=\"(max-width: 600px) 100vw, 600px\" \/><\/figure>\n\n\n\n<figure class=\"wp-block-image size-large is-style-default\"><img loading=\"lazy\" decoding=\"async\" width=\"600\" height=\"419\" data-id=\"15949\" src=\"https:\/\/diariotribuna.com.br\/wp-content\/uploads\/2022\/07\/5-2.jpg\" alt=\"\" class=\"wp-image-15949\" srcset=\"https:\/\/diariotribuna.com.br\/wp-content\/uploads\/2022\/07\/5-2.jpg 600w, https:\/\/diariotribuna.com.br\/wp-content\/uploads\/2022\/07\/5-2-300x210.jpg 300w, https:\/\/diariotribuna.com.br\/wp-content\/uploads\/2022\/07\/5-2-100x70.jpg 100w\" sizes=\"(max-width: 600px) 100vw, 600px\" \/><\/figure>\n<\/figure>\n\n\n\n<p>O cabo Pires foi muito aplaudido durante a solenidade e disse que para ele \u00e9 um motivo de muita alegria. \u201cEu fico lisonjeado com o reconhecimento das crian\u00e7as, com o reconhecimento das pessoas, no trabalho desempenhado por mim e pelo cabo Jeferson\u201d. Disse que segurou as l\u00e1grimas, pois \u00e9 muita emo\u00e7\u00e3o a resposta positiva que recebe de um trabalho que vem fazendo desde o in\u00edcio do ano. Pires agradeceu a presen\u00e7a de todos e ao comando da Pol\u00edcia Militar por permitir que ele e o cabo Jeferson desempenhassem esse trabalho do Proerd em Te\u00f3filo Otoni.<\/p>\n\n\n\n<figure class=\"wp-block-gallery has-nested-images columns-default is-cropped wp-block-gallery-4 is-layout-flex wp-block-gallery-is-layout-flex\">\n<figure class=\"wp-block-image size-large is-style-default\"><img loading=\"lazy\" decoding=\"async\" width=\"1024\" height=\"768\" data-id=\"15953\" src=\"https:\/\/diariotribuna.com.br\/wp-content\/uploads\/2022\/07\/e326055e-1e4b-4aa2-b49b-efbf56456eaf-1024x768.jpg\" alt=\"\" class=\"wp-image-15953\" srcset=\"https:\/\/diariotribuna.com.br\/wp-content\/uploads\/2022\/07\/e326055e-1e4b-4aa2-b49b-efbf56456eaf-1024x768.jpg 1024w, https:\/\/diariotribuna.com.br\/wp-content\/uploads\/2022\/07\/e326055e-1e4b-4aa2-b49b-efbf56456eaf-300x225.jpg 300w, https:\/\/diariotribuna.com.br\/wp-content\/uploads\/2022\/07\/e326055e-1e4b-4aa2-b49b-efbf56456eaf-768x576.jpg 768w, https:\/\/diariotribuna.com.br\/wp-content\/uploads\/2022\/07\/e326055e-1e4b-4aa2-b49b-efbf56456eaf-80x60.jpg 80w, https:\/\/diariotribuna.com.br\/wp-content\/uploads\/2022\/07\/e326055e-1e4b-4aa2-b49b-efbf56456eaf-265x198.jpg 265w, https:\/\/diariotribuna.com.br\/wp-content\/uploads\/2022\/07\/e326055e-1e4b-4aa2-b49b-efbf56456eaf-696x522.jpg 696w, https:\/\/diariotribuna.com.br\/wp-content\/uploads\/2022\/07\/e326055e-1e4b-4aa2-b49b-efbf56456eaf-1068x801.jpg 1068w, https:\/\/diariotribuna.com.br\/wp-content\/uploads\/2022\/07\/e326055e-1e4b-4aa2-b49b-efbf56456eaf-560x420.jpg 560w, https:\/\/diariotribuna.com.br\/wp-content\/uploads\/2022\/07\/e326055e-1e4b-4aa2-b49b-efbf56456eaf.jpg 1280w\" sizes=\"(max-width: 1024px) 100vw, 1024px\" \/><\/figure>\n\n\n\n<figure class=\"wp-block-image size-large is-style-default\"><img loading=\"lazy\" decoding=\"async\" width=\"600\" height=\"386\" data-id=\"15952\" src=\"https:\/\/diariotribuna.com.br\/wp-content\/uploads\/2022\/07\/2149b3b8-70f2-422c-8f29-e136da05f0fc.jpg\" alt=\"\" class=\"wp-image-15952\" srcset=\"https:\/\/diariotribuna.com.br\/wp-content\/uploads\/2022\/07\/2149b3b8-70f2-422c-8f29-e136da05f0fc.jpg 600w, https:\/\/diariotribuna.com.br\/wp-content\/uploads\/2022\/07\/2149b3b8-70f2-422c-8f29-e136da05f0fc-300x193.jpg 300w\" sizes=\"(max-width: 600px) 100vw, 600px\" \/><\/figure>\n\n\n\n<figure class=\"wp-block-image size-large is-style-default\"><img loading=\"lazy\" decoding=\"async\" width=\"600\" height=\"433\" data-id=\"15951\" src=\"https:\/\/diariotribuna.com.br\/wp-content\/uploads\/2022\/07\/13d09578-60bb-4f20-9edb-16f5623da2c2.jpg\" alt=\"\" class=\"wp-image-15951\" srcset=\"https:\/\/diariotribuna.com.br\/wp-content\/uploads\/2022\/07\/13d09578-60bb-4f20-9edb-16f5623da2c2.jpg 600w, https:\/\/diariotribuna.com.br\/wp-content\/uploads\/2022\/07\/13d09578-60bb-4f20-9edb-16f5623da2c2-300x217.jpg 300w, https:\/\/diariotribuna.com.br\/wp-content\/uploads\/2022\/07\/13d09578-60bb-4f20-9edb-16f5623da2c2-324x235.jpg 324w, https:\/\/diariotribuna.com.br\/wp-content\/uploads\/2022\/07\/13d09578-60bb-4f20-9edb-16f5623da2c2-582x420.jpg 582w\" sizes=\"(max-width: 600px) 100vw, 600px\" \/><\/figure>\n<\/figure>\n\n\n\n<p> <strong>(Fotos: assessoria de comunica\u00e7\u00e3o 19\u00ba BPM\/ 15\u00aa RPM).<\/strong><\/p>\n","protected":false},"excerpt":{"rendered":"<p>O 19\u00ba Batalh\u00e3o de Pol\u00edcia Militar realizou na quarta-feira (06\/07), solenidade de formatura do Programa Educacional de Resist\u00eancia \u00e0s Drogas (PROERD), conclus\u00e3o dos trabalhos do primeiro semestre de 2022, no Centro de Conven\u00e7\u00f5es Expominas. O cabo Pires, instrutor do programa, destaca que esse \u00e9 um momento muito esperado pelas crian\u00e7as e pelo corpo docente das [&hellip;]<\/p>\n","protected":false},"author":1,"featured_media":15937,"comment_status":"open","ping_status":"open","sticky":false,"template":"","format":"standard","meta":{"rop_custom_images_group":[],"rop_custom_messages_group":[],"rop_publish_now":"initial","rop_publish_now_accounts":[],"rop_publish_now_history":[],"rop_publish_now_status":"pending","footnotes":""},"categories":[25,20],"tags":[74,4034,2799,76,4279,75],"class_list":["post-15936","post","type-post","status-publish","format-standard","has-post-thumbnail","hentry","category-destaque","category-policia","tag-19o-bpm","tag-4034","tag-formatura","tag-policia-militar","tag-proerd","tag-teofilo-otoni"],"_links":{"self":[{"href":"https:\/\/diariotribuna.com.br\/index.php?rest_route=\/wp\/v2\/posts\/15936"}],"collection":[{"href":"https:\/\/diariotribuna.com.br\/index.php?rest_route=\/wp\/v2\/posts"}],"about":[{"href":"https:\/\/diariotribuna.com.br\/index.php?rest_route=\/wp\/v2\/types\/post"}],"author":[{"embeddable":true,"href":"https:\/\/diariotribuna.com.br\/index.php?rest_route=\/wp\/v2\/users\/1"}],"replies":[{"embeddable":true,"href":"https:\/\/diariotribuna.com.br\/index.php?rest_route=%2Fwp%2Fv2%2Fcomments&post=15936"}],"version-history":[{"count":3,"href":"https:\/\/diariotribuna.com.br\/index.php?rest_route=\/wp\/v2\/posts\/15936\/revisions"}],"predecessor-version":[{"id":15955,"href":"https:\/\/diariotribuna.com.br\/index.php?rest_route=\/wp\/v2\/posts\/15936\/revisions\/15955"}],"wp:featuredmedia":[{"embeddable":true,"href":"https:\/\/diariotribuna.com.br\/index.php?rest_route=\/wp\/v2\/media\/15937"}],"wp:attachment":[{"href":"https:\/\/diariotribuna.com.br\/index.php?rest_route=%2Fwp%2Fv2%2Fmedia&parent=15936"}],"wp:term":[{"taxonomy":"category","embeddable":true,"href":"https:\/\/diariotribuna.com.br\/index.php?rest_route=%2Fwp%2Fv2%2Fcategories&post=15936"},{"taxonomy":"post_tag","embeddable":true,"href":"https:\/\/diariotribuna.com.br\/index.php?rest_route=%2Fwp%2Fv2%2Ftags&post=15936"}],"curies":[{"name":"wp","href":"https:\/\/api.w.org\/{rel}","templated":true}]}}