{"id":15982,"date":"2022-07-12T23:55:40","date_gmt":"2022-07-13T02:55:40","guid":{"rendered":"https:\/\/diariotribuna.com.br\/?p=15982"},"modified":"2022-07-12T23:56:11","modified_gmt":"2022-07-13T02:56:11","slug":"policia-civil-apreende-menor-de-15-anos-que-praticou-varios-atos-infracionais-em-jacinto","status":"publish","type":"post","link":"https:\/\/diariotribuna.com.br\/?p=15982","title":{"rendered":"Pol\u00edcia Civil apreende menor de 15 anos que praticou v\u00e1rios atos infracionais em Jacinto"},"content":{"rendered":"\n<figure class=\"wp-block-image size-full is-resized is-style-default\"><img loading=\"lazy\" decoding=\"async\" src=\"https:\/\/diariotribuna.com.br\/wp-content\/uploads\/2022\/07\/c1b778a5-b09d-4c63-9b1a-2d77f3102b8b.jpg\" alt=\"\" class=\"wp-image-15983\" width=\"518\" height=\"393\" srcset=\"https:\/\/diariotribuna.com.br\/wp-content\/uploads\/2022\/07\/c1b778a5-b09d-4c63-9b1a-2d77f3102b8b.jpg 700w, https:\/\/diariotribuna.com.br\/wp-content\/uploads\/2022\/07\/c1b778a5-b09d-4c63-9b1a-2d77f3102b8b-300x228.jpg 300w, https:\/\/diariotribuna.com.br\/wp-content\/uploads\/2022\/07\/c1b778a5-b09d-4c63-9b1a-2d77f3102b8b-80x60.jpg 80w, https:\/\/diariotribuna.com.br\/wp-content\/uploads\/2022\/07\/c1b778a5-b09d-4c63-9b1a-2d77f3102b8b-696x528.jpg 696w, https:\/\/diariotribuna.com.br\/wp-content\/uploads\/2022\/07\/c1b778a5-b09d-4c63-9b1a-2d77f3102b8b-554x420.jpg 554w\" sizes=\"(max-width: 518px) 100vw, 518px\" \/><\/figure>\n\n\n\n<p>A Pol\u00edcia Civil de Minas Gerais (PCMG), por meio da 17\u00aa Delegacia de Pol\u00edcia Civil da cidade de Jacinto, realizou, na quarta-feira (06\/07), a busca e apreens\u00e3o de um adolescente, de 15 anos, em virtude de ter sido aplicada contra ele medida de interna\u00e7\u00e3o provis\u00f3ria pelo Poder Judici\u00e1rio.<\/p>\n\n\n\n<p>O adolescente teria praticado diversos atos infracionais an\u00e1logos a furtos e roubos em Jacinto, tendo a Pol\u00edcia Civil instaurado, conclu\u00eddo e remetido ao Poder Judici\u00e1rio v\u00e1rios procedimentos de apura\u00e7\u00e3o dos v\u00e1rios fatos que resultaram na aplica\u00e7\u00e3o da medida de interna\u00e7\u00e3o provis\u00f3ria.<\/p>\n\n\n\n<p>Ciente da ordem judicial, a equipe da Pol\u00edcia Civil fez dilig\u00eancias e localizou o adolescente em sua resid\u00eancia, tendo o encaminhado, ap\u00f3s os procedimentos de praxe, \u00e0 unidade do Sistema Socioeducativo em Te\u00f3filo Otoni.<\/p>\n\n\n\n<pre class=\"wp-block-verse\"><strong>Pol\u00edcia Civil de Minas Gerais: Mais pr\u00f3xima de voc\u00ea<\/strong>: <strong>Instagram:<\/strong> @pcmg.oficial \/<strong>Facebook:<\/strong> @pcmgoficial \/<strong>Twitter:<\/strong> @pcmgoficial \/<strong>YouTube:<\/strong> @pcmgoficial \/<strong>www.policiacivil.mg.gov.br<\/strong><\/pre>\n","protected":false},"excerpt":{"rendered":"<p>A Pol\u00edcia Civil de Minas Gerais (PCMG), por meio da 17\u00aa Delegacia de Pol\u00edcia Civil da cidade de Jacinto, realizou, na quarta-feira (06\/07), a busca e apreens\u00e3o de um adolescente, de 15 anos, em virtude de ter sido aplicada contra ele medida de interna\u00e7\u00e3o provis\u00f3ria pelo Poder Judici\u00e1rio. O adolescente teria praticado diversos atos infracionais [&hellip;]<\/p>\n","protected":false},"author":1,"featured_media":15983,"comment_status":"open","ping_status":"open","sticky":false,"template":"","format":"standard","meta":{"rop_custom_images_group":[],"rop_custom_messages_group":[],"rop_publish_now":"initial","rop_publish_now_accounts":[],"rop_publish_now_history":[],"rop_publish_now_status":"pending","footnotes":""},"categories":[20],"tags":[4613,661,737,292,75],"class_list":["post-15982","post","type-post","status-publish","format-standard","has-post-thumbnail","hentry","category-policia","tag-adolescente-infrator","tag-internacao","tag-jacinto","tag-policia-civil","tag-teofilo-otoni"],"_links":{"self":[{"href":"https:\/\/diariotribuna.com.br\/index.php?rest_route=\/wp\/v2\/posts\/15982"}],"collection":[{"href":"https:\/\/diariotribuna.com.br\/index.php?rest_route=\/wp\/v2\/posts"}],"about":[{"href":"https:\/\/diariotribuna.com.br\/index.php?rest_route=\/wp\/v2\/types\/post"}],"author":[{"embeddable":true,"href":"https:\/\/diariotribuna.com.br\/index.php?rest_route=\/wp\/v2\/users\/1"}],"replies":[{"embeddable":true,"href":"https:\/\/diariotribuna.com.br\/index.php?rest_route=%2Fwp%2Fv2%2Fcomments&post=15982"}],"version-history":[{"count":1,"href":"https:\/\/diariotribuna.com.br\/index.php?rest_route=\/wp\/v2\/posts\/15982\/revisions"}],"predecessor-version":[{"id":15984,"href":"https:\/\/diariotribuna.com.br\/index.php?rest_route=\/wp\/v2\/posts\/15982\/revisions\/15984"}],"wp:featuredmedia":[{"embeddable":true,"href":"https:\/\/diariotribuna.com.br\/index.php?rest_route=\/wp\/v2\/media\/15983"}],"wp:attachment":[{"href":"https:\/\/diariotribuna.com.br\/index.php?rest_route=%2Fwp%2Fv2%2Fmedia&parent=15982"}],"wp:term":[{"taxonomy":"category","embeddable":true,"href":"https:\/\/diariotribuna.com.br\/index.php?rest_route=%2Fwp%2Fv2%2Fcategories&post=15982"},{"taxonomy":"post_tag","embeddable":true,"href":"https:\/\/diariotribuna.com.br\/index.php?rest_route=%2Fwp%2Fv2%2Ftags&post=15982"}],"curies":[{"name":"wp","href":"https:\/\/api.w.org\/{rel}","templated":true}]}}