{"id":15986,"date":"2022-07-13T00:12:54","date_gmt":"2022-07-13T03:12:54","guid":{"rendered":"https:\/\/diariotribuna.com.br\/?p=15986"},"modified":"2022-07-13T00:12:56","modified_gmt":"2022-07-13T03:12:56","slug":"motociclista-inabilitado-colide-em-maquina-patrol-na-mgc-418-e-sofre-lesoes-graves","status":"publish","type":"post","link":"https:\/\/diariotribuna.com.br\/?p=15986","title":{"rendered":"Motociclista inabilitado colide em m\u00e1quina Patrol na MGC 418 e sofre les\u00f5es graves"},"content":{"rendered":"\n<figure class=\"wp-block-image size-full is-resized is-style-default\"><img loading=\"lazy\" decoding=\"async\" src=\"https:\/\/diariotribuna.com.br\/wp-content\/uploads\/2022\/07\/d1600a1b-ff62-4eeb-a10f-00fcf503f41a.jpg\" alt=\"\" class=\"wp-image-15987\" width=\"500\" height=\"385\" srcset=\"https:\/\/diariotribuna.com.br\/wp-content\/uploads\/2022\/07\/d1600a1b-ff62-4eeb-a10f-00fcf503f41a.jpg 700w, https:\/\/diariotribuna.com.br\/wp-content\/uploads\/2022\/07\/d1600a1b-ff62-4eeb-a10f-00fcf503f41a-300x231.jpg 300w, https:\/\/diariotribuna.com.br\/wp-content\/uploads\/2022\/07\/d1600a1b-ff62-4eeb-a10f-00fcf503f41a-696x535.jpg 696w, https:\/\/diariotribuna.com.br\/wp-content\/uploads\/2022\/07\/d1600a1b-ff62-4eeb-a10f-00fcf503f41a-546x420.jpg 546w\" sizes=\"(max-width: 500px) 100vw, 500px\" \/><\/figure>\n\n\n\n<p>Conforme consta no boletim de ocorr\u00eancia, na segunda-feira (11\/07), por volta das 9h, a Pol\u00edcia Militar Rodovi\u00e1ria foi acionada para atender uma colis\u00e3o, envolvendo uma motocicleta Honda CG\/150 e uma m\u00e1quina motoniveladora (Patrol), na MGC 418, Km 145, comunidade Homero Barbosa, em Te\u00f3filo Otoni. No local a equipe do SAMU atendeu a v\u00edtima condutor da motocicleta e a encaminhou para a Unidade de Pronto Atendimento (UPA), com suspeita de fratura na regi\u00e3o lombar e fratura do bra\u00e7o direito, al\u00e9m de escoria\u00e7\u00f5es pelo corpo.<\/p>\n\n\n\n<p>Na vers\u00e3o apresentada por uma testemunha, o condutor da motocicleta ao tentar desviar da Patrol, passando pela direita (manobra proibida), perdeu o controle direcional do ve\u00edculo, derrapou na pista por aproximadamente dez metros e caiu debaixo da m\u00e1quina, causando as les\u00f5es e danos generalizados na motocicleta. Os militares fizeram consulta dos dados no sistema informatizado e constataram que o motociclista era inabilitado para a condu\u00e7\u00e3o de ve\u00edculo automotor e a moto n\u00e3o estava devidamente licenciada, sendo ent\u00e3o removida.<\/p>\n\n\n\n<p>\u201cApesar das causas desse sinistro de tr\u00e2nsito serem analisadas posteriormente no inqu\u00e9rito policial, destacamos que trata-se de mais um caso envolvendo condutor inabilitado. Por v\u00e1rias vezes citamos junto \u00e0 imprensa e nas m\u00eddias sociais, que durante o processo de habilita\u00e7\u00e3o o aluno passa por uma s\u00e9rie de aprendizagem, que o capacita a conduzir um ve\u00edculo de forma segura em via p\u00fablica. Mais um jovem, esse com apenas 22 anos de idade sofreu les\u00f5es grav\u00edssimas, que deve incapacit\u00e1-lo por um longo per\u00edodo e quase tirou a sua vida\u201d, lamentou o tenente Reinaldo Martins, comandante do 1\u00ba Pelot\u00e3o da 15\u00aa Cia PM RV.<\/p>\n\n\n\n<p>Em rela\u00e7\u00e3o ao tr\u00e1fego de m\u00e1quinas, tratores e similares em rodovias, o tenente alerta que s\u00e3o ve\u00edculos lentos, que normalmente n\u00e3o atingem a velocidade m\u00ednima permitida, sem equipamentos obrigat\u00f3rios e sistemas de ilumina\u00e7\u00e3o eficientes, motivos que somados a outros, impedem a circula\u00e7\u00e3o em rodovias. Os propriet\u00e1rios devem realizar o transporte de m\u00e1quinas em ve\u00edculos apropriados.<\/p>\n\n\n\n<p>Disse que, nos \u00faltimos dias a regi\u00e3o tem sido alvo de v\u00e1rios acidentes de tr\u00e2nsito nas diversas rodovias e tem percebido notoriamente, que as causas tem sido comportamentais, falha humana. \u201cFam\u00edlias tem se ferido, motociclistas tem sofrido les\u00f5es graves, autom\u00f3veis saindo da pista e capotando. Normalmente os motoristas tem alegado perda do controle direcional e raramente citam fatores adversos, relacionados a problemas da via, ou seja, precisamos entender que devemos conduzir ve\u00edculos de forma preventiva, respeitando a sinaliza\u00e7\u00e3o e as caracter\u00edsticas das rodovias, visando a nossa prote\u00e7\u00e3o e da coletividade\u201d.<\/p>\n\n\n\n<p>Ressalta que a Pol\u00edcia Militar Rodovi\u00e1ria continuar\u00e1 realizando as opera\u00e7\u00f5es preventivas, contando com o apoio da imprensa na divulga\u00e7\u00e3o das orienta\u00e7\u00f5es e principalmente da responsabilidade e consci\u00eancia dos motoristas. (Informa\u00e7\u00f5es\/Foto: 15\u00aa Cia PM RV, Te\u00f3filo Otoni).<\/p>\n","protected":false},"excerpt":{"rendered":"<p>Conforme consta no boletim de ocorr\u00eancia, na segunda-feira (11\/07), por volta das 9h, a Pol\u00edcia Militar Rodovi\u00e1ria foi acionada para atender uma colis\u00e3o, envolvendo uma motocicleta Honda CG\/150 e uma m\u00e1quina motoniveladora (Patrol), na MGC 418, Km 145, comunidade Homero Barbosa, em Te\u00f3filo Otoni. No local a equipe do SAMU atendeu a v\u00edtima condutor da [&hellip;]<\/p>\n","protected":false},"author":1,"featured_media":15987,"comment_status":"open","ping_status":"open","sticky":false,"template":"","format":"standard","meta":{"rop_custom_images_group":[],"rop_custom_messages_group":[],"rop_publish_now":"initial","rop_publish_now_accounts":[],"rop_publish_now_history":[],"rop_publish_now_status":"pending","footnotes":""},"categories":[20],"tags":[125,688,4615,735,4614,1030,75],"class_list":["post-15986","post","type-post","status-publish","format-standard","has-post-thumbnail","hentry","category-policia","tag-acidente","tag-colisao","tag-homero-barbosa","tag-mgc-418","tag-moto-x-trator","tag-policia-militar-rodoviaria","tag-teofilo-otoni"],"_links":{"self":[{"href":"https:\/\/diariotribuna.com.br\/index.php?rest_route=\/wp\/v2\/posts\/15986"}],"collection":[{"href":"https:\/\/diariotribuna.com.br\/index.php?rest_route=\/wp\/v2\/posts"}],"about":[{"href":"https:\/\/diariotribuna.com.br\/index.php?rest_route=\/wp\/v2\/types\/post"}],"author":[{"embeddable":true,"href":"https:\/\/diariotribuna.com.br\/index.php?rest_route=\/wp\/v2\/users\/1"}],"replies":[{"embeddable":true,"href":"https:\/\/diariotribuna.com.br\/index.php?rest_route=%2Fwp%2Fv2%2Fcomments&post=15986"}],"version-history":[{"count":1,"href":"https:\/\/diariotribuna.com.br\/index.php?rest_route=\/wp\/v2\/posts\/15986\/revisions"}],"predecessor-version":[{"id":15988,"href":"https:\/\/diariotribuna.com.br\/index.php?rest_route=\/wp\/v2\/posts\/15986\/revisions\/15988"}],"wp:featuredmedia":[{"embeddable":true,"href":"https:\/\/diariotribuna.com.br\/index.php?rest_route=\/wp\/v2\/media\/15987"}],"wp:attachment":[{"href":"https:\/\/diariotribuna.com.br\/index.php?rest_route=%2Fwp%2Fv2%2Fmedia&parent=15986"}],"wp:term":[{"taxonomy":"category","embeddable":true,"href":"https:\/\/diariotribuna.com.br\/index.php?rest_route=%2Fwp%2Fv2%2Fcategories&post=15986"},{"taxonomy":"post_tag","embeddable":true,"href":"https:\/\/diariotribuna.com.br\/index.php?rest_route=%2Fwp%2Fv2%2Ftags&post=15986"}],"curies":[{"name":"wp","href":"https:\/\/api.w.org\/{rel}","templated":true}]}}