{"id":15995,"date":"2022-07-13T23:58:10","date_gmt":"2022-07-14T02:58:10","guid":{"rendered":"https:\/\/diariotribuna.com.br\/?p=15995"},"modified":"2022-07-13T23:58:11","modified_gmt":"2022-07-14T02:58:11","slug":"homem-preso-apos-roubo-a-residencia-em-itinga-era-investigado-pela-pcmg-em-medina","status":"publish","type":"post","link":"https:\/\/diariotribuna.com.br\/?p=15995","title":{"rendered":"Homem preso ap\u00f3s roubo a resid\u00eancia em Itinga era investigado pela PCMG em Medina"},"content":{"rendered":"\n<figure class=\"wp-block-image size-full is-resized is-style-default\"><img loading=\"lazy\" decoding=\"async\" src=\"https:\/\/diariotribuna.com.br\/wp-content\/uploads\/2022\/07\/unnamed-file-1.jpg\" alt=\"\" class=\"wp-image-15996\" width=\"552\" height=\"345\" srcset=\"https:\/\/diariotribuna.com.br\/wp-content\/uploads\/2022\/07\/unnamed-file-1.jpg 700w, https:\/\/diariotribuna.com.br\/wp-content\/uploads\/2022\/07\/unnamed-file-1-300x187.jpg 300w, https:\/\/diariotribuna.com.br\/wp-content\/uploads\/2022\/07\/unnamed-file-1-696x435.jpg 696w, https:\/\/diariotribuna.com.br\/wp-content\/uploads\/2022\/07\/unnamed-file-1-673x420.jpg 673w\" sizes=\"(max-width: 552px) 100vw, 552px\" \/><\/figure>\n\n\n\n<p>A Pol\u00edcia Civil de Minas Gerais, por meio da Delegacia de Medina, conseguiu identificar, na segunda-feira (11\/07), um indiv\u00edduo apontado como autor de roubo a um posto de combust\u00edveis em Medina, na regi\u00e3o do Jequitinhonha, fato ocorrido no in\u00edcio do m\u00eas de junho.<\/p>\n\n\n\n<p>Segundo a Pol\u00edcia Civil, na ocasi\u00e3o, dois indiv\u00edduos surpreenderam no escrit\u00f3rio o propriet\u00e1rio e uma funcion\u00e1ria do estabelecimento comercial e, mediante grave amea\u00e7a exercida por meio de arma de fogo, um rev\u00f3lver, ap\u00f3s amarrarem as v\u00edtimas e mant\u00ea-las com a liberdade restrita por um per\u00edodo de tempo, subtra\u00edram quantia em dinheiro e dois aparelhos celulares, fugindo em seguida.<\/p>\n\n\n\n<p>A Pol\u00edcia Civil iniciou a investiga\u00e7\u00e3o de imediato e fez levantamentos que, dias ap\u00f3s, levaram \u00e0 captura da imagem de um dos indiv\u00edduos, sendo que os trabalhos investigativos o apontavam como autor do roubo, n\u00e3o tendo sido poss\u00edvel, no entanto, identific\u00e1-lo.<\/p>\n\n\n\n<p>\u201cForam realizados intensos esfor\u00e7os na tentativa de identifica\u00e7\u00e3o do indiv\u00edduo nos dias seguintes, mas, sem sucesso, sendo que, nesta segunda-feira (11), no entanto, ap\u00f3s a pr\u00e1tica de um roubo a resid\u00eancia no munic\u00edpio de Itinga, tamb\u00e9m na regi\u00e3o do Jequitinhonha, o indiv\u00edduo acabou por ser identificado pela Pol\u00edcia Militar, por meio das fra\u00e7\u00f5es PM de Itinga, Ara\u00e7ua\u00ed e Itaobim, que, cientes do empenho que vinha sendo realizado pela equipe da Pol\u00edcia Civil em Medina na identifica\u00e7\u00e3o do indiv\u00edduo, fizeram contato imediatamente, havendo troca de informa\u00e7\u00f5es entre as institui\u00e7\u00f5es\u201d, informou o delegado, dr. Thiago de Carvalho Passos.<\/p>\n\n\n\n<p>A Pol\u00edcia Militar fez rastreamentos e, no munic\u00edpio de Itaobim, localizou o homem, de 42 anos, e sua companheira, de 33, em uma pousada na regi\u00e3o central da cidade, juntamente com a arma de fogo e muni\u00e7\u00f5es que utilizava para a pr\u00e1tica dos crimes, um rev\u00f3lver calibre 38, e parte dos materiais subtra\u00eddos no roubo praticado naquele mesmo dia em Itinga. Segundo o delegado, nesse roubo praticado, os autores invadiram uma resid\u00eancia e mantiveram as v\u00edtimas ref\u00e9ns enquanto subtra\u00edam quantias em dinheiro, aparelhos celulares e v\u00e1rias joias e semijoias, al\u00e9m de outros materiais.<\/p>\n\n\n\n<p>\u201cA equipe da Pol\u00edcia Civil, ap\u00f3s a troca de informa\u00e7\u00f5es, tamb\u00e9m vinha fazendo levantamentos na tentativa de auxiliar a Pol\u00edcia Militar na localiza\u00e7\u00e3o do indiv\u00edduo, sendo que, uma vez informada de que os militares haviam conseguido localiz\u00e1-lo, foi para o local, onde sa\u00edram conjuntamente em mais dilig\u00eancias, desta vez na cidade de Itinga, que resultaram na apreens\u00e3o de outra parte do material subtra\u00eddo, al\u00e9m do ve\u00edculo utilizado para dar fuga aos autores do roubo, al\u00e9m da pris\u00e3o de uma mulher, de 38 anos, que tamb\u00e9m teria tido participa\u00e7\u00e3o no crime\u201d, informou o delegado.<\/p>\n\n\n\n<p>A a\u00e7\u00e3o das pol\u00edcias Civil e Militar resultou na recupera\u00e7\u00e3o dos materiais subtra\u00eddos no roubo no mesmo dia em Itinga e em outro roubo ocorrido dia 01\/07\/22, na mesma cidade, totalizando um montante aproximado de R$ 100.000,00 em joias e semijoias, al\u00e9m dos aparelhos celulares e outros pertences das v\u00edtimas. Segundo a pol\u00edcia todos confessaram a participa\u00e7\u00e3o nos crimes imputados, sendo apresentados na delegacia de Ara\u00e7ua\u00ed, onde foram autuados em flagrante.<\/p>\n\n\n\n<p>\u201cO homem possui registros da pr\u00e1tica dos crimes de roubo, tr\u00e1fico de drogas, associa\u00e7\u00e3o para o tr\u00e1fico, organiza\u00e7\u00e3o criminosa e posse de arma, e \u00e9 oriundo da Regi\u00e3o Metropolitana de Belo Horizonte. As investiga\u00e7\u00f5es por parte da Delegacia de Medina prosseguem com vistas \u00e0 completa elucida\u00e7\u00e3o do crime e responsabiliza\u00e7\u00e3o penal dos envolvidos\u201d, concluiu o dr. Thiago.<\/p>\n\n\n\n<pre class=\"wp-block-verse\"><strong>Pol\u00edcia Civil de Minas Gerais: Mais pr\u00f3xima de voc\u00ea: Instagram:<\/strong> @pcmg.oficial \/<strong>Facebook:<\/strong> @pcmgoficial \/<strong>Twitter:<\/strong> @pcmgoficial \/<strong>YouTube:<\/strong> @pcmgoficial \/<a href=\"http:\/\/www.policiacivil.mg.gov.br\">www.policiacivil.mg.gov.br<\/a><\/pre>\n","protected":false},"excerpt":{"rendered":"<p>A Pol\u00edcia Civil de Minas Gerais, por meio da Delegacia de Medina, conseguiu identificar, na segunda-feira (11\/07), um indiv\u00edduo apontado como autor de roubo a um posto de combust\u00edveis em Medina, na regi\u00e3o do Jequitinhonha, fato ocorrido no in\u00edcio do m\u00eas de junho. Segundo a Pol\u00edcia Civil, na ocasi\u00e3o, dois indiv\u00edduos surpreenderam no escrit\u00f3rio o [&hellip;]<\/p>\n","protected":false},"author":1,"featured_media":15996,"comment_status":"open","ping_status":"open","sticky":false,"template":"","format":"standard","meta":{"rop_custom_images_group":[],"rop_custom_messages_group":[],"rop_publish_now":"initial","rop_publish_now_accounts":[],"rop_publish_now_history":[],"rop_publish_now_status":"pending","footnotes":""},"categories":[25,20],"tags":[377,79,292,76,649],"class_list":["post-15995","post","type-post","status-publish","format-standard","has-post-thumbnail","hentry","category-destaque","category-policia","tag-itinga","tag-medina","tag-policia-civil","tag-policia-militar","tag-prisao"],"_links":{"self":[{"href":"https:\/\/diariotribuna.com.br\/index.php?rest_route=\/wp\/v2\/posts\/15995"}],"collection":[{"href":"https:\/\/diariotribuna.com.br\/index.php?rest_route=\/wp\/v2\/posts"}],"about":[{"href":"https:\/\/diariotribuna.com.br\/index.php?rest_route=\/wp\/v2\/types\/post"}],"author":[{"embeddable":true,"href":"https:\/\/diariotribuna.com.br\/index.php?rest_route=\/wp\/v2\/users\/1"}],"replies":[{"embeddable":true,"href":"https:\/\/diariotribuna.com.br\/index.php?rest_route=%2Fwp%2Fv2%2Fcomments&post=15995"}],"version-history":[{"count":1,"href":"https:\/\/diariotribuna.com.br\/index.php?rest_route=\/wp\/v2\/posts\/15995\/revisions"}],"predecessor-version":[{"id":15997,"href":"https:\/\/diariotribuna.com.br\/index.php?rest_route=\/wp\/v2\/posts\/15995\/revisions\/15997"}],"wp:featuredmedia":[{"embeddable":true,"href":"https:\/\/diariotribuna.com.br\/index.php?rest_route=\/wp\/v2\/media\/15996"}],"wp:attachment":[{"href":"https:\/\/diariotribuna.com.br\/index.php?rest_route=%2Fwp%2Fv2%2Fmedia&parent=15995"}],"wp:term":[{"taxonomy":"category","embeddable":true,"href":"https:\/\/diariotribuna.com.br\/index.php?rest_route=%2Fwp%2Fv2%2Fcategories&post=15995"},{"taxonomy":"post_tag","embeddable":true,"href":"https:\/\/diariotribuna.com.br\/index.php?rest_route=%2Fwp%2Fv2%2Ftags&post=15995"}],"curies":[{"name":"wp","href":"https:\/\/api.w.org\/{rel}","templated":true}]}}