{"id":15998,"date":"2022-07-14T11:48:42","date_gmt":"2022-07-14T14:48:42","guid":{"rendered":"https:\/\/diariotribuna.com.br\/?p=15998"},"modified":"2022-07-14T23:08:26","modified_gmt":"2022-07-15T02:08:26","slug":"policia-civil-apreende-adolescente-que-atentou-contra-a-vida-da-propria-mae-e-do-padrasto","status":"publish","type":"post","link":"https:\/\/diariotribuna.com.br\/?p=15998","title":{"rendered":"Pol\u00edcia Civil apreende adolescente que atentou contra a vida da pr\u00f3pria m\u00e3e e do padrasto"},"content":{"rendered":"\n<figure class=\"wp-block-image size-full is-resized is-style-default\"><img loading=\"lazy\" decoding=\"async\" src=\"https:\/\/diariotribuna.com.br\/wp-content\/uploads\/2022\/07\/dc92a058-b834-467a-ab71-6f77bd8c4204-Copia.jpg\" alt=\"\" class=\"wp-image-15999\" width=\"538\" height=\"379\" srcset=\"https:\/\/diariotribuna.com.br\/wp-content\/uploads\/2022\/07\/dc92a058-b834-467a-ab71-6f77bd8c4204-Copia.jpg 700w, https:\/\/diariotribuna.com.br\/wp-content\/uploads\/2022\/07\/dc92a058-b834-467a-ab71-6f77bd8c4204-Copia-300x211.jpg 300w, https:\/\/diariotribuna.com.br\/wp-content\/uploads\/2022\/07\/dc92a058-b834-467a-ab71-6f77bd8c4204-Copia-100x70.jpg 100w, https:\/\/diariotribuna.com.br\/wp-content\/uploads\/2022\/07\/dc92a058-b834-467a-ab71-6f77bd8c4204-Copia-696x490.jpg 696w, https:\/\/diariotribuna.com.br\/wp-content\/uploads\/2022\/07\/dc92a058-b834-467a-ab71-6f77bd8c4204-Copia-596x420.jpg 596w\" sizes=\"(max-width: 538px) 100vw, 538px\" \/><figcaption><strong>Dr. Fernando com as investigadoras Mar\u00edlia e Cirley<\/strong><\/figcaption><\/figure>\n\n\n\n<p>A Pol\u00edcia Civil de Minas Gerais (PCMG), por meio da 3\u00aa Delegacia Regional de Almenara, cumpriu, na quarta-feira (13\/07), um mandado de busca e apreens\u00e3o de um adolescente, de 16 anos, em virtude de ter sido aplicada medida de interna\u00e7\u00e3o provis\u00f3ria pelo Poder Judici\u00e1rio contra ele. Segundo a Pol\u00edcia Civil, o adolescente teria, por meio do emprego de arma de fogo, desferido disparos contra a sua m\u00e3e e seu padrasto, atentando contra a vida dos dois.<\/p>\n\n\n\n<p>O procedimento apurat\u00f3rio foi instaurado e, com a sua conclus\u00e3o, a Pol\u00edcia Civil representou pela interna\u00e7\u00e3o provis\u00f3ria do menor, que foi deferida pelo Poder Judici\u00e1rio, ap\u00f3s manifesta\u00e7\u00e3o favor\u00e1vel do Minist\u00e9rio P\u00fablico. Ap\u00f3s recebimento da ordem judicial, a equipe da PCMG fez dilig\u00eancias para localizar o paradeiro do adolescente, sendo ele encontrado na resid\u00eancia de um parente.<\/p>\n\n\n\n<p>\u201cO adolescente desfavorecido \u00e9 apontado como sujeito ativo de in\u00fameros outros atos infracionais an\u00e1logos aos crimes de roubo, furto, tr\u00e1fico de drogas, aborto provocado por terceiro e amea\u00e7a. Ele j\u00e1 passou, inclusive, pelo Sistema Socieoeducativo recentemente, tendo permanecido internado por cerca de 11 meses\u201d, informou o Delegado Regional de Almenara, dr. Thiago de Carvalho Passos. Ap\u00f3s os procedimentos de praxe, o adolescente foi encaminhado ao Sistema Socioeducativo em Montes Claros. (Informa\u00e7\u00f5es\/Foto: PCMG\/ Almenara).<\/p>\n\n\n\n<h3 class=\"wp-block-heading\"><strong>Pol\u00edcia Civil de Minas Gerais: Mais pr\u00f3xima de voc\u00ea.<\/strong><\/h3>\n\n\n\n<p><strong>Instagram:<\/strong> @pcmg.oficial<\/p>\n\n\n\n<p><strong>Facebook:<\/strong> @pcmgoficial<\/p>\n\n\n\n<p><strong>Twitter:<\/strong> @pcmgoficial<\/p>\n\n\n\n<p><strong>YouTube:<\/strong> @pcmgoficial<\/p>\n\n\n\n<p><strong><a href=\"http:\/\/www.policiacivil.mg.gov.br\">www.policiacivil.mg.gov.br<\/a><\/strong><\/p>\n","protected":false},"excerpt":{"rendered":"<p>A Pol\u00edcia Civil de Minas Gerais (PCMG), por meio da 3\u00aa Delegacia Regional de Almenara, cumpriu, na quarta-feira (13\/07), um mandado de busca e apreens\u00e3o de um adolescente, de 16 anos, em virtude de ter sido aplicada medida de interna\u00e7\u00e3o provis\u00f3ria pelo Poder Judici\u00e1rio contra ele. Segundo a Pol\u00edcia Civil, o adolescente teria, por meio [&hellip;]<\/p>\n","protected":false},"author":1,"featured_media":15999,"comment_status":"open","ping_status":"open","sticky":false,"template":"","format":"standard","meta":{"rop_custom_images_group":[],"rop_custom_messages_group":[],"rop_publish_now":"initial","rop_publish_now_accounts":[],"rop_publish_now_history":[],"rop_publish_now_status":"pending","footnotes":""},"categories":[20],"tags":[4613,110,292,2043],"class_list":["post-15998","post","type-post","status-publish","format-standard","has-post-thumbnail","hentry","category-policia","tag-adolescente-infrator","tag-almenara","tag-policia-civil","tag-tentativa-de-homicidio"],"_links":{"self":[{"href":"https:\/\/diariotribuna.com.br\/index.php?rest_route=\/wp\/v2\/posts\/15998"}],"collection":[{"href":"https:\/\/diariotribuna.com.br\/index.php?rest_route=\/wp\/v2\/posts"}],"about":[{"href":"https:\/\/diariotribuna.com.br\/index.php?rest_route=\/wp\/v2\/types\/post"}],"author":[{"embeddable":true,"href":"https:\/\/diariotribuna.com.br\/index.php?rest_route=\/wp\/v2\/users\/1"}],"replies":[{"embeddable":true,"href":"https:\/\/diariotribuna.com.br\/index.php?rest_route=%2Fwp%2Fv2%2Fcomments&post=15998"}],"version-history":[{"count":1,"href":"https:\/\/diariotribuna.com.br\/index.php?rest_route=\/wp\/v2\/posts\/15998\/revisions"}],"predecessor-version":[{"id":16000,"href":"https:\/\/diariotribuna.com.br\/index.php?rest_route=\/wp\/v2\/posts\/15998\/revisions\/16000"}],"wp:featuredmedia":[{"embeddable":true,"href":"https:\/\/diariotribuna.com.br\/index.php?rest_route=\/wp\/v2\/media\/15999"}],"wp:attachment":[{"href":"https:\/\/diariotribuna.com.br\/index.php?rest_route=%2Fwp%2Fv2%2Fmedia&parent=15998"}],"wp:term":[{"taxonomy":"category","embeddable":true,"href":"https:\/\/diariotribuna.com.br\/index.php?rest_route=%2Fwp%2Fv2%2Fcategories&post=15998"},{"taxonomy":"post_tag","embeddable":true,"href":"https:\/\/diariotribuna.com.br\/index.php?rest_route=%2Fwp%2Fv2%2Ftags&post=15998"}],"curies":[{"name":"wp","href":"https:\/\/api.w.org\/{rel}","templated":true}]}}