{"id":16005,"date":"2022-07-14T23:09:20","date_gmt":"2022-07-15T02:09:20","guid":{"rendered":"https:\/\/diariotribuna.com.br\/?p=16005"},"modified":"2022-07-15T22:00:49","modified_gmt":"2022-07-16T01:00:49","slug":"policia-civil-soluciona-mais-um-furto-cometido-mediante-fraude","status":"publish","type":"post","link":"https:\/\/diariotribuna.com.br\/?p=16005","title":{"rendered":"Pol\u00edcia Civil soluciona mais um furto cometido mediante fraude"},"content":{"rendered":"\n<p><strong><em>Foi recuperado aparelho celular subtra\u00eddo da v\u00edtima e o investigado foi indiciado<\/em><\/strong><\/p>\n\n\n\n<figure class=\"wp-block-image size-full is-resized is-style-default\"><img loading=\"lazy\" decoding=\"async\" src=\"https:\/\/diariotribuna.com.br\/wp-content\/uploads\/2022\/07\/0df8688e-9c4a-4d0f-a7b9-ee5feb042755.jpg\" alt=\"\" class=\"wp-image-16006\" width=\"470\" height=\"361\" srcset=\"https:\/\/diariotribuna.com.br\/wp-content\/uploads\/2022\/07\/0df8688e-9c4a-4d0f-a7b9-ee5feb042755.jpg 700w, https:\/\/diariotribuna.com.br\/wp-content\/uploads\/2022\/07\/0df8688e-9c4a-4d0f-a7b9-ee5feb042755-300x230.jpg 300w, https:\/\/diariotribuna.com.br\/wp-content\/uploads\/2022\/07\/0df8688e-9c4a-4d0f-a7b9-ee5feb042755-80x60.jpg 80w, https:\/\/diariotribuna.com.br\/wp-content\/uploads\/2022\/07\/0df8688e-9c4a-4d0f-a7b9-ee5feb042755-696x534.jpg 696w, https:\/\/diariotribuna.com.br\/wp-content\/uploads\/2022\/07\/0df8688e-9c4a-4d0f-a7b9-ee5feb042755-547x420.jpg 547w\" sizes=\"(max-width: 470px) 100vw, 470px\" \/><\/figure>\n\n\n\n<p><strong>Almenara &#8211;<\/strong> A Pol\u00edcia Civil de Minas Gerais, por meio da Delegacia de Repress\u00e3o a Crimes Contra o Patrim\u00f4nio da 3\u00aa Delegacia Regional de Pol\u00edcia Civil de Almenara, concluiu investiga\u00e7\u00e3o de crime de furto cometido mediante fraude em Almenara, na regi\u00e3o do Jequitinhonha.<\/p>\n\n\n\n<p>No dia 21\/06\/22, aportou na PCMG a not\u00edcia de um furto mediante fraude praticado na noite de 19\/06\/22, em Almenara. A v\u00edtima teria conhecido o autor em um estabelecimento comercial e o convidado para ir at\u00e9 a sua resid\u00eancia. L\u00e1, passado pouco tempo, o autor subtraiu o aparelho celular dela, sem que ela percebesse, dando falta do seu bem horas depois.<\/p>\n\n\n\n<p>Diante das informa\u00e7\u00f5es, ap\u00f3s diligente mobiliza\u00e7\u00e3o j\u00e1 no dia 22\/6\/22, a Equipe da PCMG conseguiu obter informa\u00e7\u00f5es sobre o poss\u00edvel suspeito do furto, sendo que, ap\u00f3s levantamentos no local de resid\u00eancia do indiv\u00edduo, ele foi avistado na posse de um aparelho celular.<\/p>\n\n\n\n<p>\u201cEm breve entrevista, o suspeito acabou por apresentar o celular subtra\u00eddo, um Xiaomi\/Redmi Note 10, de cor verde, avaliado em R$ 1.502,50. Foram realizadas, ainda, outras dilig\u00eancias com vistas \u00e0 arrecada\u00e7\u00e3o de mais elementos de prova, e o aparelho celular foi restitu\u00eddo \u00e0 v\u00edtima\u201d, disse o delegado Thiago de Carvalho Passos.<\/p>\n\n\n\n<p>A Pol\u00edcia Civil concluiu as investiga\u00e7\u00f5es no dia 05\/07\/22, com o indiciamento do investigado pela pr\u00e1tica do crime de furto mediante fraude, tendo sido o inqu\u00e9rito policial remetido \u00e0 Justi\u00e7a. (Informa\u00e7\u00f5es\/Foto: PCMG, dr. Thiago Carvalho.<\/p>\n","protected":false},"excerpt":{"rendered":"<p>Foi recuperado aparelho celular subtra\u00eddo da v\u00edtima e o investigado foi indiciado Almenara &#8211; A Pol\u00edcia Civil de Minas Gerais, por meio da Delegacia de Repress\u00e3o a Crimes Contra o Patrim\u00f4nio da 3\u00aa Delegacia Regional de Pol\u00edcia Civil de Almenara, concluiu investiga\u00e7\u00e3o de crime de furto cometido mediante fraude em Almenara, na regi\u00e3o do Jequitinhonha. [&hellip;]<\/p>\n","protected":false},"author":1,"featured_media":16006,"comment_status":"open","ping_status":"open","sticky":false,"template":"","format":"standard","meta":{"rop_custom_images_group":[],"rop_custom_messages_group":[],"rop_publish_now":"initial","rop_publish_now_accounts":[],"rop_publish_now_history":[],"rop_publish_now_status":"pending","footnotes":""},"categories":[20],"tags":[110,3734,4618,381,292],"class_list":["post-16005","post","type-post","status-publish","format-standard","has-post-thumbnail","hentry","category-policia","tag-almenara","tag-celular","tag-furto-mediante-fraude","tag-investigacao","tag-policia-civil"],"_links":{"self":[{"href":"https:\/\/diariotribuna.com.br\/index.php?rest_route=\/wp\/v2\/posts\/16005"}],"collection":[{"href":"https:\/\/diariotribuna.com.br\/index.php?rest_route=\/wp\/v2\/posts"}],"about":[{"href":"https:\/\/diariotribuna.com.br\/index.php?rest_route=\/wp\/v2\/types\/post"}],"author":[{"embeddable":true,"href":"https:\/\/diariotribuna.com.br\/index.php?rest_route=\/wp\/v2\/users\/1"}],"replies":[{"embeddable":true,"href":"https:\/\/diariotribuna.com.br\/index.php?rest_route=%2Fwp%2Fv2%2Fcomments&post=16005"}],"version-history":[{"count":1,"href":"https:\/\/diariotribuna.com.br\/index.php?rest_route=\/wp\/v2\/posts\/16005\/revisions"}],"predecessor-version":[{"id":16007,"href":"https:\/\/diariotribuna.com.br\/index.php?rest_route=\/wp\/v2\/posts\/16005\/revisions\/16007"}],"wp:featuredmedia":[{"embeddable":true,"href":"https:\/\/diariotribuna.com.br\/index.php?rest_route=\/wp\/v2\/media\/16006"}],"wp:attachment":[{"href":"https:\/\/diariotribuna.com.br\/index.php?rest_route=%2Fwp%2Fv2%2Fmedia&parent=16005"}],"wp:term":[{"taxonomy":"category","embeddable":true,"href":"https:\/\/diariotribuna.com.br\/index.php?rest_route=%2Fwp%2Fv2%2Fcategories&post=16005"},{"taxonomy":"post_tag","embeddable":true,"href":"https:\/\/diariotribuna.com.br\/index.php?rest_route=%2Fwp%2Fv2%2Ftags&post=16005"}],"curies":[{"name":"wp","href":"https:\/\/api.w.org\/{rel}","templated":true}]}}