{"id":16008,"date":"2022-07-14T23:28:15","date_gmt":"2022-07-15T02:28:15","guid":{"rendered":"https:\/\/diariotribuna.com.br\/?p=16008"},"modified":"2022-07-14T23:28:18","modified_gmt":"2022-07-15T02:28:18","slug":"policia-civil-deflagra-operacao-de-repressao-a-crimes-patrimoniais-em-almenara","status":"publish","type":"post","link":"https:\/\/diariotribuna.com.br\/?p=16008","title":{"rendered":"Pol\u00edcia Civil deflagra opera\u00e7\u00e3o de repress\u00e3o a crimes patrimoniais em Almenara"},"content":{"rendered":"\n<figure class=\"wp-block-image size-full is-resized is-style-default\"><img loading=\"lazy\" decoding=\"async\" src=\"https:\/\/diariotribuna.com.br\/wp-content\/uploads\/2022\/07\/41291c8f-533f-4789-a52c-fafef5826bab.jpg\" alt=\"\" class=\"wp-image-16009\" width=\"534\" height=\"349\" srcset=\"https:\/\/diariotribuna.com.br\/wp-content\/uploads\/2022\/07\/41291c8f-533f-4789-a52c-fafef5826bab.jpg 700w, https:\/\/diariotribuna.com.br\/wp-content\/uploads\/2022\/07\/41291c8f-533f-4789-a52c-fafef5826bab-300x196.jpg 300w, https:\/\/diariotribuna.com.br\/wp-content\/uploads\/2022\/07\/41291c8f-533f-4789-a52c-fafef5826bab-696x455.jpg 696w, https:\/\/diariotribuna.com.br\/wp-content\/uploads\/2022\/07\/41291c8f-533f-4789-a52c-fafef5826bab-642x420.jpg 642w\" sizes=\"(max-width: 534px) 100vw, 534px\" \/><\/figure>\n\n\n\n<p>A Pol\u00edcia Civil de Minas Gerais, por meio da Delegacia de Repress\u00e3o a Crimes Contra o Patrim\u00f4nio da 3\u00aa Delegacia Regional de Pol\u00edcia Civil de Almenara, realizou, na sexta-feira (08\/07), uma opera\u00e7\u00e3o para cumprimento de dois mandados de busca e apreens\u00e3o em Almenara, na regi\u00e3o do Vale do Jequitinhonha. A a\u00e7\u00e3o da Pol\u00edcia Civil teve como objetivo reunir elementos informativos relacionados a um crime de furto ocorrido no dia 05\/07\/22 no munic\u00edpio, al\u00e9m de recuperar o bem subtra\u00eddo.<\/p>\n\n\n\n<p>\u201cEsta \u00e9 mais uma a\u00e7\u00e3o da PCMG com foco nos crimes patrimoniais, buscando a identifica\u00e7\u00e3o dos receptadores e recupera\u00e7\u00e3o dos bens subtra\u00eddos, visando desmantelar a cadeia criminosa existente. Os alvos da opera\u00e7\u00e3o s\u00e3o indiv\u00edduos com diversos registros da pr\u00e1tica dos crimes de roubo, furto qualificado e outros\u201d, disse o Delegado Regional de Almenara, dr. Thiago de Carvalho Passos. O delegado informa que as investiga\u00e7\u00f5es prosseguem com vistas \u00e0 completa elucida\u00e7\u00e3o dos crimes praticados e responsabiliza\u00e7\u00e3o penal de todos os envolvidos. (Informa\u00e7\u00f5es\/Foto: PCMG, Almenara).<\/p>\n","protected":false},"excerpt":{"rendered":"<p>A Pol\u00edcia Civil de Minas Gerais, por meio da Delegacia de Repress\u00e3o a Crimes Contra o Patrim\u00f4nio da 3\u00aa Delegacia Regional de Pol\u00edcia Civil de Almenara, realizou, na sexta-feira (08\/07), uma opera\u00e7\u00e3o para cumprimento de dois mandados de busca e apreens\u00e3o em Almenara, na regi\u00e3o do Vale do Jequitinhonha. A a\u00e7\u00e3o da Pol\u00edcia Civil teve [&hellip;]<\/p>\n","protected":false},"author":1,"featured_media":16009,"comment_status":"open","ping_status":"open","sticky":false,"template":"","format":"standard","meta":{"rop_custom_images_group":[],"rop_custom_messages_group":[],"rop_publish_now":"initial","rop_publish_now_accounts":[],"rop_publish_now_history":[],"rop_publish_now_status":"pending","footnotes":""},"categories":[20],"tags":[110,4037,80,292,4619],"class_list":["post-16008","post","type-post","status-publish","format-standard","has-post-thumbnail","hentry","category-policia","tag-almenara","tag-crimes-patrimoniais","tag-operacao","tag-policia-civil","tag-repressao"],"_links":{"self":[{"href":"https:\/\/diariotribuna.com.br\/index.php?rest_route=\/wp\/v2\/posts\/16008"}],"collection":[{"href":"https:\/\/diariotribuna.com.br\/index.php?rest_route=\/wp\/v2\/posts"}],"about":[{"href":"https:\/\/diariotribuna.com.br\/index.php?rest_route=\/wp\/v2\/types\/post"}],"author":[{"embeddable":true,"href":"https:\/\/diariotribuna.com.br\/index.php?rest_route=\/wp\/v2\/users\/1"}],"replies":[{"embeddable":true,"href":"https:\/\/diariotribuna.com.br\/index.php?rest_route=%2Fwp%2Fv2%2Fcomments&post=16008"}],"version-history":[{"count":1,"href":"https:\/\/diariotribuna.com.br\/index.php?rest_route=\/wp\/v2\/posts\/16008\/revisions"}],"predecessor-version":[{"id":16010,"href":"https:\/\/diariotribuna.com.br\/index.php?rest_route=\/wp\/v2\/posts\/16008\/revisions\/16010"}],"wp:featuredmedia":[{"embeddable":true,"href":"https:\/\/diariotribuna.com.br\/index.php?rest_route=\/wp\/v2\/media\/16009"}],"wp:attachment":[{"href":"https:\/\/diariotribuna.com.br\/index.php?rest_route=%2Fwp%2Fv2%2Fmedia&parent=16008"}],"wp:term":[{"taxonomy":"category","embeddable":true,"href":"https:\/\/diariotribuna.com.br\/index.php?rest_route=%2Fwp%2Fv2%2Fcategories&post=16008"},{"taxonomy":"post_tag","embeddable":true,"href":"https:\/\/diariotribuna.com.br\/index.php?rest_route=%2Fwp%2Fv2%2Ftags&post=16008"}],"curies":[{"name":"wp","href":"https:\/\/api.w.org\/{rel}","templated":true}]}}