{"id":16015,"date":"2022-07-15T15:47:53","date_gmt":"2022-07-15T18:47:53","guid":{"rendered":"https:\/\/diariotribuna.com.br\/?p=16015"},"modified":"2022-07-15T15:47:54","modified_gmt":"2022-07-15T18:47:54","slug":"policias-civil-e-militar-cumprem-mandados-judiciais-em-itaobim","status":"publish","type":"post","link":"https:\/\/diariotribuna.com.br\/?p=16015","title":{"rendered":"Pol\u00edcias Civil e Militar cumprem mandados judiciais em Itaobim"},"content":{"rendered":"\n<figure class=\"wp-block-image size-full is-resized is-style-default\"><img loading=\"lazy\" decoding=\"async\" src=\"https:\/\/diariotribuna.com.br\/wp-content\/uploads\/2022\/07\/544909a0-11ae-484c-8b5d-75ac2bb89f1b.jpg\" alt=\"\" class=\"wp-image-16016\" width=\"480\" height=\"378\" srcset=\"https:\/\/diariotribuna.com.br\/wp-content\/uploads\/2022\/07\/544909a0-11ae-484c-8b5d-75ac2bb89f1b.jpg 700w, https:\/\/diariotribuna.com.br\/wp-content\/uploads\/2022\/07\/544909a0-11ae-484c-8b5d-75ac2bb89f1b-300x236.jpg 300w, https:\/\/diariotribuna.com.br\/wp-content\/uploads\/2022\/07\/544909a0-11ae-484c-8b5d-75ac2bb89f1b-696x548.jpg 696w, https:\/\/diariotribuna.com.br\/wp-content\/uploads\/2022\/07\/544909a0-11ae-484c-8b5d-75ac2bb89f1b-534x420.jpg 534w\" sizes=\"(max-width: 480px) 100vw, 480px\" \/><\/figure>\n\n\n\n<p>A Pol\u00edcia Civil de Minas Gerais, por meio da Delegacia de Itaobim, em conjunto com a Pol\u00edcia Militar, realizou na quarta-feira (29\/06), uma opera\u00e7\u00e3o conjunta no munic\u00edpio de Itaobim. A a\u00e7\u00e3o integrada teve como objetivo o cumprimento de mandado de pris\u00e3o preventiva, e mandado de busca e apreens\u00e3o expedido em detrimento dos investigados, o maior P.H.G.A. e um adolescente, pela pr\u00e1tica de homic\u00eddio qualificado ocorrido naquela cidade no dia 10\/06\/2022.<\/p>\n\n\n\n<p>A v\u00edtima, Igor Ramalho Dias, de 19 anos, foi atingida por seis disparos de arma de fogo, e morreu no local. A a\u00e7\u00e3o \u00e9 resultado de investiga\u00e7\u00f5es realizadas pela Pol\u00edcia Civil em Itaobim desde a data do crime. Nesta data foi preso o maior P.H.G.A., um dos autores do homic\u00eddio e as dilig\u00eancias prosseguem com vistas \u00e0 apreens\u00e3o do menor.<\/p>\n\n\n\n<p>Na ocasi\u00e3o, houve ainda a pris\u00e3o em flagrante de E.D.C., de 18 anos, que portava ilegalmente uma arma de fogo Taurus PT 638, calibre 380, com numera\u00e7\u00e3o suprimida. Os presos foram encaminhados ao hospital local e, posteriormente, apresentados \u00e0 delegacia de plant\u00e3o. <strong>Equipe &#8211;<\/strong> Delegado Regional: dr Henrique de Almeida Neri Franco. Delegada de Itaobim: dra Gabriela Andrade. Investigadores: Eddie Pincer, Ademi Moreira e Julimar Pereira. (Informa\u00e7\u00f5es\/Foto: PCMG\/ dra. Gabriela Andrade).<\/p>\n","protected":false},"excerpt":{"rendered":"<p>A Pol\u00edcia Civil de Minas Gerais, por meio da Delegacia de Itaobim, em conjunto com a Pol\u00edcia Militar, realizou na quarta-feira (29\/06), uma opera\u00e7\u00e3o conjunta no munic\u00edpio de Itaobim. A a\u00e7\u00e3o integrada teve como objetivo o cumprimento de mandado de pris\u00e3o preventiva, e mandado de busca e apreens\u00e3o expedido em detrimento dos investigados, o maior [&hellip;]<\/p>\n","protected":false},"author":1,"featured_media":16016,"comment_status":"open","ping_status":"open","sticky":false,"template":"","format":"standard","meta":{"rop_custom_images_group":[],"rop_custom_messages_group":[],"rop_publish_now":"initial","rop_publish_now_accounts":[],"rop_publish_now_history":[],"rop_publish_now_status":"pending","footnotes":""},"categories":[20],"tags":[387,4309,80,292,76],"class_list":["post-16015","post","type-post","status-publish","format-standard","has-post-thumbnail","hentry","category-policia","tag-itaobim","tag-mba","tag-operacao","tag-policia-civil","tag-policia-militar"],"_links":{"self":[{"href":"https:\/\/diariotribuna.com.br\/index.php?rest_route=\/wp\/v2\/posts\/16015"}],"collection":[{"href":"https:\/\/diariotribuna.com.br\/index.php?rest_route=\/wp\/v2\/posts"}],"about":[{"href":"https:\/\/diariotribuna.com.br\/index.php?rest_route=\/wp\/v2\/types\/post"}],"author":[{"embeddable":true,"href":"https:\/\/diariotribuna.com.br\/index.php?rest_route=\/wp\/v2\/users\/1"}],"replies":[{"embeddable":true,"href":"https:\/\/diariotribuna.com.br\/index.php?rest_route=%2Fwp%2Fv2%2Fcomments&post=16015"}],"version-history":[{"count":1,"href":"https:\/\/diariotribuna.com.br\/index.php?rest_route=\/wp\/v2\/posts\/16015\/revisions"}],"predecessor-version":[{"id":16017,"href":"https:\/\/diariotribuna.com.br\/index.php?rest_route=\/wp\/v2\/posts\/16015\/revisions\/16017"}],"wp:featuredmedia":[{"embeddable":true,"href":"https:\/\/diariotribuna.com.br\/index.php?rest_route=\/wp\/v2\/media\/16016"}],"wp:attachment":[{"href":"https:\/\/diariotribuna.com.br\/index.php?rest_route=%2Fwp%2Fv2%2Fmedia&parent=16015"}],"wp:term":[{"taxonomy":"category","embeddable":true,"href":"https:\/\/diariotribuna.com.br\/index.php?rest_route=%2Fwp%2Fv2%2Fcategories&post=16015"},{"taxonomy":"post_tag","embeddable":true,"href":"https:\/\/diariotribuna.com.br\/index.php?rest_route=%2Fwp%2Fv2%2Ftags&post=16015"}],"curies":[{"name":"wp","href":"https:\/\/api.w.org\/{rel}","templated":true}]}}